{"id":5082,"date":"2022-10-04T17:59:56","date_gmt":"2022-10-04T17:59:56","guid":{"rendered":"https:\/\/blogsaverroes.juntadeandalucia.es\/ceipduquederivas\/?p=5082"},"modified":"2022-10-04T18:21:48","modified_gmt":"2022-10-04T18:21:48","slug":"nuevo-curso-2022-23","status":"publish","type":"post","link":"https:\/\/blogsaverroes.juntadeandalucia.es\/ceipduquederivas\/nuevo-curso-2022-23\/","title":{"rendered":"NUEVO CURSO: 2022\/23."},"content":{"rendered":"<h1>\u00abSi ya no somos capaces de imaginar un futuro mejor, estamos jod&#8230;&#8230;s\u00bb<\/h1>\n<h3>Con el nuevo curso comienzan los nuevos proyectos, aunque sin olvidar los que empezaron y que a\u00fan contin\u00faan de uno u otro modo con nosotros.<a href=\"https:\/\/blogsaverroes.juntadeandalucia.es\/ceipduquederivas\/files\/2022\/10\/Foto-de-Antonio3.jpg\"><img fetchpriority=\"high\" decoding=\"async\" class=\"size-medium wp-image-5075 alignright\" src=\"https:\/\/blogsaverroes.juntadeandalucia.es\/ceipduquederivas\/files\/2022\/10\/Foto-de-Antonio3-169x300.jpg\" alt=\"\" width=\"169\" height=\"300\" srcset=\"https:\/\/blogsaverroes.juntadeandalucia.es\/ceipduquederivas\/files\/2022\/10\/Foto-de-Antonio3-169x300.jpg 169w, https:\/\/blogsaverroes.juntadeandalucia.es\/ceipduquederivas\/files\/2022\/10\/Foto-de-Antonio3-576x1024.jpg 576w, https:\/\/blogsaverroes.juntadeandalucia.es\/ceipduquederivas\/files\/2022\/10\/Foto-de-Antonio3-768x1366.jpg 768w, https:\/\/blogsaverroes.juntadeandalucia.es\/ceipduquederivas\/files\/2022\/10\/Foto-de-Antonio3-864x1536.jpg 864w, https:\/\/blogsaverroes.juntadeandalucia.es\/ceipduquederivas\/files\/2022\/10\/Foto-de-Antonio3.jpg 899w\" sizes=\"(max-width: 169px) 100vw, 169px\" \/><\/a><\/h3>\n<p>El primero de ellos :&nbsp; &nbsp; &nbsp; &nbsp; &nbsp; &nbsp;<img decoding=\"async\" class=\"alignright\" src=\"https:\/\/lanochedelosinvestigadores.fundaciondescubre.es\/files\/2022\/04\/logo-noche-22.png\" alt=\"La Noche Europea de los Investigadores - Fundaci\u00f3n Descubre\"><\/p>\n<h1 class=\"titular\">Feria de los Peque\u00f1os Grandes Investigadores<\/h1>\n<div class=\"organiza\">Organiza:&nbsp;<a title=\"IMGEMA Real Jard\u00edn Bot\u00e1nico de C\u00f3rdoba\" role=\"link\" href=\"https:\/\/lanochedelosinvestigadores.fundaciondescubre.es\/organizadores\/imgema-real-jardin-botanico-de-cordoba\/\">IMGEMA Real Jard\u00edn Bot\u00e1nico de C\u00f3rdoba<\/a><a href=\"https:\/\/blogsaverroes.juntadeandalucia.es\/ceipduquederivas\/files\/2022\/10\/Foto-de-Antonio5.jpg\"><img decoding=\"async\" class=\"size-medium wp-image-5077 alignright\" src=\"https:\/\/blogsaverroes.juntadeandalucia.es\/ceipduquederivas\/files\/2022\/10\/Foto-de-Antonio5-169x300.jpg\" alt=\"\" width=\"169\" height=\"300\" srcset=\"https:\/\/blogsaverroes.juntadeandalucia.es\/ceipduquederivas\/files\/2022\/10\/Foto-de-Antonio5-169x300.jpg 169w, https:\/\/blogsaverroes.juntadeandalucia.es\/ceipduquederivas\/files\/2022\/10\/Foto-de-Antonio5-576x1024.jpg 576w, https:\/\/blogsaverroes.juntadeandalucia.es\/ceipduquederivas\/files\/2022\/10\/Foto-de-Antonio5-768x1366.jpg 768w, https:\/\/blogsaverroes.juntadeandalucia.es\/ceipduquederivas\/files\/2022\/10\/Foto-de-Antonio5-864x1536.jpg 864w, https:\/\/blogsaverroes.juntadeandalucia.es\/ceipduquederivas\/files\/2022\/10\/Foto-de-Antonio5.jpg 899w\" sizes=\"(max-width: 169px) 100vw, 169px\" \/><\/a><\/div>\n<div>&nbsp;<\/div>\n<div class=\"organiza\"><a href=\"https:\/\/blogsaverroes.juntadeandalucia.es\/ceipduquederivas\/files\/2022\/10\/Foto-de-Antonio2.jpg\"><img decoding=\"async\" class=\"size-medium wp-image-5074 alignleft\" src=\"https:\/\/blogsaverroes.juntadeandalucia.es\/ceipduquederivas\/files\/2022\/10\/Foto-de-Antonio2-225x300.jpg\" alt=\"\" width=\"225\" height=\"300\" srcset=\"https:\/\/blogsaverroes.juntadeandalucia.es\/ceipduquederivas\/files\/2022\/10\/Foto-de-Antonio2-225x300.jpg 225w, https:\/\/blogsaverroes.juntadeandalucia.es\/ceipduquederivas\/files\/2022\/10\/Foto-de-Antonio2-768x1024.jpg 768w, https:\/\/blogsaverroes.juntadeandalucia.es\/ceipduquederivas\/files\/2022\/10\/Foto-de-Antonio2-1152x1536.jpg 1152w, https:\/\/blogsaverroes.juntadeandalucia.es\/ceipduquederivas\/files\/2022\/10\/Foto-de-Antonio2.jpg 1200w\" sizes=\"(max-width: 225px) 100vw, 225px\" \/><\/a>Nuestros alumn@s del primer ciclo de primaria se desplazaron, el pasado 30 de septiembre, junto a su tutora Bel\u00e9n y el maestro Antonio, hasta el Jard\u00edn Bot\u00e1nico para presentar al resto de centros educativos de C\u00f3rdoba nuestra actividad cient\u00edfica de Incubaci\u00f3n de pollitos&nbsp; &nbsp;que hicimos en el cole durante el curso 2021\/22.<\/div>\n<div>&nbsp;<\/div>\n<div>\n<p>La ma\u00f1ana la pasaron junto a alumn@s de otros coles, orgullosos de su proyecto y con la ilusi\u00f3n de poder ganar un premio para su cole. Entre risas y descubrimientos lleg\u00f3 la hora de que el jurado evaluase los proyectos y entregara los premios, otorgando a nuestro proyecto el tercer premio que recogieron los alumn@s con una gran emoci\u00f3n.<a href=\"https:\/\/blogsaverroes.juntadeandalucia.es\/ceipduquederivas\/files\/2022\/10\/Foto-de-Antonio.jpg\"><img loading=\"lazy\" decoding=\"async\" class=\"size-medium wp-image-5080 alignleft\" src=\"https:\/\/blogsaverroes.juntadeandalucia.es\/ceipduquederivas\/files\/2022\/10\/Foto-de-Antonio-300x169.jpg\" alt=\"\" width=\"300\" height=\"169\" srcset=\"https:\/\/blogsaverroes.juntadeandalucia.es\/ceipduquederivas\/files\/2022\/10\/Foto-de-Antonio-300x169.jpg 300w, https:\/\/blogsaverroes.juntadeandalucia.es\/ceipduquederivas\/files\/2022\/10\/Foto-de-Antonio-1024x576.jpg 1024w, https:\/\/blogsaverroes.juntadeandalucia.es\/ceipduquederivas\/files\/2022\/10\/Foto-de-Antonio-768x432.jpg 768w, https:\/\/blogsaverroes.juntadeandalucia.es\/ceipduquederivas\/files\/2022\/10\/Foto-de-Antonio-1536x864.jpg 1536w, https:\/\/blogsaverroes.juntadeandalucia.es\/ceipduquederivas\/files\/2022\/10\/Foto-de-Antonio.jpg 1599w\" sizes=\"(max-width: 300px) 100vw, 300px\" \/><\/a><\/p>\n<p><a href=\"https:\/\/blogsaverroes.juntadeandalucia.es\/ceipduquederivas\/files\/2022\/10\/Foto-de-Antonio7.jpg\"><img loading=\"lazy\" decoding=\"async\" class=\"size-medium wp-image-5079 alignright\" src=\"https:\/\/blogsaverroes.juntadeandalucia.es\/ceipduquederivas\/files\/2022\/10\/Foto-de-Antonio7-225x300.jpg\" alt=\"\" width=\"225\" height=\"300\" srcset=\"https:\/\/blogsaverroes.juntadeandalucia.es\/ceipduquederivas\/files\/2022\/10\/Foto-de-Antonio7-225x300.jpg 225w, https:\/\/blogsaverroes.juntadeandalucia.es\/ceipduquederivas\/files\/2022\/10\/Foto-de-Antonio7-768x1024.jpg 768w, https:\/\/blogsaverroes.juntadeandalucia.es\/ceipduquederivas\/files\/2022\/10\/Foto-de-Antonio7-1152x1536.jpg 1152w, https:\/\/blogsaverroes.juntadeandalucia.es\/ceipduquederivas\/files\/2022\/10\/Foto-de-Antonio7.jpg 1200w\" sizes=\"(max-width: 225px) 100vw, 225px\" \/><\/a><\/p>\n<!--[if lt IE 9]><script>document.createElement('audio');<\/script><![endif]-->\n<audio class=\"wp-audio-shortcode\" id=\"audio-5082-1\" loop=\"1\" autoplay=\"1\" preload=\"auto\" style=\"width: 100%;\" controls=\"controls\"><source type=\"audio\/mpeg\" src=\"https:\/\/blogsaverroes.juntadeandalucia.es\/ceipduquederivas\/files\/2022\/10\/LOUIS-AMSTRONG-WONDERFULL-WORLD-HD-audio_JcvwoFkCMSk.mp3?_=1\" \/><a href=\"https:\/\/blogsaverroes.juntadeandalucia.es\/ceipduquederivas\/files\/2022\/10\/LOUIS-AMSTRONG-WONDERFULL-WORLD-HD-audio_JcvwoFkCMSk.mp3\">https:\/\/blogsaverroes.juntadeandalucia.es\/ceipduquederivas\/files\/2022\/10\/LOUIS-AMSTRONG-WONDERFULL-WORLD-HD-audio_JcvwoFkCMSk.mp3<\/a><\/audio>\n<\/div>\n","protected":false},"excerpt":{"rendered":"<p>\u00abSi ya no somos capaces de imaginar un futuro mejor, estamos jod&#8230;&#8230;s\u00bb Con el nuevo curso comienzan los nuevos proyectos, aunque sin olvidar los que empezaron y que a\u00fan contin\u00faan de uno u otro&#46;&#46;&#46;<\/p>\n","protected":false},"author":9751,"featured_media":5087,"comment_status":"open","ping_status":"open","sticky":false,"template":"","format":"standard","meta":{"ngg_post_thumbnail":0,"footnotes":""},"categories":[11909],"tags":[],"aioseo_notices":[],"_links":{"self":[{"href":"https:\/\/blogsaverroes.juntadeandalucia.es\/ceipduquederivas\/wp-json\/wp\/v2\/posts\/5082"}],"collection":[{"href":"https:\/\/blogsaverroes.juntadeandalucia.es\/ceipduquederivas\/wp-json\/wp\/v2\/posts"}],"about":[{"href":"https:\/\/blogsaverroes.juntadeandalucia.es\/ceipduquederivas\/wp-json\/wp\/v2\/types\/post"}],"author":[{"embeddable":true,"href":"https:\/\/blogsaverroes.juntadeandalucia.es\/ceipduquederivas\/wp-json\/wp\/v2\/users\/9751"}],"replies":[{"embeddable":true,"href":"https:\/\/blogsaverroes.juntadeandalucia.es\/ceipduquederivas\/wp-json\/wp\/v2\/comments?post=5082"}],"version-history":[{"count":11,"href":"https:\/\/blogsaverroes.juntadeandalucia.es\/ceipduquederivas\/wp-json\/wp\/v2\/posts\/5082\/revisions"}],"predecessor-version":[{"id":5097,"href":"https:\/\/blogsaverroes.juntadeandalucia.es\/ceipduquederivas\/wp-json\/wp\/v2\/posts\/5082\/revisions\/5097"}],"wp:featuredmedia":[{"embeddable":true,"href":"https:\/\/blogsaverroes.juntadeandalucia.es\/ceipduquederivas\/wp-json\/wp\/v2\/media\/5087"}],"wp:attachment":[{"href":"https:\/\/blogsaverroes.juntadeandalucia.es\/ceipduquederivas\/wp-json\/wp\/v2\/media?parent=5082"}],"wp:term":[{"taxonomy":"category","embeddable":true,"href":"https:\/\/blogsaverroes.juntadeandalucia.es\/ceipduquederivas\/wp-json\/wp\/v2\/categories?post=5082"},{"taxonomy":"post_tag","embeddable":true,"href":"https:\/\/blogsaverroes.juntadeandalucia.es\/ceipduquederivas\/wp-json\/wp\/v2\/tags?post=5082"}],"curies":[{"name":"wp","href":"https:\/\/api.w.org\/{rel}","templated":true}]}}