{"id":5515,"date":"2023-02-15T21:58:10","date_gmt":"2023-02-15T21:58:10","guid":{"rendered":"https:\/\/blogsaverroes.juntadeandalucia.es\/ceipduquederivas\/?p=5515"},"modified":"2023-02-16T07:28:28","modified_gmt":"2023-02-16T07:28:28","slug":"dia-13-de-febrero-dia-mundial-de-la-radio-vuelve-el-duque-de-rivas-en-las-ondas","status":"publish","type":"post","link":"https:\/\/blogsaverroes.juntadeandalucia.es\/ceipduquederivas\/dia-13-de-febrero-dia-mundial-de-la-radio-vuelve-el-duque-de-rivas-en-las-ondas\/","title":{"rendered":"D\u00eda 13 de febrero D\u00eda Mundial de la Radio. Vuelve \u00abEl Duque de Rivas en las Ondas\u00bb"},"content":{"rendered":"<p><strong>Proclamado en 2011 por los Estados Miembros de la UNESCO y adoptado por la Asamblea General de las Naciones Unidas en 2012 como D\u00eda Internacional, el 13 de febrero se convirti\u00f3 en el D\u00eda Mundial de la Radio (DMR). Coincidiendo con esta fecha los alumn@s de 1\u00ba ESO, acompa\u00f1ados de su tutora Lucia,&nbsp; fueron a Onda Palmeras para realizar la primera grabaci\u00f3n de este curso 2022\/23.&nbsp;<\/strong><\/p>\n<p><a href=\"https:\/\/blogsaverroes.juntadeandalucia.es\/ceipduquederivas\/files\/2023\/02\/Gray-Blue-Radio-Host-Illustration-World-Radio-Day-Poster.jpg\"><img fetchpriority=\"high\" decoding=\"async\" class=\"alignnone size-medium wp-image-5521\" src=\"https:\/\/blogsaverroes.juntadeandalucia.es\/ceipduquederivas\/files\/2023\/02\/Gray-Blue-Radio-Host-Illustration-World-Radio-Day-Poster-212x300.jpg\" alt=\"\" width=\"1586\" height=\"2244\" srcset=\"https:\/\/blogsaverroes.juntadeandalucia.es\/ceipduquederivas\/files\/2023\/02\/Gray-Blue-Radio-Host-Illustration-World-Radio-Day-Poster-212x300.jpg 212w, https:\/\/blogsaverroes.juntadeandalucia.es\/ceipduquederivas\/files\/2023\/02\/Gray-Blue-Radio-Host-Illustration-World-Radio-Day-Poster-724x1024.jpg 724w, https:\/\/blogsaverroes.juntadeandalucia.es\/ceipduquederivas\/files\/2023\/02\/Gray-Blue-Radio-Host-Illustration-World-Radio-Day-Poster-768x1086.jpg 768w, https:\/\/blogsaverroes.juntadeandalucia.es\/ceipduquederivas\/files\/2023\/02\/Gray-Blue-Radio-Host-Illustration-World-Radio-Day-Poster-1086x1536.jpg 1086w, https:\/\/blogsaverroes.juntadeandalucia.es\/ceipduquederivas\/files\/2023\/02\/Gray-Blue-Radio-Host-Illustration-World-Radio-Day-Poster-1448x2048.jpg 1448w, https:\/\/blogsaverroes.juntadeandalucia.es\/ceipduquederivas\/files\/2023\/02\/Gray-Blue-Radio-Host-Illustration-World-Radio-Day-Poster.jpg 1587w\" sizes=\"(max-width: 1586px) 100vw, 1586px\" \/><\/a><\/p>\n<div class=\"field field--name-field-title field--type-string field--label-hidden field__item\">\n<h2>D\u00eda Mundial de la Radio 2023<\/h2>\n<\/div>\n<div class=\"rich-text clearfix text-formatted field field--name-field-text field--type-text-long field--label-hidden field__item\">\n<p>El tema de la 12\u00aa edici\u00f3n del D\u00eda Mundial de la Radio, que se celebrar\u00e1 el 13 de febrero de 2023, es \u00ab<strong>Radio y Paz<\/strong>\u00ab.<\/p>\n<p>La guerra, como ant\u00f3nimo de la paz, significa un conflicto armado entre pa\u00edses o grupos dentro de un pa\u00eds, pero tambi\u00e9n puede traducirse en un conflicto de narrativas medi\u00e1ticas.&nbsp; Al informar al p\u00fablico en general, las emisoras de radio moldean la opini\u00f3n p\u00fablica y enmarcan una narrativa que puede influir en las situaciones nacionales e internacionales y en los procesos de toma de decisiones.<\/p>\n<p>\u00ab<em>&#8230; puesto que las guerras nacen en la mente de los hombres, es en la mente de los hombres donde deben erigirse los baluartes de la paz<\/em>\u00ab.&nbsp;<\/p>\n<p>Este programa de radio no podr\u00eda haberse realizado sin la colaboraci\u00f3n de tod@s los maestr@s de nuestro centro ya que ha sido en nuestro centro donde se han preparado los audios y grabado. As\u00ed por ejemplo hay audios de Educaci\u00f3n Infantil (Poes\u00eda del Oto\u00f1o), audios del tercer ciclo (Cuento de Pinocho) y el mayor n\u00famero de audios han sido de nuestros protagonistas del programa, los ni\u00f1@s de primero de la ESO que junto a su tutora han elaborado el gui\u00f3n del programa y realizando audios de Haloween, D\u00eda del Flamenco y D\u00eda escolar de la no Violencia y la Paz.<\/p>\n<p>Os dejo con el audio del programa y reitero mi agradecimiento a tod@s por vuestro esfuerzo por continuar con este proyecto.<\/p>\n<p><iframe src=\"https:\/\/www.ivoox.com\/player_ej_103156706_6_1.html?c1=1b8bc3\" height=\"200\" frameborder=\"0\" scrolling=\"no\"><\/iframe><\/p>\n<p>Regresa a Onda Palmera<a href=\"https:\/\/blogsaverroes.juntadeandalucia.es\/ceipduquederivas\/files\/2023\/02\/331410431_570880714940140_6968017944572437555_n.jpg\"><img decoding=\"async\" class=\"size-medium wp-image-5524 alignleft\" src=\"https:\/\/blogsaverroes.juntadeandalucia.es\/ceipduquederivas\/files\/2023\/02\/331410431_570880714940140_6968017944572437555_n-300x169.jpg\" alt=\"\" width=\"300\" height=\"169\" srcset=\"https:\/\/blogsaverroes.juntadeandalucia.es\/ceipduquederivas\/files\/2023\/02\/331410431_570880714940140_6968017944572437555_n-300x169.jpg 300w, https:\/\/blogsaverroes.juntadeandalucia.es\/ceipduquederivas\/files\/2023\/02\/331410431_570880714940140_6968017944572437555_n.jpg 350w\" sizes=\"(max-width: 300px) 100vw, 300px\" \/><\/a>s el programa \u00abEl Duque en las ondas\u00bb. En esta ocasi\u00f3n nos presentan diferentes audios que han grabado con motivo del d\u00eda de la paz, Halloween, d\u00eda del flamenco y la llegada del oto\u00f1o.<br \/>\nEsc\u00fachalo en:<br \/>\n<span class=\"_5mfr\"><span class=\"_6qdm\">\u25b6<\/span><\/span>Ivoox:&nbsp;<a href=\"https:\/\/go.ivoox.com\/rf\/103156706\" target=\"_blank\" rel=\"nofollow noopener noreferrer\" data-ft=\"{&quot;tn&quot;:&quot;-U&quot;}\" data-lynx-mode=\"asynclazy\" data-lynx-uri=\"https:\/\/l.facebook.com\/l.php?u=https%3A%2F%2Fgo.ivoox.com%2Frf%2F103156706&amp;h=AT0X7fmmbHPYUJvsOwI8OoZPYJemvAMDMZ5N2Ut-Sx3Q-LQy7Caz0udQY599X5Xa4FOZz7BklfxCP_-TSbcEAb1gnX6Ob5x3DLcBbY70mxwHvlAvgjtepVF08i_UMKDLVXDD0TNI7RuneueyC_WqLplxAmFJJLPdMmTT7SnyTuhWb7c3cg\">https:\/\/go.ivoox.com\/rf\/103156706<\/a><br \/>\n<span class=\"_5mfr\"><span class=\"_6qdm\">\u25b6<\/span><\/span>Nuestra Web:&nbsp;<a href=\"http:\/\/ondapalmeras.org\/programas-escolares\/\" target=\"_blank\" rel=\"nofollow noopener noreferrer\" data-ft=\"{&quot;tn&quot;:&quot;-U&quot;}\" data-lynx-mode=\"asynclazy\" data-lynx-uri=\"https:\/\/l.facebook.com\/l.php?u=http%3A%2F%2Fondapalmeras.org%2Fprogramas-escolares%2F&amp;h=AT170fUfxXh6sE9hK6r4w6qvxVx5Vp_d9M5z9R2wD6GXRqNrxiS4KWMFkhyIE8rhZTus8nC6jf4UjwYLZ2MPQbC2roskQKD4hm6E6hE-C-6E-QX6JCzt2hawa-ytuvDoRv1TkRljqXauYmhOxSyfU7DGNgIpEEJZFoczLFDgiZ5DHro_3w\">http:\/\/ondapalmeras.org\/programas-escolares\/<\/a><\/p>\n<\/div>\n","protected":false},"excerpt":{"rendered":"<p>Proclamado en 2011 por los Estados Miembros de la UNESCO y adoptado por la Asamblea General de las Naciones Unidas en 2012 como D\u00eda Internacional, el 13 de febrero se convirti\u00f3 en el D\u00eda&#46;&#46;&#46;<\/p>\n","protected":false},"author":9751,"featured_media":5519,"comment_status":"open","ping_status":"open","sticky":false,"template":"","format":"standard","meta":{"ngg_post_thumbnail":0,"footnotes":""},"categories":[11909],"tags":[],"aioseo_notices":[],"_links":{"self":[{"href":"https:\/\/blogsaverroes.juntadeandalucia.es\/ceipduquederivas\/wp-json\/wp\/v2\/posts\/5515"}],"collection":[{"href":"https:\/\/blogsaverroes.juntadeandalucia.es\/ceipduquederivas\/wp-json\/wp\/v2\/posts"}],"about":[{"href":"https:\/\/blogsaverroes.juntadeandalucia.es\/ceipduquederivas\/wp-json\/wp\/v2\/types\/post"}],"author":[{"embeddable":true,"href":"https:\/\/blogsaverroes.juntadeandalucia.es\/ceipduquederivas\/wp-json\/wp\/v2\/users\/9751"}],"replies":[{"embeddable":true,"href":"https:\/\/blogsaverroes.juntadeandalucia.es\/ceipduquederivas\/wp-json\/wp\/v2\/comments?post=5515"}],"version-history":[{"count":7,"href":"https:\/\/blogsaverroes.juntadeandalucia.es\/ceipduquederivas\/wp-json\/wp\/v2\/posts\/5515\/revisions"}],"predecessor-version":[{"id":5527,"href":"https:\/\/blogsaverroes.juntadeandalucia.es\/ceipduquederivas\/wp-json\/wp\/v2\/posts\/5515\/revisions\/5527"}],"wp:featuredmedia":[{"embeddable":true,"href":"https:\/\/blogsaverroes.juntadeandalucia.es\/ceipduquederivas\/wp-json\/wp\/v2\/media\/5519"}],"wp:attachment":[{"href":"https:\/\/blogsaverroes.juntadeandalucia.es\/ceipduquederivas\/wp-json\/wp\/v2\/media?parent=5515"}],"wp:term":[{"taxonomy":"category","embeddable":true,"href":"https:\/\/blogsaverroes.juntadeandalucia.es\/ceipduquederivas\/wp-json\/wp\/v2\/categories?post=5515"},{"taxonomy":"post_tag","embeddable":true,"href":"https:\/\/blogsaverroes.juntadeandalucia.es\/ceipduquederivas\/wp-json\/wp\/v2\/tags?post=5515"}],"curies":[{"name":"wp","href":"https:\/\/api.w.org\/{rel}","templated":true}]}}