{"id":6636,"date":"2022-04-07T18:20:58","date_gmt":"2022-04-07T17:20:58","guid":{"rendered":"https:\/\/blogsaverroes.juntadeandalucia.es\/ceipelalmendralcarmona\/?p=6636"},"modified":"2022-04-14T11:41:58","modified_gmt":"2022-04-14T10:41:58","slug":"proa-plus-transformate","status":"publish","type":"post","link":"https:\/\/blogsaverroes.juntadeandalucia.es\/ceipelalmendralcarmona\/2022\/04\/07\/proa-plus-transformate\/","title":{"rendered":"PROA PLUS TRANSF\u00d3RMATE: Equinoterapia en el Aula Espec\u00edfica."},"content":{"rendered":"<p style=\"text-align: justify\">Desde el programa \u00abPROA PLUS TRANSF\u00d3RMATE\u00bb el alumnado del Aula Espec\u00edfica ha participado en una jornada de equinoterapia donde aportan beneficios f\u00edsicos como el desarrollo muscular, el incremento de la coordinaci\u00f3n, la resistencia, el equilibrio y la fuerza, y la mejora de la capacidad motora; y beneficios psicol\u00f3gicos se basan en la mejora de la autoestima, de la autonom\u00eda y el autocontrol, la confianza en nosotros mismos, la capacidad de atenci\u00f3n, la memorizaci\u00f3n y el respeto por la naturaleza y los animales.<\/p>\n<div class=\"embed-container\"><iframe loading=\"lazy\" title=\"EQUINOTERAPIA EN EL AULA ESPEC\u00cdFICA\" width=\"750\" height=\"563\" src=\"https:\/\/www.youtube.com\/embed\/7V9KV8Z6LvM?feature=oembed\" frameborder=\"0\" allow=\"accelerometer; autoplay; clipboard-write; encrypted-media; gyroscope; picture-in-picture; web-share\" referrerpolicy=\"strict-origin-when-cross-origin\" allowfullscreen><\/iframe><\/div>\n<p>Para acceder a las fotos pincha en el siguiente enlace&#8230;&nbsp; <a href=\"https:\/\/photos.app.goo.gl\/m1JW7427gLirXHaL9\" target=\"_blank\" rel=\"noopener noreferrer\">Equinoterapia en el Aula Espec\u00edfica.<\/a><\/p>\n","protected":false},"excerpt":{"rendered":"<p>Desde el programa \u00abPROA PLUS TRANSF\u00d3RMATE\u00bb el alumnado del Aula Espec\u00edfica ha participado en una jornada de equinoterapia donde aportan beneficios f\u00edsicos como el desarrollo muscular, el incremento de la coordinaci\u00f3n, la resistencia, el equilibrio y la fuerza, y la mejora de la capacidad motora; y beneficios psicol\u00f3gicos se basan en la mejora de la autoestima, de la autonom\u00eda y el autocontrol, la confianza en nosotros mismos, la capacidad de atenci\u00f3n, la memorizaci\u00f3n y el respeto por la naturaleza y los animales.<\/p>\n","protected":false},"author":2517,"featured_media":6633,"comment_status":"open","ping_status":"open","sticky":false,"template":"","format":"standard","meta":{"ngg_post_thumbnail":0,"footnotes":""},"categories":[720363,307390,720383],"tags":[],"aioseo_notices":[],"_links":{"self":[{"href":"https:\/\/blogsaverroes.juntadeandalucia.es\/ceipelalmendralcarmona\/wp-json\/wp\/v2\/posts\/6636"}],"collection":[{"href":"https:\/\/blogsaverroes.juntadeandalucia.es\/ceipelalmendralcarmona\/wp-json\/wp\/v2\/posts"}],"about":[{"href":"https:\/\/blogsaverroes.juntadeandalucia.es\/ceipelalmendralcarmona\/wp-json\/wp\/v2\/types\/post"}],"author":[{"embeddable":true,"href":"https:\/\/blogsaverroes.juntadeandalucia.es\/ceipelalmendralcarmona\/wp-json\/wp\/v2\/users\/2517"}],"replies":[{"embeddable":true,"href":"https:\/\/blogsaverroes.juntadeandalucia.es\/ceipelalmendralcarmona\/wp-json\/wp\/v2\/comments?post=6636"}],"version-history":[{"count":5,"href":"https:\/\/blogsaverroes.juntadeandalucia.es\/ceipelalmendralcarmona\/wp-json\/wp\/v2\/posts\/6636\/revisions"}],"predecessor-version":[{"id":6664,"href":"https:\/\/blogsaverroes.juntadeandalucia.es\/ceipelalmendralcarmona\/wp-json\/wp\/v2\/posts\/6636\/revisions\/6664"}],"wp:featuredmedia":[{"embeddable":true,"href":"https:\/\/blogsaverroes.juntadeandalucia.es\/ceipelalmendralcarmona\/wp-json\/wp\/v2\/media\/6633"}],"wp:attachment":[{"href":"https:\/\/blogsaverroes.juntadeandalucia.es\/ceipelalmendralcarmona\/wp-json\/wp\/v2\/media?parent=6636"}],"wp:term":[{"taxonomy":"category","embeddable":true,"href":"https:\/\/blogsaverroes.juntadeandalucia.es\/ceipelalmendralcarmona\/wp-json\/wp\/v2\/categories?post=6636"},{"taxonomy":"post_tag","embeddable":true,"href":"https:\/\/blogsaverroes.juntadeandalucia.es\/ceipelalmendralcarmona\/wp-json\/wp\/v2\/tags?post=6636"}],"curies":[{"name":"wp","href":"https:\/\/api.w.org\/{rel}","templated":true}]}}