{"id":8239,"date":"2024-12-21T19:03:20","date_gmt":"2024-12-21T18:03:20","guid":{"rendered":"https:\/\/blogsaverroes.juntadeandalucia.es\/ceipelalmendralcarmona\/?p=8239"},"modified":"2024-12-21T19:29:06","modified_gmt":"2024-12-21T18:29:06","slug":"dia-de-la-constitucion","status":"publish","type":"post","link":"https:\/\/blogsaverroes.juntadeandalucia.es\/ceipelalmendralcarmona\/2024\/12\/21\/dia-de-la-constitucion\/","title":{"rendered":"D\u00cdA DE LA CONSTITUCI\u00d3N."},"content":{"rendered":"<p><a href=\"https:\/\/blogsaverroes.juntadeandalucia.es\/ceipelalmendralcarmona\/files\/2024\/12\/2173716-qnw8eycy2eyqzkjtk9u2otpwcurttmjrnep8y3mhtw.jpg\"><img loading=\"lazy\" decoding=\"async\" class=\"alignnone size-full wp-image-8254\" src=\"https:\/\/blogsaverroes.juntadeandalucia.es\/ceipelalmendralcarmona\/files\/2024\/12\/2173716-qnw8eycy2eyqzkjtk9u2otpwcurttmjrnep8y3mhtw.jpg\" alt=\"\" width=\"500\" height=\"250\" srcset=\"https:\/\/blogsaverroes.juntadeandalucia.es\/ceipelalmendralcarmona\/files\/2024\/12\/2173716-qnw8eycy2eyqzkjtk9u2otpwcurttmjrnep8y3mhtw.jpg 500w, https:\/\/blogsaverroes.juntadeandalucia.es\/ceipelalmendralcarmona\/files\/2024\/12\/2173716-qnw8eycy2eyqzkjtk9u2otpwcurttmjrnep8y3mhtw-300x150.jpg 300w\" sizes=\"(max-width: 500px) 100vw, 500px\" \/><\/a><\/p>\n<p>Pulsando los siguientes enlaces pod\u00e9is ver fotos y v\u00eddeo de todas las actividades realizadas, entre ellas la asistencia a un Pleno Municipal con el alcalde.<\/p>\n<p><a href=\"https:\/\/drive.google.com\/drive\/folders\/1ZNlJzr-vLml936rZ7zZmeABfV65irWId?usp=drive_link\" target=\"_blank\" rel=\"noopener\">D\u00cdA DE LA CONSTITUCI\u00d3N.<\/a><\/p>\n<p><a href=\"https:\/\/drive.google.com\/file\/d\/1w5p9f6Yw6p6B7q8yq6AkZ5PS5se8TK5U\/view?usp=drive_link\" target=\"_blank\" rel=\"noopener\">V\u00cdDEO LA CONSTITUCI\u00d3N. 2\u00baA.<\/a><\/p>\n<p>&nbsp;<\/p>\n","protected":false},"excerpt":{"rendered":"<p>Pulsando los siguientes enlaces pod\u00e9is ver fotos y v\u00eddeo de todas las actividades realizadas, entre ellas la asistencia a un Pleno Municipal con el alcalde. D\u00cdA DE LA CONSTITUCI\u00d3N. V\u00cdDEO LA CONSTITUCI\u00d3N. 2\u00baA. &nbsp;<\/p>\n","protected":false},"author":2517,"featured_media":8254,"comment_status":"open","ping_status":"open","sticky":false,"template":"","format":"standard","meta":{"ngg_post_thumbnail":0,"footnotes":""},"categories":[720390,720351,307390,526],"tags":[],"aioseo_notices":[],"_links":{"self":[{"href":"https:\/\/blogsaverroes.juntadeandalucia.es\/ceipelalmendralcarmona\/wp-json\/wp\/v2\/posts\/8239"}],"collection":[{"href":"https:\/\/blogsaverroes.juntadeandalucia.es\/ceipelalmendralcarmona\/wp-json\/wp\/v2\/posts"}],"about":[{"href":"https:\/\/blogsaverroes.juntadeandalucia.es\/ceipelalmendralcarmona\/wp-json\/wp\/v2\/types\/post"}],"author":[{"embeddable":true,"href":"https:\/\/blogsaverroes.juntadeandalucia.es\/ceipelalmendralcarmona\/wp-json\/wp\/v2\/users\/2517"}],"replies":[{"embeddable":true,"href":"https:\/\/blogsaverroes.juntadeandalucia.es\/ceipelalmendralcarmona\/wp-json\/wp\/v2\/comments?post=8239"}],"version-history":[{"count":4,"href":"https:\/\/blogsaverroes.juntadeandalucia.es\/ceipelalmendralcarmona\/wp-json\/wp\/v2\/posts\/8239\/revisions"}],"predecessor-version":[{"id":8260,"href":"https:\/\/blogsaverroes.juntadeandalucia.es\/ceipelalmendralcarmona\/wp-json\/wp\/v2\/posts\/8239\/revisions\/8260"}],"wp:featuredmedia":[{"embeddable":true,"href":"https:\/\/blogsaverroes.juntadeandalucia.es\/ceipelalmendralcarmona\/wp-json\/wp\/v2\/media\/8254"}],"wp:attachment":[{"href":"https:\/\/blogsaverroes.juntadeandalucia.es\/ceipelalmendralcarmona\/wp-json\/wp\/v2\/media?parent=8239"}],"wp:term":[{"taxonomy":"category","embeddable":true,"href":"https:\/\/blogsaverroes.juntadeandalucia.es\/ceipelalmendralcarmona\/wp-json\/wp\/v2\/categories?post=8239"},{"taxonomy":"post_tag","embeddable":true,"href":"https:\/\/blogsaverroes.juntadeandalucia.es\/ceipelalmendralcarmona\/wp-json\/wp\/v2\/tags?post=8239"}],"curies":[{"name":"wp","href":"https:\/\/api.w.org\/{rel}","templated":true}]}}