{"id":1249,"date":"2025-10-31T21:12:41","date_gmt":"2025-10-31T20:12:41","guid":{"rendered":"https:\/\/blogsaverroes.juntadeandalucia.es\/ceipelcolorado\/?p=1249"},"modified":"2025-11-05T15:36:07","modified_gmt":"2025-11-05T14:36:07","slug":"excursion-30-de-octubre-a-conil-5-anos","status":"publish","type":"post","link":"https:\/\/blogsaverroes.juntadeandalucia.es\/ceipelcolorado\/excursion-30-de-octubre-a-conil-5-anos\/","title":{"rendered":"Excursi\u00f3n 30 de Octubre a Conil (5 a\u00f1os)"},"content":{"rendered":"<p>El <strong>jueves 30 de octubre<\/strong>, el alumnado de 5 a\u00f1os A y 5 a\u00f1os B realiz\u00f3 una excursi\u00f3n a nuestro pueblo para visitar dos lugares muy especiales.<\/p>\n<p>El primero de ellos fue la <strong>Biblioteca Municipal,<\/strong> en el recinto cultural \u201cLa Chanca\u201d. Se trataba de una actividad promovida por la Delegaci\u00f3n de Cultura del ayuntamiento dirigida al p\u00fablico escolar. En ella, los ni\u00f1os y ni\u00f1as disfrutaron de una visita teatralizada de la mano de la Compa\u00f1\u00eda \u201cTeatr\u00edn\u201d. Conocieron este espacio cultural, sus normas de uso, la diversidad de actividades que ofrece, el personal que trabaja en \u00e9ste, etc. Adem\u00e1s, todos los que no contaban con el carnet de la biblioteca lo obtuvieron.<img loading=\"lazy\" decoding=\"async\" class=\"alignleft size-full wp-image-1250\" src=\"https:\/\/blogsaverroes.juntadeandalucia.es\/ceipelcolorado\/files\/2025\/10\/IMG_20251030_100806-scaled.jpg\" alt=\"\" width=\"2560\" height=\"1922\" srcset=\"https:\/\/blogsaverroes.juntadeandalucia.es\/ceipelcolorado\/files\/2025\/10\/IMG_20251030_100806-scaled.jpg 2560w, https:\/\/blogsaverroes.juntadeandalucia.es\/ceipelcolorado\/files\/2025\/10\/IMG_20251030_100806-1280x961.jpg 1280w, https:\/\/blogsaverroes.juntadeandalucia.es\/ceipelcolorado\/files\/2025\/10\/IMG_20251030_100806-980x736.jpg 980w, https:\/\/blogsaverroes.juntadeandalucia.es\/ceipelcolorado\/files\/2025\/10\/IMG_20251030_100806-480x360.jpg 480w\" sizes=\"(min-width: 0px) and (max-width: 480px) 480px, (min-width: 481px) and (max-width: 980px) 980px, (min-width: 981px) and (max-width: 1280px) 1280px, (min-width: 1281px) 2560px, 100vw\" \/><\/p>\n<p>&nbsp;<\/p>\n<p>&nbsp;<\/p>\n<p>&nbsp;<\/p>\n<p>&nbsp;<\/p>\n<p>&nbsp;<\/p>\n<p>&nbsp;<\/p>\n<p>&nbsp;<\/p>\n<p>&nbsp;<\/p>\n<p>&nbsp;<\/p>\n<p>&nbsp;<\/p>\n<p>&nbsp;<\/p>\n<p>&nbsp;<\/p>\n<p>&nbsp;<\/p>\n<p>La Chanca hizo despertar en los peque\u00f1os gran admiraci\u00f3n. El mural gigantesco de Adri\u00e1n Torres y el Museo del Mar y la Almadraba nos recordaron a nuestro proyecto sobre el fondo del mar con el que finalizamos el curso pasado.&nbsp;<\/p>\n<p><img loading=\"lazy\" decoding=\"async\" class=\"alignleft size-full wp-image-1257\" src=\"https:\/\/blogsaverroes.juntadeandalucia.es\/ceipelcolorado\/files\/2025\/10\/IMG_20251030_120301-1-scaled.jpg\" alt=\"\" width=\"2560\" height=\"1922\" srcset=\"https:\/\/blogsaverroes.juntadeandalucia.es\/ceipelcolorado\/files\/2025\/10\/IMG_20251030_120301-1-scaled.jpg 2560w, https:\/\/blogsaverroes.juntadeandalucia.es\/ceipelcolorado\/files\/2025\/10\/IMG_20251030_120301-1-1280x961.jpg 1280w, https:\/\/blogsaverroes.juntadeandalucia.es\/ceipelcolorado\/files\/2025\/10\/IMG_20251030_120301-1-980x736.jpg 980w, https:\/\/blogsaverroes.juntadeandalucia.es\/ceipelcolorado\/files\/2025\/10\/IMG_20251030_120301-1-480x360.jpg 480w\" sizes=\"(min-width: 0px) and (max-width: 480px) 480px, (min-width: 481px) and (max-width: 980px) 980px, (min-width: 981px) and (max-width: 1280px) 1280px, (min-width: 1281px) 2560px, 100vw\" \/><\/p>\n<p>&nbsp;<\/p>\n<p>&nbsp;<\/p>\n<p>&nbsp;<\/p>\n<p>&nbsp;<\/p>\n<p>&nbsp;<\/p>\n<p>&nbsp;<\/p>\n<p>&nbsp;<\/p>\n<p>&nbsp;<\/p>\n<p>&nbsp;<\/p>\n<p>&nbsp;<\/p>\n<p>&nbsp;<\/p>\n<p>&nbsp;<\/p>\n<p>&nbsp;<\/p>\n<p>Nuestra siguiente visita fue la <strong>Cl\u00ednica Dental ConilSmile<\/strong>, en la Calle Virgen n\u00ba6 . All\u00ed nos esperar\u00e1 la odont\u00f3loga especialista en Odontopediatr\u00eda, Olga Chamorro. Esta dentista, amiga del Rat\u00f3n P\u00e9rez, nos habl\u00f3 de la importancia de una adecuada alimentaci\u00f3n e higiene para gozar de buena salud bucodental. Fue una experiencia muy enriquecedora, ya que actualmente estamos trabajando en clase un proyecto sobre el Rat\u00f3n P\u00e9rez. Los ni\u00f1os y ni\u00f1as se encuentran en una etapa de su vida donde est\u00e1n viviendo un acontecimiento muy importante como es la p\u00e9rdida de su primer diente de leche y ellos han elegido est\u00e1 tem\u00e1tica para trabajar en clase este primer trimestre.<img loading=\"lazy\" decoding=\"async\" class=\"alignleft size-full wp-image-1251\" src=\"https:\/\/blogsaverroes.juntadeandalucia.es\/ceipelcolorado\/files\/2025\/10\/IMG_20251030_123315-scaled.jpg\" alt=\"\" width=\"2560\" height=\"1922\" srcset=\"https:\/\/blogsaverroes.juntadeandalucia.es\/ceipelcolorado\/files\/2025\/10\/IMG_20251030_123315-scaled.jpg 2560w, https:\/\/blogsaverroes.juntadeandalucia.es\/ceipelcolorado\/files\/2025\/10\/IMG_20251030_123315-1280x961.jpg 1280w, https:\/\/blogsaverroes.juntadeandalucia.es\/ceipelcolorado\/files\/2025\/10\/IMG_20251030_123315-980x736.jpg 980w, https:\/\/blogsaverroes.juntadeandalucia.es\/ceipelcolorado\/files\/2025\/10\/IMG_20251030_123315-480x360.jpg 480w\" sizes=\"(min-width: 0px) and (max-width: 480px) 480px, (min-width: 481px) and (max-width: 980px) 980px, (min-width: 981px) and (max-width: 1280px) 1280px, (min-width: 1281px) 2560px, 100vw\" \/><\/p>\n<p>&nbsp;<\/p>\n<p>&nbsp;<\/p>\n<p>&nbsp;<\/p>\n<p>&nbsp;<\/p>\n<p>&nbsp;<\/p>\n<p>&nbsp;<\/p>\n<p>&nbsp;<\/p>\n<p>&nbsp;<\/p>\n<p>&nbsp;<\/p>\n<p>&nbsp;<\/p>\n<p>&nbsp;<\/p>\n<p>&nbsp;<\/p>\n<p>&nbsp;<\/p>\n<p>Agradecemos enormemente a todo el personal de la Biblioteca Municipal y de la Cl\u00ednica Dental ConilSmile su predisposici\u00f3n, cari\u00f1o y cercan\u00eda con todos los ni\u00f1os y ni\u00f1as.&nbsp;<\/p>\n<p>&nbsp;<\/p>\n<p>&nbsp;<\/p>\n<p>&nbsp;<\/p>\n<p>&nbsp;<\/p>\n<p>&nbsp;<\/p>\n<p>&nbsp;<\/p>\n","protected":false},"excerpt":{"rendered":"<p>El jueves 30 de octubre, el alumnado de 5 a\u00f1os A y 5 a\u00f1os B realiz\u00f3 una excursi\u00f3n a nuestro pueblo para visitar dos lugares muy especiales. El primero de ellos fue la Biblioteca Municipal, en el recinto cultural \u201cLa Chanca\u201d. Se trataba de una actividad promovida por la Delegaci\u00f3n de Cultura del ayuntamiento dirigida [&hellip;]<\/p>\n","protected":false},"author":15498,"featured_media":0,"comment_status":"closed","ping_status":"open","sticky":false,"template":"","format":"standard","meta":{"_et_pb_use_builder":"","_et_pb_old_content":"","_et_gb_content_width":"","ngg_post_thumbnail":0,"footnotes":""},"categories":[1],"tags":[],"aioseo_notices":[],"_links":{"self":[{"href":"https:\/\/blogsaverroes.juntadeandalucia.es\/ceipelcolorado\/wp-json\/wp\/v2\/posts\/1249"}],"collection":[{"href":"https:\/\/blogsaverroes.juntadeandalucia.es\/ceipelcolorado\/wp-json\/wp\/v2\/posts"}],"about":[{"href":"https:\/\/blogsaverroes.juntadeandalucia.es\/ceipelcolorado\/wp-json\/wp\/v2\/types\/post"}],"author":[{"embeddable":true,"href":"https:\/\/blogsaverroes.juntadeandalucia.es\/ceipelcolorado\/wp-json\/wp\/v2\/users\/15498"}],"replies":[{"embeddable":true,"href":"https:\/\/blogsaverroes.juntadeandalucia.es\/ceipelcolorado\/wp-json\/wp\/v2\/comments?post=1249"}],"version-history":[{"count":4,"href":"https:\/\/blogsaverroes.juntadeandalucia.es\/ceipelcolorado\/wp-json\/wp\/v2\/posts\/1249\/revisions"}],"predecessor-version":[{"id":1259,"href":"https:\/\/blogsaverroes.juntadeandalucia.es\/ceipelcolorado\/wp-json\/wp\/v2\/posts\/1249\/revisions\/1259"}],"wp:attachment":[{"href":"https:\/\/blogsaverroes.juntadeandalucia.es\/ceipelcolorado\/wp-json\/wp\/v2\/media?parent=1249"}],"wp:term":[{"taxonomy":"category","embeddable":true,"href":"https:\/\/blogsaverroes.juntadeandalucia.es\/ceipelcolorado\/wp-json\/wp\/v2\/categories?post=1249"},{"taxonomy":"post_tag","embeddable":true,"href":"https:\/\/blogsaverroes.juntadeandalucia.es\/ceipelcolorado\/wp-json\/wp\/v2\/tags?post=1249"}],"curies":[{"name":"wp","href":"https:\/\/api.w.org\/{rel}","templated":true}]}}