{"id":1332,"date":"2026-04-13T09:49:54","date_gmt":"2026-04-13T08:49:54","guid":{"rendered":"https:\/\/blogsaverroes.juntadeandalucia.es\/ceipelioantoniodenebrija\/?p=1332"},"modified":"2026-04-13T09:49:54","modified_gmt":"2026-04-13T08:49:54","slug":"olimpiadas-matematicas-thales","status":"publish","type":"post","link":"https:\/\/blogsaverroes.juntadeandalucia.es\/ceipelioantoniodenebrija\/olimpiadas-matematicas-thales\/","title":{"rendered":"Olimpiadas Matem\u00e1ticas Thales"},"content":{"rendered":"<p data-start=\"0\" data-end=\"296\"><img fetchpriority=\"high\" decoding=\"async\" class=\"wp-image-1336 aligncenter\" src=\"https:\/\/blogsaverroes.juntadeandalucia.es\/ceipelioantoniodenebrija\/files\/2026\/04\/WhatsApp-Image-2026-04-12-at-20.57.37-300x135.jpeg\" alt=\"\" width=\"642\" height=\"289\" srcset=\"https:\/\/blogsaverroes.juntadeandalucia.es\/ceipelioantoniodenebrija\/files\/2026\/04\/WhatsApp-Image-2026-04-12-at-20.57.37-300x135.jpeg 300w, https:\/\/blogsaverroes.juntadeandalucia.es\/ceipelioantoniodenebrija\/files\/2026\/04\/WhatsApp-Image-2026-04-12-at-20.57.37-1024x461.jpeg 1024w, https:\/\/blogsaverroes.juntadeandalucia.es\/ceipelioantoniodenebrija\/files\/2026\/04\/WhatsApp-Image-2026-04-12-at-20.57.37-768x346.jpeg 768w, https:\/\/blogsaverroes.juntadeandalucia.es\/ceipelioantoniodenebrija\/files\/2026\/04\/WhatsApp-Image-2026-04-12-at-20.57.37-1536x692.jpeg 1536w, https:\/\/blogsaverroes.juntadeandalucia.es\/ceipelioantoniodenebrija\/files\/2026\/04\/WhatsApp-Image-2026-04-12-at-20.57.37.jpeg 2016w\" sizes=\"(max-width: 642px) 100vw, 642px\" \/><\/p>\n<p data-start=\"0\" data-end=\"296\">El <span class=\"hover:entity-accent entity-underline inline cursor-pointer align-baseline\"><span class=\"whitespace-normal\">CEIP Elio Antonio de Nebrija<\/span><\/span> ha logrado un importante reconocimiento acad\u00e9mico al proclamarse ganador de las prestigiosas <span class=\"hover:entity-accent entity-underline inline cursor-pointer align-baseline\"><span class=\"whitespace-normal\">Olimpiadas Matem\u00e1ticas Thales<\/span><\/span>, una cita que cada a\u00f1o re\u00fane a j\u00f3venes talentos con gran capacidad para el razonamiento l\u00f3gico y la resoluci\u00f3n de problemas.<\/p>\n<p data-start=\"298\" data-end=\"637\">Este \u00e9xito ha sido posible gracias al brillante desempe\u00f1o de tres de sus alumnos: <span class=\"hover:entity-accent entity-underline inline cursor-pointer align-baseline\"><span class=\"whitespace-normal\">Bruno Ram\u00f3n Mar\u00edn<\/span><\/span>, <span class=\"hover:entity-accent entity-underline inline cursor-pointer align-baseline\"><span class=\"whitespace-normal\">Dar\u00edo Guti\u00e9rrez Huerta<\/span><\/span> y <span class=\"hover:entity-accent entity-underline inline cursor-pointer align-baseline\"><span class=\"whitespace-normal\">Martina Blanco Reyes<\/span><\/span>, quienes han demostrado un excelente dominio de las matem\u00e1ticas, as\u00ed como habilidades destacadas en el pensamiento cr\u00edtico y la creatividad.<\/p>\n<p data-start=\"639\" data-end=\"966\">La participaci\u00f3n en este tipo de competiciones no solo pone a prueba los conocimientos adquiridos en el aula, sino que tambi\u00e9n fomenta valores como el esfuerzo, la constancia y el trabajo en equipo. El profesorado del centro ha destacado la implicaci\u00f3n del alumnado y el apoyo de las familias como factores clave en este logro.<\/p>\n<p data-start=\"968\" data-end=\"1299\">Desde el centro educativo se ha querido felicitar p\u00fablicamente a los tres estudiantes por su dedicaci\u00f3n y entusiasmo, as\u00ed como agradecer la labor del equipo docente que ha acompa\u00f1ado su preparaci\u00f3n. Sin duda, este reconocimiento supone un orgullo para toda la comunidad educativa y un ejemplo inspirador para el resto del alumnado.<\/p>\n<p data-start=\"1301\" data-end=\"1514\" data-is-last-node=\"\" data-is-only-node=\"\">Con este premio, el CEIP Elio Antonio de Nebrija refuerza su compromiso con la excelencia educativa y el desarrollo del talento, consolid\u00e1ndose como un referente en la ense\u00f1anza de las matem\u00e1ticas a nivel escolar.<\/p>\n<p data-start=\"1301\" data-end=\"1514\" data-is-last-node=\"\" data-is-only-node=\"\">&nbsp;<\/p>\n<p data-start=\"1301\" data-end=\"1514\" data-is-last-node=\"\" data-is-only-node=\"\">&nbsp;<\/p>\n<div style=\"width: 848px;\" class=\"wp-video\"><!--[if lt IE 9]><script>document.createElement('video');<\/script><![endif]-->\n<video class=\"wp-video-shortcode\" id=\"video-1332-1\" width=\"848\" height=\"478\" preload=\"metadata\" controls=\"controls\"><source type=\"video\/mp4\" src=\"https:\/\/blogsaverroes.juntadeandalucia.es\/ceipelioantoniodenebrija\/files\/2026\/04\/WhatsApp-Video-2026-04-12-at-20.57.37.mp4?_=1\" \/><a href=\"https:\/\/blogsaverroes.juntadeandalucia.es\/ceipelioantoniodenebrija\/files\/2026\/04\/WhatsApp-Video-2026-04-12-at-20.57.37.mp4\">https:\/\/blogsaverroes.juntadeandalucia.es\/ceipelioantoniodenebrija\/files\/2026\/04\/WhatsApp-Video-2026-04-12-at-20.57.37.mp4<\/a><\/video><\/div>\n","protected":false},"excerpt":{"rendered":"<p>El CEIP Elio Antonio de Nebrija ha logrado un importante reconocimiento acad\u00e9mico al proclamarse ganador de las prestigiosas Olimpiadas Matem\u00e1ticas Thales, una cita que cada a\u00f1o re\u00fane a j\u00f3venes talentos con gran capacidad para&#46;&#46;&#46;<\/p>\n","protected":false},"author":8341,"featured_media":1334,"comment_status":"closed","ping_status":"open","sticky":false,"template":"","format":"standard","meta":{"ngg_post_thumbnail":0,"footnotes":""},"categories":[34,36],"tags":[],"aioseo_notices":[],"_links":{"self":[{"href":"https:\/\/blogsaverroes.juntadeandalucia.es\/ceipelioantoniodenebrija\/wp-json\/wp\/v2\/posts\/1332"}],"collection":[{"href":"https:\/\/blogsaverroes.juntadeandalucia.es\/ceipelioantoniodenebrija\/wp-json\/wp\/v2\/posts"}],"about":[{"href":"https:\/\/blogsaverroes.juntadeandalucia.es\/ceipelioantoniodenebrija\/wp-json\/wp\/v2\/types\/post"}],"author":[{"embeddable":true,"href":"https:\/\/blogsaverroes.juntadeandalucia.es\/ceipelioantoniodenebrija\/wp-json\/wp\/v2\/users\/8341"}],"replies":[{"embeddable":true,"href":"https:\/\/blogsaverroes.juntadeandalucia.es\/ceipelioantoniodenebrija\/wp-json\/wp\/v2\/comments?post=1332"}],"version-history":[{"count":1,"href":"https:\/\/blogsaverroes.juntadeandalucia.es\/ceipelioantoniodenebrija\/wp-json\/wp\/v2\/posts\/1332\/revisions"}],"predecessor-version":[{"id":1337,"href":"https:\/\/blogsaverroes.juntadeandalucia.es\/ceipelioantoniodenebrija\/wp-json\/wp\/v2\/posts\/1332\/revisions\/1337"}],"wp:featuredmedia":[{"embeddable":true,"href":"https:\/\/blogsaverroes.juntadeandalucia.es\/ceipelioantoniodenebrija\/wp-json\/wp\/v2\/media\/1334"}],"wp:attachment":[{"href":"https:\/\/blogsaverroes.juntadeandalucia.es\/ceipelioantoniodenebrija\/wp-json\/wp\/v2\/media?parent=1332"}],"wp:term":[{"taxonomy":"category","embeddable":true,"href":"https:\/\/blogsaverroes.juntadeandalucia.es\/ceipelioantoniodenebrija\/wp-json\/wp\/v2\/categories?post=1332"},{"taxonomy":"post_tag","embeddable":true,"href":"https:\/\/blogsaverroes.juntadeandalucia.es\/ceipelioantoniodenebrija\/wp-json\/wp\/v2\/tags?post=1332"}],"curies":[{"name":"wp","href":"https:\/\/api.w.org\/{rel}","templated":true}]}}