{"id":2429,"date":"2020-02-26T12:03:13","date_gmt":"2020-02-26T12:03:13","guid":{"rendered":"https:\/\/blogsaverroes.juntadeandalucia.es\/ceipeljuncal\/?p=2429"},"modified":"2020-02-26T12:03:13","modified_gmt":"2020-02-26T12:03:13","slug":"puente-de-andalucia","status":"publish","type":"post","link":"https:\/\/blogsaverroes.juntadeandalucia.es\/ceipeljuncal\/2020\/02\/26\/puente-de-andalucia\/","title":{"rendered":"Puente de Andaluc\u00eda"},"content":{"rendered":"<p><a href=\"https:\/\/blogsaverroes.juntadeandalucia.es\/ceipeljuncal\/files\/2015\/03\/colegio1.png\"><img loading=\"lazy\" decoding=\"async\" class=\"alignleft size-thumbnail wp-image-578\" src=\"https:\/\/blogsaverroes.juntadeandalucia.es\/ceipeljuncal\/files\/2015\/03\/colegio1-150x150.png\" alt=\"\" width=\"150\" height=\"150\" srcset=\"https:\/\/blogsaverroes.juntadeandalucia.es\/ceipeljuncal\/files\/2015\/03\/colegio1-150x150.png 150w, https:\/\/blogsaverroes.juntadeandalucia.es\/ceipeljuncal\/files\/2015\/03\/colegio1-160x160.png 160w\" sizes=\"(max-width: 150px) 100vw, 150px\" \/><\/a> Se comunica a toda la Comunidad Educativa que adem\u00e1s del festivo d\u00eda 28 de febrero, los d\u00edas 27 de febrero y 2 de marzo son NO LECTIVOS. Por tanto, no habr\u00e1 clases entre los d\u00edas 27 de febrero y 2 de marzo, reanudando la actividad normal el pr\u00f3ximo martes 3 de marzo.<\/p>\n","protected":false},"excerpt":{"rendered":"<p>Se comunica a toda la Comunidad Educativa que adem\u00e1s del festivo d\u00eda 28 de febrero, los d\u00edas 27 de febrero y 2 de marzo son NO LECTIVOS. Por tanto, no habr\u00e1 clases entre los d\u00edas 27 de febrero y 2 de marzo, reanudando la actividad normal el pr\u00f3ximo martes 3 de marzo.<\/p>\n","protected":false},"author":5646,"featured_media":537,"comment_status":"closed","ping_status":"closed","sticky":false,"template":"","format":"standard","meta":{"ngg_post_thumbnail":0,"footnotes":""},"categories":[25494,25495,25496,25498,526],"tags":[144,1679682],"aioseo_notices":[],"_links":{"self":[{"href":"https:\/\/blogsaverroes.juntadeandalucia.es\/ceipeljuncal\/wp-json\/wp\/v2\/posts\/2429"}],"collection":[{"href":"https:\/\/blogsaverroes.juntadeandalucia.es\/ceipeljuncal\/wp-json\/wp\/v2\/posts"}],"about":[{"href":"https:\/\/blogsaverroes.juntadeandalucia.es\/ceipeljuncal\/wp-json\/wp\/v2\/types\/post"}],"author":[{"embeddable":true,"href":"https:\/\/blogsaverroes.juntadeandalucia.es\/ceipeljuncal\/wp-json\/wp\/v2\/users\/5646"}],"replies":[{"embeddable":true,"href":"https:\/\/blogsaverroes.juntadeandalucia.es\/ceipeljuncal\/wp-json\/wp\/v2\/comments?post=2429"}],"version-history":[{"count":1,"href":"https:\/\/blogsaverroes.juntadeandalucia.es\/ceipeljuncal\/wp-json\/wp\/v2\/posts\/2429\/revisions"}],"predecessor-version":[{"id":2430,"href":"https:\/\/blogsaverroes.juntadeandalucia.es\/ceipeljuncal\/wp-json\/wp\/v2\/posts\/2429\/revisions\/2430"}],"wp:featuredmedia":[{"embeddable":true,"href":"https:\/\/blogsaverroes.juntadeandalucia.es\/ceipeljuncal\/wp-json\/wp\/v2\/media\/537"}],"wp:attachment":[{"href":"https:\/\/blogsaverroes.juntadeandalucia.es\/ceipeljuncal\/wp-json\/wp\/v2\/media?parent=2429"}],"wp:term":[{"taxonomy":"category","embeddable":true,"href":"https:\/\/blogsaverroes.juntadeandalucia.es\/ceipeljuncal\/wp-json\/wp\/v2\/categories?post=2429"},{"taxonomy":"post_tag","embeddable":true,"href":"https:\/\/blogsaverroes.juntadeandalucia.es\/ceipeljuncal\/wp-json\/wp\/v2\/tags?post=2429"}],"curies":[{"name":"wp","href":"https:\/\/api.w.org\/{rel}","templated":true}]}}