{"id":2433,"date":"2020-02-26T12:32:31","date_gmt":"2020-02-26T12:32:31","guid":{"rendered":"https:\/\/blogsaverroes.juntadeandalucia.es\/ceipeljuncal\/?p=2433"},"modified":"2020-02-26T12:32:36","modified_gmt":"2020-02-26T12:32:36","slug":"escolarizacion-2020-2021","status":"publish","type":"post","link":"https:\/\/blogsaverroes.juntadeandalucia.es\/ceipeljuncal\/2020\/02\/26\/escolarizacion-2020-2021\/","title":{"rendered":"ESCOLARIZACI\u00d3N 2020-2021"},"content":{"rendered":"<p><a href=\"https:\/\/blogsaverroes.juntadeandalucia.es\/ceipeljuncal\/files\/2015\/03\/educacion1.jpg\"><img loading=\"lazy\" decoding=\"async\" class=\"alignleft size-thumbnail wp-image-1615\" src=\"https:\/\/blogsaverroes.juntadeandalucia.es\/ceipeljuncal\/files\/2015\/03\/educacion1-150x150.jpg\" alt=\"\" width=\"150\" height=\"150\" srcset=\"https:\/\/blogsaverroes.juntadeandalucia.es\/ceipeljuncal\/files\/2015\/03\/educacion1-150x150.jpg 150w, https:\/\/blogsaverroes.juntadeandalucia.es\/ceipeljuncal\/files\/2015\/03\/educacion1-160x160.jpg 160w\" sizes=\"(max-width: 150px) 100vw, 150px\" \/><\/a>En el mes de marzo se desarrolla el procedimiento de escolarizaci\u00f3n de, entre otras etapas, el segundo ciclo de Educaci\u00f3n Infantil y Educaci\u00f3n Primaria. Desde este <a href=\"https:\/\/blogsaverroes.juntadeandalucia.es\/ceipeljuncal\/escolarizacion\/\">enlace<\/a> ofrecemos toda la informaci\u00f3n disponible de nuestro centro e iremos actualiz\u00e1ndola en los pr\u00f3ximos d\u00edas.<\/p>\n","protected":false},"excerpt":{"rendered":"<p>En el mes de marzo se desarrolla el procedimiento de escolarizaci\u00f3n de, entre otras etapas, el segundo ciclo de Educaci\u00f3n Infantil y Educaci\u00f3n Primaria. Desde este enlace ofrecemos toda la informaci\u00f3n disponible de nuestro centro e iremos actualiz\u00e1ndola en los pr\u00f3ximos d\u00edas.<\/p>\n","protected":false},"author":5646,"featured_media":226,"comment_status":"closed","ping_status":"closed","sticky":false,"template":"","format":"standard","meta":{"ngg_post_thumbnail":0,"footnotes":""},"categories":[526,11909],"tags":[],"aioseo_notices":[],"_links":{"self":[{"href":"https:\/\/blogsaverroes.juntadeandalucia.es\/ceipeljuncal\/wp-json\/wp\/v2\/posts\/2433"}],"collection":[{"href":"https:\/\/blogsaverroes.juntadeandalucia.es\/ceipeljuncal\/wp-json\/wp\/v2\/posts"}],"about":[{"href":"https:\/\/blogsaverroes.juntadeandalucia.es\/ceipeljuncal\/wp-json\/wp\/v2\/types\/post"}],"author":[{"embeddable":true,"href":"https:\/\/blogsaverroes.juntadeandalucia.es\/ceipeljuncal\/wp-json\/wp\/v2\/users\/5646"}],"replies":[{"embeddable":true,"href":"https:\/\/blogsaverroes.juntadeandalucia.es\/ceipeljuncal\/wp-json\/wp\/v2\/comments?post=2433"}],"version-history":[{"count":1,"href":"https:\/\/blogsaverroes.juntadeandalucia.es\/ceipeljuncal\/wp-json\/wp\/v2\/posts\/2433\/revisions"}],"predecessor-version":[{"id":2434,"href":"https:\/\/blogsaverroes.juntadeandalucia.es\/ceipeljuncal\/wp-json\/wp\/v2\/posts\/2433\/revisions\/2434"}],"wp:featuredmedia":[{"embeddable":true,"href":"https:\/\/blogsaverroes.juntadeandalucia.es\/ceipeljuncal\/wp-json\/wp\/v2\/media\/226"}],"wp:attachment":[{"href":"https:\/\/blogsaverroes.juntadeandalucia.es\/ceipeljuncal\/wp-json\/wp\/v2\/media?parent=2433"}],"wp:term":[{"taxonomy":"category","embeddable":true,"href":"https:\/\/blogsaverroes.juntadeandalucia.es\/ceipeljuncal\/wp-json\/wp\/v2\/categories?post=2433"},{"taxonomy":"post_tag","embeddable":true,"href":"https:\/\/blogsaverroes.juntadeandalucia.es\/ceipeljuncal\/wp-json\/wp\/v2\/tags?post=2433"}],"curies":[{"name":"wp","href":"https:\/\/api.w.org\/{rel}","templated":true}]}}