{"id":2978,"date":"2018-03-19T20:15:56","date_gmt":"2018-03-19T20:15:56","guid":{"rendered":"https:\/\/blogsaverroes.juntadeandalucia.es\/ceipelolivo\/?p=2978"},"modified":"2018-04-24T14:40:16","modified_gmt":"2018-04-24T14:40:16","slug":"torredonjimeno","status":"publish","type":"post","link":"https:\/\/blogsaverroes.juntadeandalucia.es\/ceipelolivo\/torredonjimeno\/","title":{"rendered":"Torredonjimeno."},"content":{"rendered":"<p style=\"text-align: justify\">Dentro de las actividades que los alumnos y alumnas de 6\u00ba han realizado para conmemorar el D\u00eda de Andaluc\u00eda, una destaca por encima de todas, la elaboraci\u00f3n de una gu\u00eda tur\u00edstica de nuestro pueblo. El proyecto abarca varias asignaturas; Ciencias Sociales, Matem\u00e1ticas, Lengua Castellana y Cultura y Pr\u00e1ctica Digital.<a href=\"https:\/\/blogsaverroes.juntadeandalucia.es\/ceipelolivo\/files\/2018\/03\/IMG_8822.jpg\"><br \/>\n<\/a><\/p>\n<p><a href=\"https:\/\/blogsaverroes.juntadeandalucia.es\/ceipelolivo\/files\/2018\/03\/\u00c1rea-de-Sociales.png\"><img loading=\"lazy\" decoding=\"async\" class=\"aligncenter size-medium wp-image-2987\" src=\"https:\/\/blogsaverroes.juntadeandalucia.es\/ceipelolivo\/files\/2018\/03\/\u00c1rea-de-Sociales-212x300.png\" alt=\"\" width=\"212\" height=\"300\" srcset=\"https:\/\/blogsaverroes.juntadeandalucia.es\/ceipelolivo\/files\/2018\/03\/\u00c1rea-de-Sociales-212x300.png 212w, https:\/\/blogsaverroes.juntadeandalucia.es\/ceipelolivo\/files\/2018\/03\/\u00c1rea-de-Sociales-768x1088.png 768w, https:\/\/blogsaverroes.juntadeandalucia.es\/ceipelolivo\/files\/2018\/03\/\u00c1rea-de-Sociales-723x1024.png 723w, https:\/\/blogsaverroes.juntadeandalucia.es\/ceipelolivo\/files\/2018\/03\/\u00c1rea-de-Sociales-700x992.png 700w, https:\/\/blogsaverroes.juntadeandalucia.es\/ceipelolivo\/files\/2018\/03\/\u00c1rea-de-Sociales-17x24.png 17w, https:\/\/blogsaverroes.juntadeandalucia.es\/ceipelolivo\/files\/2018\/03\/\u00c1rea-de-Sociales-25x36.png 25w, https:\/\/blogsaverroes.juntadeandalucia.es\/ceipelolivo\/files\/2018\/03\/\u00c1rea-de-Sociales-34x48.png 34w, https:\/\/blogsaverroes.juntadeandalucia.es\/ceipelolivo\/files\/2018\/03\/\u00c1rea-de-Sociales.png 899w\" sizes=\"(max-width: 212px) 100vw, 212px\" \/><\/a><\/p>\n<p style=\"text-align: justify\">La tarea nace como actividad dentro de la formaci\u00f3n que nuestros maestros y maestras est\u00e1n llevando a cabo este a\u00f1o a trav\u00e9s del CEP de Ja\u00e9n, y que consiste en la profundizaci\u00f3n del trabajo por proyectos y el aprendizaje cooperativo.<\/p>\n<p style=\"text-align: justify\">El proyecto ha tenido varias fases, en primer lugar trabajamos con el mapa callejero de Torredonjimeno, obtenido a trav\u00e9s de Google Maps. Sobre el callejero nuestros alumnos y alumnas tuvieron que trazar la mejor ruta para unir nuestro colegio con los monumentos m\u00e1s importantes de la localidad. En la foto de m\u00e1s abajo pod\u00e9is ver a nuestro alumnado con el mapa en las manos, lo que les ha servido para guiarse a trav\u00e9s de nuestro pueblo, siguiendo la ruta que ellos mismos marcaron:<\/p>\n<p>&nbsp;<a href=\"https:\/\/blogsaverroes.juntadeandalucia.es\/ceipelolivo\/files\/2018\/03\/Gu\u00eda-Carlos.jpg\"><img loading=\"lazy\" decoding=\"async\" class=\"size-medium wp-image-2994 alignnone\" src=\"https:\/\/blogsaverroes.juntadeandalucia.es\/ceipelolivo\/files\/2018\/03\/Gu\u00eda-Carlos-300x225.jpg\" alt=\"\" width=\"300\" height=\"225\" srcset=\"https:\/\/blogsaverroes.juntadeandalucia.es\/ceipelolivo\/files\/2018\/03\/Gu\u00eda-Carlos-300x225.jpg 300w, https:\/\/blogsaverroes.juntadeandalucia.es\/ceipelolivo\/files\/2018\/03\/Gu\u00eda-Carlos-768x576.jpg 768w, https:\/\/blogsaverroes.juntadeandalucia.es\/ceipelolivo\/files\/2018\/03\/Gu\u00eda-Carlos-1024x768.jpg 1024w, https:\/\/blogsaverroes.juntadeandalucia.es\/ceipelolivo\/files\/2018\/03\/Gu\u00eda-Carlos-700x525.jpg 700w, https:\/\/blogsaverroes.juntadeandalucia.es\/ceipelolivo\/files\/2018\/03\/Gu\u00eda-Carlos-24x18.jpg 24w, https:\/\/blogsaverroes.juntadeandalucia.es\/ceipelolivo\/files\/2018\/03\/Gu\u00eda-Carlos-36x27.jpg 36w, https:\/\/blogsaverroes.juntadeandalucia.es\/ceipelolivo\/files\/2018\/03\/Gu\u00eda-Carlos-48x36.jpg 48w, https:\/\/blogsaverroes.juntadeandalucia.es\/ceipelolivo\/files\/2018\/03\/Gu\u00eda-Carlos.jpg 1600w\" sizes=\"(max-width: 300px) 100vw, 300px\" \/><\/a>&nbsp; &nbsp; &nbsp; <a href=\"https:\/\/blogsaverroes.juntadeandalucia.es\/ceipelolivo\/files\/2018\/03\/IMG_8838.jpg\"><img loading=\"lazy\" decoding=\"async\" class=\"size-medium wp-image-2983 alignnone\" src=\"https:\/\/blogsaverroes.juntadeandalucia.es\/ceipelolivo\/files\/2018\/03\/IMG_8838-300x225.jpg\" alt=\"\" width=\"300\" height=\"225\" srcset=\"https:\/\/blogsaverroes.juntadeandalucia.es\/ceipelolivo\/files\/2018\/03\/IMG_8838-300x225.jpg 300w, https:\/\/blogsaverroes.juntadeandalucia.es\/ceipelolivo\/files\/2018\/03\/IMG_8838-768x576.jpg 768w, https:\/\/blogsaverroes.juntadeandalucia.es\/ceipelolivo\/files\/2018\/03\/IMG_8838-1024x768.jpg 1024w, https:\/\/blogsaverroes.juntadeandalucia.es\/ceipelolivo\/files\/2018\/03\/IMG_8838-700x525.jpg 700w, https:\/\/blogsaverroes.juntadeandalucia.es\/ceipelolivo\/files\/2018\/03\/IMG_8838-24x18.jpg 24w, https:\/\/blogsaverroes.juntadeandalucia.es\/ceipelolivo\/files\/2018\/03\/IMG_8838-36x27.jpg 36w, https:\/\/blogsaverroes.juntadeandalucia.es\/ceipelolivo\/files\/2018\/03\/IMG_8838-48x36.jpg 48w, https:\/\/blogsaverroes.juntadeandalucia.es\/ceipelolivo\/files\/2018\/03\/IMG_8838.jpg 1600w\" sizes=\"(max-width: 300px) 100vw, 300px\" \/><\/a><\/p>\n<p style=\"text-align: justify\">A continuaci\u00f3n empezamos un trabajo de investigaci\u00f3n de los monumentos m\u00e1s conocidos de nuestra localidad. Para ello tuvieron que buscar informaci\u00f3n con ayuda de internet o a trav\u00e9s de otras fuentes, como revistas y documentos antiguos. Ten\u00edan que seguir un esquema, aunque eran libres para poder cambiarlo, en caso de no poder encontrar toda la informaci\u00f3n:<a href=\"https:\/\/blogsaverroes.juntadeandalucia.es\/ceipelolivo\/files\/2018\/03\/Estudiamos-un-monumento.pdf\"><img loading=\"lazy\" decoding=\"async\" class=\"aligncenter wp-image-2988 size-medium\" src=\"https:\/\/blogsaverroes.juntadeandalucia.es\/ceipelolivo\/files\/2018\/03\/Gui\u00f3n-212x300.png\" alt=\"\" width=\"212\" height=\"300\" srcset=\"https:\/\/blogsaverroes.juntadeandalucia.es\/ceipelolivo\/files\/2018\/03\/Gui\u00f3n-212x300.png 212w, https:\/\/blogsaverroes.juntadeandalucia.es\/ceipelolivo\/files\/2018\/03\/Gui\u00f3n-768x1086.png 768w, https:\/\/blogsaverroes.juntadeandalucia.es\/ceipelolivo\/files\/2018\/03\/Gui\u00f3n-724x1024.png 724w, https:\/\/blogsaverroes.juntadeandalucia.es\/ceipelolivo\/files\/2018\/03\/Gui\u00f3n-700x990.png 700w, https:\/\/blogsaverroes.juntadeandalucia.es\/ceipelolivo\/files\/2018\/03\/Gui\u00f3n-17x24.png 17w, https:\/\/blogsaverroes.juntadeandalucia.es\/ceipelolivo\/files\/2018\/03\/Gui\u00f3n-25x36.png 25w, https:\/\/blogsaverroes.juntadeandalucia.es\/ceipelolivo\/files\/2018\/03\/Gui\u00f3n-34x48.png 34w, https:\/\/blogsaverroes.juntadeandalucia.es\/ceipelolivo\/files\/2018\/03\/Gui\u00f3n.png 900w\" sizes=\"(max-width: 212px) 100vw, 212px\" \/><\/a><\/p>\n<p style=\"text-align: justify\">El siguiente paso consist\u00eda en recopilar toda la informaci\u00f3n obtenida y, por parejas, realizar una gu\u00eda tur\u00edstica que nos llevar\u00e1 por cada uno de los monumentos y que remarcase lo m\u00e1s interesante que una persona ajena a nuestra localidad necesitar\u00eda conocer sobre cada uno de ellos:<\/p>\n<div id=\"attachment_2990\" style=\"width: 310px\" class=\"wp-caption aligncenter\"><a href=\"https:\/\/blogsaverroes.juntadeandalucia.es\/ceipelolivo\/files\/2018\/03\/Gu\u00eda-Vera.png\"><img loading=\"lazy\" decoding=\"async\" aria-describedby=\"caption-attachment-2990\" class=\"wp-image-2990 size-medium\" src=\"https:\/\/blogsaverroes.juntadeandalucia.es\/ceipelolivo\/files\/2018\/03\/Gu\u00eda-Vera-300x169.png\" alt=\"\" width=\"300\" height=\"169\" srcset=\"https:\/\/blogsaverroes.juntadeandalucia.es\/ceipelolivo\/files\/2018\/03\/Gu\u00eda-Vera-300x169.png 300w, https:\/\/blogsaverroes.juntadeandalucia.es\/ceipelolivo\/files\/2018\/03\/Gu\u00eda-Vera-768x432.png 768w, https:\/\/blogsaverroes.juntadeandalucia.es\/ceipelolivo\/files\/2018\/03\/Gu\u00eda-Vera-1024x576.png 1024w, https:\/\/blogsaverroes.juntadeandalucia.es\/ceipelolivo\/files\/2018\/03\/Gu\u00eda-Vera-700x393.png 700w, https:\/\/blogsaverroes.juntadeandalucia.es\/ceipelolivo\/files\/2018\/03\/Gu\u00eda-Vera-24x13.png 24w, https:\/\/blogsaverroes.juntadeandalucia.es\/ceipelolivo\/files\/2018\/03\/Gu\u00eda-Vera-36x20.png 36w, https:\/\/blogsaverroes.juntadeandalucia.es\/ceipelolivo\/files\/2018\/03\/Gu\u00eda-Vera-48x27.png 48w, https:\/\/blogsaverroes.juntadeandalucia.es\/ceipelolivo\/files\/2018\/03\/Gu\u00eda-Vera.png 1275w\" sizes=\"(max-width: 300px) 100vw, 300px\" \/><\/a><p id=\"caption-attachment-2990\" class=\"wp-caption-text\">Gu\u00eda elaborada por Vera S\u00e1nchez.<\/p><\/div>\n<p style=\"text-align: justify\">Desde el \u00e1rea de Lengua Castellana continuamos con la realizaci\u00f3n de una gu\u00eda con las fiestas y costumbres m\u00e1s populares de Torredonjimeno. Por parejas o en peque\u00f1o grupo, los alumnos y alumnas realizaron un documento descriptivo con las fiestas m\u00e1s populares, al que se les a\u00f1adi\u00f3 fotograf\u00edas obtenidas de la red o aportadas por ellos mismos:<\/p>\n<div id=\"attachment_2992\" style=\"width: 278px\" class=\"wp-caption aligncenter\"><a href=\"https:\/\/blogsaverroes.juntadeandalucia.es\/ceipelolivo\/files\/2018\/03\/Fiestas-Irene-y-Laura.png\"><img loading=\"lazy\" decoding=\"async\" aria-describedby=\"caption-attachment-2992\" class=\"wp-image-2992 size-medium\" src=\"https:\/\/blogsaverroes.juntadeandalucia.es\/ceipelolivo\/files\/2018\/03\/Fiestas-Irene-y-Laura-268x300.png\" alt=\"\" width=\"268\" height=\"300\" srcset=\"https:\/\/blogsaverroes.juntadeandalucia.es\/ceipelolivo\/files\/2018\/03\/Fiestas-Irene-y-Laura-268x300.png 268w, https:\/\/blogsaverroes.juntadeandalucia.es\/ceipelolivo\/files\/2018\/03\/Fiestas-Irene-y-Laura-768x861.png 768w, https:\/\/blogsaverroes.juntadeandalucia.es\/ceipelolivo\/files\/2018\/03\/Fiestas-Irene-y-Laura-700x785.png 700w, https:\/\/blogsaverroes.juntadeandalucia.es\/ceipelolivo\/files\/2018\/03\/Fiestas-Irene-y-Laura-21x24.png 21w, https:\/\/blogsaverroes.juntadeandalucia.es\/ceipelolivo\/files\/2018\/03\/Fiestas-Irene-y-Laura-32x36.png 32w, https:\/\/blogsaverroes.juntadeandalucia.es\/ceipelolivo\/files\/2018\/03\/Fiestas-Irene-y-Laura-43x48.png 43w, https:\/\/blogsaverroes.juntadeandalucia.es\/ceipelolivo\/files\/2018\/03\/Fiestas-Irene-y-Laura.png 901w\" sizes=\"(max-width: 268px) 100vw, 268px\" \/><\/a><p id=\"caption-attachment-2992\" class=\"wp-caption-text\">Investigaci\u00f3n de las fiestas de Torredonjimeno de Laura Arias e Irene Garc\u00eda.<\/p><\/div>\n<p style=\"text-align: justify\">Para finalizar las gu\u00edas, a\u00f1adimos una de las actividades que se han realizado a nivel de centro, y que consist\u00eda en la realizaci\u00f3n de una receta t\u00edpica de nuestra localidad, adem\u00e1s ten\u00eda la premisa del uso obligatorio del aceite de oliva. Para ello ten\u00edan que utilizar la plantilla com\u00fan que se ha elaborado para tal fin:<\/p>\n<p><a href=\"https:\/\/blogsaverroes.juntadeandalucia.es\/ceipelolivo\/files\/2018\/03\/Modelo-receta-para-escribir.docx\">Modelo receta para escribir<\/a><\/p>\n<p style=\"text-align: justify\">Las fotos que incluyen las gu\u00edas est\u00e1n tomadas por los propios alumnos y alumnas, para ello realizamos una salida por la localidad, en la que seguimos la mejor ruta dise\u00f1ada en el mapa callejero de Torredonjimeno:<\/p>\n<p><a href=\"https:\/\/blogsaverroes.juntadeandalucia.es\/ceipelolivo\/files\/2018\/03\/IMG_8828.jpg\">&nbsp; &nbsp; &nbsp; &nbsp; &nbsp; &nbsp; &nbsp; &nbsp; &nbsp; &nbsp;&nbsp;<img loading=\"lazy\" decoding=\"async\" class=\"size-medium wp-image-2982 alignnone\" src=\"https:\/\/blogsaverroes.juntadeandalucia.es\/ceipelolivo\/files\/2018\/03\/IMG_8828-225x300.jpg\" alt=\"\" width=\"225\" height=\"300\" srcset=\"https:\/\/blogsaverroes.juntadeandalucia.es\/ceipelolivo\/files\/2018\/03\/IMG_8828-225x300.jpg 225w, https:\/\/blogsaverroes.juntadeandalucia.es\/ceipelolivo\/files\/2018\/03\/IMG_8828-768x1024.jpg 768w, https:\/\/blogsaverroes.juntadeandalucia.es\/ceipelolivo\/files\/2018\/03\/IMG_8828-700x933.jpg 700w, https:\/\/blogsaverroes.juntadeandalucia.es\/ceipelolivo\/files\/2018\/03\/IMG_8828-18x24.jpg 18w, https:\/\/blogsaverroes.juntadeandalucia.es\/ceipelolivo\/files\/2018\/03\/IMG_8828-27x36.jpg 27w, https:\/\/blogsaverroes.juntadeandalucia.es\/ceipelolivo\/files\/2018\/03\/IMG_8828-36x48.jpg 36w, https:\/\/blogsaverroes.juntadeandalucia.es\/ceipelolivo\/files\/2018\/03\/IMG_8828.jpg 1200w\" sizes=\"(max-width: 225px) 100vw, 225px\" \/>&nbsp;&nbsp;&nbsp;<\/a><a href=\"https:\/\/blogsaverroes.juntadeandalucia.es\/ceipelolivo\/files\/2018\/03\/IMG_8822.jpg\"><img loading=\"lazy\" decoding=\"async\" class=\"size-medium wp-image-2979 alignnone\" src=\"https:\/\/blogsaverroes.juntadeandalucia.es\/ceipelolivo\/files\/2018\/03\/IMG_8822-225x300.jpg\" alt=\"\" width=\"225\" height=\"300\" srcset=\"https:\/\/blogsaverroes.juntadeandalucia.es\/ceipelolivo\/files\/2018\/03\/IMG_8822-225x300.jpg 225w, https:\/\/blogsaverroes.juntadeandalucia.es\/ceipelolivo\/files\/2018\/03\/IMG_8822-768x1024.jpg 768w, https:\/\/blogsaverroes.juntadeandalucia.es\/ceipelolivo\/files\/2018\/03\/IMG_8822-700x933.jpg 700w, https:\/\/blogsaverroes.juntadeandalucia.es\/ceipelolivo\/files\/2018\/03\/IMG_8822-18x24.jpg 18w, https:\/\/blogsaverroes.juntadeandalucia.es\/ceipelolivo\/files\/2018\/03\/IMG_8822-27x36.jpg 27w, https:\/\/blogsaverroes.juntadeandalucia.es\/ceipelolivo\/files\/2018\/03\/IMG_8822-36x48.jpg 36w, https:\/\/blogsaverroes.juntadeandalucia.es\/ceipelolivo\/files\/2018\/03\/IMG_8822.jpg 1200w\" sizes=\"(max-width: 225px) 100vw, 225px\" \/><\/a><\/p>\n<p><a href=\"https:\/\/blogsaverroes.juntadeandalucia.es\/ceipelolivo\/files\/2018\/03\/IMG_8825.jpg\"><img loading=\"lazy\" decoding=\"async\" class=\"size-medium wp-image-2981 alignnone\" src=\"https:\/\/blogsaverroes.juntadeandalucia.es\/ceipelolivo\/files\/2018\/03\/IMG_8825-300x225.jpg\" alt=\"\" width=\"300\" height=\"225\" srcset=\"https:\/\/blogsaverroes.juntadeandalucia.es\/ceipelolivo\/files\/2018\/03\/IMG_8825-300x225.jpg 300w, https:\/\/blogsaverroes.juntadeandalucia.es\/ceipelolivo\/files\/2018\/03\/IMG_8825-768x576.jpg 768w, https:\/\/blogsaverroes.juntadeandalucia.es\/ceipelolivo\/files\/2018\/03\/IMG_8825-1024x768.jpg 1024w, https:\/\/blogsaverroes.juntadeandalucia.es\/ceipelolivo\/files\/2018\/03\/IMG_8825-700x525.jpg 700w, https:\/\/blogsaverroes.juntadeandalucia.es\/ceipelolivo\/files\/2018\/03\/IMG_8825-24x18.jpg 24w, https:\/\/blogsaverroes.juntadeandalucia.es\/ceipelolivo\/files\/2018\/03\/IMG_8825-36x27.jpg 36w, https:\/\/blogsaverroes.juntadeandalucia.es\/ceipelolivo\/files\/2018\/03\/IMG_8825-48x36.jpg 48w, https:\/\/blogsaverroes.juntadeandalucia.es\/ceipelolivo\/files\/2018\/03\/IMG_8825.jpg 1600w\" sizes=\"(max-width: 300px) 100vw, 300px\" \/><\/a>&nbsp; &nbsp;<a href=\"https:\/\/blogsaverroes.juntadeandalucia.es\/ceipelolivo\/files\/2018\/03\/IMG_8824.jpg\"><img loading=\"lazy\" decoding=\"async\" class=\"size-medium wp-image-2980 alignnone\" src=\"https:\/\/blogsaverroes.juntadeandalucia.es\/ceipelolivo\/files\/2018\/03\/IMG_8824-300x225.jpg\" alt=\"\" width=\"300\" height=\"225\" srcset=\"https:\/\/blogsaverroes.juntadeandalucia.es\/ceipelolivo\/files\/2018\/03\/IMG_8824-300x225.jpg 300w, https:\/\/blogsaverroes.juntadeandalucia.es\/ceipelolivo\/files\/2018\/03\/IMG_8824-768x576.jpg 768w, https:\/\/blogsaverroes.juntadeandalucia.es\/ceipelolivo\/files\/2018\/03\/IMG_8824-1024x768.jpg 1024w, https:\/\/blogsaverroes.juntadeandalucia.es\/ceipelolivo\/files\/2018\/03\/IMG_8824-700x525.jpg 700w, https:\/\/blogsaverroes.juntadeandalucia.es\/ceipelolivo\/files\/2018\/03\/IMG_8824-24x18.jpg 24w, https:\/\/blogsaverroes.juntadeandalucia.es\/ceipelolivo\/files\/2018\/03\/IMG_8824-36x27.jpg 36w, https:\/\/blogsaverroes.juntadeandalucia.es\/ceipelolivo\/files\/2018\/03\/IMG_8824-48x36.jpg 48w, https:\/\/blogsaverroes.juntadeandalucia.es\/ceipelolivo\/files\/2018\/03\/IMG_8824.jpg 1600w\" sizes=\"(max-width: 300px) 100vw, 300px\" \/><\/a><\/p>\n<p style=\"text-align: justify\">Aunque ha supuesto mucho esfuerzo y trabajo, el resultado ha sido muy positivo, a continuaci\u00f3n os mostramos las diferentes gu\u00edas elaboradas por nuestro alumnado, una vez que han sido volcadas en la p\u00e1gina web issuu.com<\/p>\n<div style=\"text-align: center\"><a href=\"https:\/\/issuu.com\/juntadeandalucia9\/docs\/01_ruta_a_lvaro_jdelgado\">Gu\u00eda de \u00c1lvaro y Javier Delgado.<\/a><\/div>\n<div style=\"text-align: center\"><a href=\"https:\/\/issuu.com\/juntadeandalucia9\/docs\/02_ruta_irene_laura\">Gu\u00eda de Irene y Laura.<\/a><\/div>\n<div style=\"text-align: center\"><a href=\"https:\/\/issuu.com\/juntadeandalucia9\/docs\/03_ruta_william_javierc\">Gu\u00eda de William y Javier Cruz.<\/a><\/div>\n<div style=\"text-align: center\"><a href=\"https:\/\/issuu.com\/juntadeandalucia9\/docs\/04_ruta_hugo_jesu_s\">Gu\u00eda de Hugo y Jes\u00fas.<\/a><\/div>\n<div style=\"text-align: center\"><a href=\"https:\/\/issuu.com\/juntadeandalucia9\/docs\/05_ruta_avergara_luci_aa\">Gu\u00eda de Luc\u00eda Arias y Adri\u00e1n.<\/a><\/div>\n<div style=\"text-align: center\"><a href=\"https:\/\/issuu.com\/juntadeandalucia9\/docs\/06_ruta_m_cabeza\">Gu\u00eda de Mar\u00eda de la Cabeza.<\/a><\/div>\n<div style=\"text-align: center\"><a href=\"https:\/\/issuu.com\/juntadeandalucia9\/docs\/07_ruta_daniel_mmar\">Gu\u00eda de Daniel y Mar\u00eda del Mar.<\/a><\/div>\n<div style=\"text-align: center\"><a href=\"https:\/\/issuu.com\/juntadeandalucia9\/docs\/08_mari_a_luci_a_a_ngela\">Gu\u00eda de Mar\u00eda, Luc\u00eda Damas y \u00c1ngela.<\/a><\/div>\n<div style=\"text-align: center\"><a href=\"https:\/\/issuu.com\/juntadeandalucia9\/docs\/09_ruta_sau_l\">Gu\u00eda de Sa\u00fal.<\/a><\/div>\n<div style=\"text-align: center\"><a href=\"https:\/\/issuu.com\/juntadeandalucia9\/docs\/10_ruta_vera\">Gu\u00eda de Vera.<\/a><\/div>\n<div style=\"text-align: center\"><a href=\"https:\/\/issuu.com\/juntadeandalucia9\/docs\/11_ruta_vi_ctor_carlos\">Gu\u00eda de V\u00edctor y Carlos.<\/a><\/div>\n<div>Hasta la pr\u00f3xima \ud83d\ude09<\/div>\n","protected":false},"excerpt":{"rendered":"<p>Dentro de las actividades que los alumnos y alumnas de 6\u00ba han realizado para conmemorar el D\u00eda de Andaluc\u00eda, una destaca por encima de todas, la elaboraci\u00f3n de una gu\u00eda tur\u00edstica de nuestro pueblo.&#46;&#46;&#46;<\/p>\n","protected":false},"author":5889,"featured_media":2983,"comment_status":"closed","ping_status":"open","sticky":false,"template":"","format":"standard","meta":{"ngg_post_thumbnail":0,"footnotes":""},"categories":[13361,25496,526],"tags":[1332812,1332833,51,101,57,1332499,10591],"aioseo_notices":[],"_links":{"self":[{"href":"https:\/\/blogsaverroes.juntadeandalucia.es\/ceipelolivo\/wp-json\/wp\/v2\/posts\/2978"}],"collection":[{"href":"https:\/\/blogsaverroes.juntadeandalucia.es\/ceipelolivo\/wp-json\/wp\/v2\/posts"}],"about":[{"href":"https:\/\/blogsaverroes.juntadeandalucia.es\/ceipelolivo\/wp-json\/wp\/v2\/types\/post"}],"author":[{"embeddable":true,"href":"https:\/\/blogsaverroes.juntadeandalucia.es\/ceipelolivo\/wp-json\/wp\/v2\/users\/5889"}],"replies":[{"embeddable":true,"href":"https:\/\/blogsaverroes.juntadeandalucia.es\/ceipelolivo\/wp-json\/wp\/v2\/comments?post=2978"}],"version-history":[{"count":19,"href":"https:\/\/blogsaverroes.juntadeandalucia.es\/ceipelolivo\/wp-json\/wp\/v2\/posts\/2978\/revisions"}],"predecessor-version":[{"id":3010,"href":"https:\/\/blogsaverroes.juntadeandalucia.es\/ceipelolivo\/wp-json\/wp\/v2\/posts\/2978\/revisions\/3010"}],"wp:featuredmedia":[{"embeddable":true,"href":"https:\/\/blogsaverroes.juntadeandalucia.es\/ceipelolivo\/wp-json\/wp\/v2\/media\/2983"}],"wp:attachment":[{"href":"https:\/\/blogsaverroes.juntadeandalucia.es\/ceipelolivo\/wp-json\/wp\/v2\/media?parent=2978"}],"wp:term":[{"taxonomy":"category","embeddable":true,"href":"https:\/\/blogsaverroes.juntadeandalucia.es\/ceipelolivo\/wp-json\/wp\/v2\/categories?post=2978"},{"taxonomy":"post_tag","embeddable":true,"href":"https:\/\/blogsaverroes.juntadeandalucia.es\/ceipelolivo\/wp-json\/wp\/v2\/tags?post=2978"}],"curies":[{"name":"wp","href":"https:\/\/api.w.org\/{rel}","templated":true}]}}