{"id":3285,"date":"2018-04-03T16:29:21","date_gmt":"2018-04-03T16:29:21","guid":{"rendered":"https:\/\/blogsaverroes.juntadeandalucia.es\/ceipelolivo\/?p=3285"},"modified":"2018-04-07T22:44:02","modified_gmt":"2018-04-07T22:44:02","slug":"apostol-santiago","status":"publish","type":"post","link":"https:\/\/blogsaverroes.juntadeandalucia.es\/ceipelolivo\/apostol-santiago\/","title":{"rendered":"Investigaci\u00f3n sobre el Camino de Santiago."},"content":{"rendered":"<p><a href=\"https:\/\/blogsaverroes.juntadeandalucia.es\/ceipelolivo\/files\/2018\/04\/Victoria3\u00ba-001.jpg\" target=\"_blank\" rel=\"noopener\"><img loading=\"lazy\" decoding=\"async\" class=\"aligncenter wp-image-3287\" src=\"https:\/\/blogsaverroes.juntadeandalucia.es\/ceipelolivo\/files\/2018\/04\/Victoria3\u00ba-001-745x1024.jpg\" alt=\"\" width=\"364\" height=\"500\"><\/a><\/p>\n<p style=\"text-align: justify\">Los alumnos y alumnas de 3\u00ba de Educaci\u00f3n Primaria han realizado una investigaci\u00f3n sobre el Camino del Ap\u00f3stol Santiago (tare mandada por la maestra Mari Carmen L\u00f3pez).<\/p>\n<p style=\"text-align: justify\">Primero tuvieron que buscar informaci\u00f3n acerca de qui\u00e9n fue el Ap\u00f3stol Santiago y lo que significa el camino para un peregrino:<\/p>\n<p style=\"text-align: justify\"><img loading=\"lazy\" decoding=\"async\" class=\"wp-image-3286 alignleft\" src=\"https:\/\/blogsaverroes.juntadeandalucia.es\/ceipelolivo\/files\/2018\/04\/Ap\u00f3stol-218x300.jpg\" alt=\"\" width=\"291\" height=\"400\"><\/p>\n<p style=\"text-align: justify\"><a href=\"https:\/\/blogsaverroes.juntadeandalucia.es\/ceipelolivo\/files\/2018\/04\/\u00c1ngela-001.jpg\" target=\"_blank\" rel=\"noopener\"><img loading=\"lazy\" decoding=\"async\" class=\"wp-image-3289 alignleft\" src=\"https:\/\/blogsaverroes.juntadeandalucia.es\/ceipelolivo\/files\/2018\/04\/\u00c1ngela-001-218x300.jpg\" alt=\"\" width=\"291\" height=\"400\"><\/a>\u00bfPero hay un s\u00f3lo camino?\u00bfO se puede hacer desde distintos lugares?<\/p>\n<p style=\"text-align: justify\"><a href=\"https:\/\/blogsaverroes.juntadeandalucia.es\/ceipelolivo\/files\/2018\/04\/\u00c1ngela_02-001.jpg\" target=\"_blank\" rel=\"noopener\"><img loading=\"lazy\" decoding=\"async\" class=\"aligncenter wp-image-3290\" src=\"https:\/\/blogsaverroes.juntadeandalucia.es\/ceipelolivo\/files\/2018\/04\/\u00c1ngela_02-001-218x300.jpg\" alt=\"\" width=\"291\" height=\"400\"><\/a>Por \u00faltimo tuvieron que buscar los s\u00edmbolos del peregrino y ver c\u00f3mo vest\u00edan en la antig\u00fcedad para realizar el camino:<\/p>\n<p><a href=\"https:\/\/blogsaverroes.juntadeandalucia.es\/ceipelolivo\/files\/2018\/04\/Macarena02-001.jpg\" target=\"_blank\" rel=\"noopener\"><img loading=\"lazy\" decoding=\"async\" class=\"wp-image-3288 aligncenter\" src=\"https:\/\/blogsaverroes.juntadeandalucia.es\/ceipelolivo\/files\/2018\/04\/Macarena02-001-218x300.jpg\" alt=\"\" width=\"291\" height=\"400\" srcset=\"https:\/\/blogsaverroes.juntadeandalucia.es\/ceipelolivo\/files\/2018\/04\/Macarena02-001-218x300.jpg 218w, https:\/\/blogsaverroes.juntadeandalucia.es\/ceipelolivo\/files\/2018\/04\/Macarena02-001-768x1056.jpg 768w, https:\/\/blogsaverroes.juntadeandalucia.es\/ceipelolivo\/files\/2018\/04\/Macarena02-001-745x1024.jpg 745w, https:\/\/blogsaverroes.juntadeandalucia.es\/ceipelolivo\/files\/2018\/04\/Macarena02-001-700x963.jpg 700w, https:\/\/blogsaverroes.juntadeandalucia.es\/ceipelolivo\/files\/2018\/04\/Macarena02-001-17x24.jpg 17w, https:\/\/blogsaverroes.juntadeandalucia.es\/ceipelolivo\/files\/2018\/04\/Macarena02-001-26x36.jpg 26w, https:\/\/blogsaverroes.juntadeandalucia.es\/ceipelolivo\/files\/2018\/04\/Macarena02-001-35x48.jpg 35w, https:\/\/blogsaverroes.juntadeandalucia.es\/ceipelolivo\/files\/2018\/04\/Macarena02-001.jpg 1163w\" sizes=\"(max-width: 291px) 100vw, 291px\" \/><\/a> <a href=\"https:\/\/blogsaverroes.juntadeandalucia.es\/ceipelolivo\/files\/2018\/04\/Lolo-001.jpg\" target=\"_blank\" rel=\"noopener\"><img loading=\"lazy\" decoding=\"async\" class=\"wp-image-3291 aligncenter\" src=\"https:\/\/blogsaverroes.juntadeandalucia.es\/ceipelolivo\/files\/2018\/04\/Lolo-001-218x300.jpg\" alt=\"\" width=\"291\" height=\"400\" srcset=\"https:\/\/blogsaverroes.juntadeandalucia.es\/ceipelolivo\/files\/2018\/04\/Lolo-001-218x300.jpg 218w, https:\/\/blogsaverroes.juntadeandalucia.es\/ceipelolivo\/files\/2018\/04\/Lolo-001-768x1056.jpg 768w, https:\/\/blogsaverroes.juntadeandalucia.es\/ceipelolivo\/files\/2018\/04\/Lolo-001-745x1024.jpg 745w, https:\/\/blogsaverroes.juntadeandalucia.es\/ceipelolivo\/files\/2018\/04\/Lolo-001-700x963.jpg 700w, https:\/\/blogsaverroes.juntadeandalucia.es\/ceipelolivo\/files\/2018\/04\/Lolo-001-17x24.jpg 17w, https:\/\/blogsaverroes.juntadeandalucia.es\/ceipelolivo\/files\/2018\/04\/Lolo-001-26x36.jpg 26w, https:\/\/blogsaverroes.juntadeandalucia.es\/ceipelolivo\/files\/2018\/04\/Lolo-001-35x48.jpg 35w, https:\/\/blogsaverroes.juntadeandalucia.es\/ceipelolivo\/files\/2018\/04\/Lolo-001.jpg 1163w\" sizes=\"(max-width: 291px) 100vw, 291px\" \/><\/a><\/p>\n<p>Genial trabajo, seguid as\u00ed.<\/p>\n","protected":false},"excerpt":{"rendered":"<p>Los alumnos y alumnas de 3\u00ba de Educaci\u00f3n Primaria han realizado una investigaci\u00f3n sobre el Camino del Ap\u00f3stol Santiago (tare mandada por la maestra Mari Carmen L\u00f3pez). Primero tuvieron que buscar informaci\u00f3n acerca de&#46;&#46;&#46;<\/p>\n","protected":false},"author":5889,"featured_media":0,"comment_status":"closed","ping_status":"open","sticky":false,"template":"","format":"standard","meta":{"ngg_post_thumbnail":0,"footnotes":""},"categories":[25495,526],"tags":[1332839,1332847,1332808,828177,1332499],"aioseo_notices":[],"_links":{"self":[{"href":"https:\/\/blogsaverroes.juntadeandalucia.es\/ceipelolivo\/wp-json\/wp\/v2\/posts\/3285"}],"collection":[{"href":"https:\/\/blogsaverroes.juntadeandalucia.es\/ceipelolivo\/wp-json\/wp\/v2\/posts"}],"about":[{"href":"https:\/\/blogsaverroes.juntadeandalucia.es\/ceipelolivo\/wp-json\/wp\/v2\/types\/post"}],"author":[{"embeddable":true,"href":"https:\/\/blogsaverroes.juntadeandalucia.es\/ceipelolivo\/wp-json\/wp\/v2\/users\/5889"}],"replies":[{"embeddable":true,"href":"https:\/\/blogsaverroes.juntadeandalucia.es\/ceipelolivo\/wp-json\/wp\/v2\/comments?post=3285"}],"version-history":[{"count":16,"href":"https:\/\/blogsaverroes.juntadeandalucia.es\/ceipelolivo\/wp-json\/wp\/v2\/posts\/3285\/revisions"}],"predecessor-version":[{"id":3348,"href":"https:\/\/blogsaverroes.juntadeandalucia.es\/ceipelolivo\/wp-json\/wp\/v2\/posts\/3285\/revisions\/3348"}],"wp:attachment":[{"href":"https:\/\/blogsaverroes.juntadeandalucia.es\/ceipelolivo\/wp-json\/wp\/v2\/media?parent=3285"}],"wp:term":[{"taxonomy":"category","embeddable":true,"href":"https:\/\/blogsaverroes.juntadeandalucia.es\/ceipelolivo\/wp-json\/wp\/v2\/categories?post=3285"},{"taxonomy":"post_tag","embeddable":true,"href":"https:\/\/blogsaverroes.juntadeandalucia.es\/ceipelolivo\/wp-json\/wp\/v2\/tags?post=3285"}],"curies":[{"name":"wp","href":"https:\/\/api.w.org\/{rel}","templated":true}]}}