{"id":3989,"date":"2018-07-03T17:23:05","date_gmt":"2018-07-03T17:23:05","guid":{"rendered":"https:\/\/blogsaverroes.juntadeandalucia.es\/ceipelolivo\/?p=3989"},"modified":"2018-09-02T07:58:00","modified_gmt":"2018-09-02T07:58:00","slug":"despedida-del-curso-201718","status":"publish","type":"post","link":"https:\/\/blogsaverroes.juntadeandalucia.es\/ceipelolivo\/despedida-del-curso-201718\/","title":{"rendered":"Despedida del curso 2017\/18."},"content":{"rendered":"<p style=\"text-align: justify\">Los \u00faltimos d\u00edas del curso 2017\/18, sobre todo los de la \u00faltima semana, vamos a recordarlos durante mucho tiempo por las intensas emociones que hemos vivido. En las siguientes l\u00edneas os ofrecemos un peque\u00f1o esbozo de algunas de las actividades que se han llevado a cabo.<\/p>\n<p style=\"text-align: justify\">Vaya por delante nuestro agradecimiento a Oliampa, por las actividades que nos han organizado, &nbsp;y a las familias que siempre est\u00e1n dispuestas a dedicar su tiempo y su esfuerzo para que nuestros peques pinten una sonrisa en sus caras. GRACIAS.<\/p>\n<h4>Lunes 18 de junio de 2018<\/h4>\n<p>Ten\u00e9is la cr\u00f3nica del partidillo de f\u00fatbol sala que disputamos en el siguiente enlace:<\/p>\n<div id=\"attachment_3980\" style=\"width: 670px\" class=\"wp-caption aligncenter\"><a href=\"https:\/\/blogsaverroes.juntadeandalucia.es\/ceipelolivo\/partidillo-de-futbol-sala\/\" target=\"_blank\" rel=\"noopener\"><img loading=\"lazy\" decoding=\"async\" aria-describedby=\"caption-attachment-3980\" class=\"wp-image-3980 size-large\" src=\"https:\/\/blogsaverroes.juntadeandalucia.es\/ceipelolivo\/files\/2018\/06\/IMG_0614-1024x683.jpg\" alt=\"\" width=\"660\" height=\"440\" srcset=\"https:\/\/blogsaverroes.juntadeandalucia.es\/ceipelolivo\/files\/2018\/06\/IMG_0614-1024x683.jpg 1024w, https:\/\/blogsaverroes.juntadeandalucia.es\/ceipelolivo\/files\/2018\/06\/IMG_0614-300x200.jpg 300w, https:\/\/blogsaverroes.juntadeandalucia.es\/ceipelolivo\/files\/2018\/06\/IMG_0614-768x512.jpg 768w, https:\/\/blogsaverroes.juntadeandalucia.es\/ceipelolivo\/files\/2018\/06\/IMG_0614-700x467.jpg 700w, https:\/\/blogsaverroes.juntadeandalucia.es\/ceipelolivo\/files\/2018\/06\/IMG_0614-24x16.jpg 24w, https:\/\/blogsaverroes.juntadeandalucia.es\/ceipelolivo\/files\/2018\/06\/IMG_0614-36x24.jpg 36w, https:\/\/blogsaverroes.juntadeandalucia.es\/ceipelolivo\/files\/2018\/06\/IMG_0614-48x32.jpg 48w, https:\/\/blogsaverroes.juntadeandalucia.es\/ceipelolivo\/files\/2018\/06\/IMG_0614.jpg 1600w\" sizes=\"(max-width: 660px) 100vw, 660px\" \/><\/a><p id=\"caption-attachment-3980\" class=\"wp-caption-text\">Clase de 6\u00ba VS Maestr@s.<\/p><\/div>\n<p>Una experiencia genial \ud83d\ude09<\/p>\n<h4>Martes 19 de junio de 2018<\/h4>\n<p style=\"text-align: justify\">El martes acudimos a la v\u00eda verde con las clases de 5\u00ba y 6\u00ba para participar en una actividad muy interesante, si quer\u00e9is saber en que consisti\u00f3 pod\u00e9is seguir el siguiente enlace:<\/p>\n<div id=\"attachment_3947\" style=\"width: 670px\" class=\"wp-caption aligncenter\"><a href=\"https:\/\/blogsaverroes.juntadeandalucia.es\/ceipelolivo\/vi-marcha-por-la-salud-ano-2018\/\" target=\"_blank\" rel=\"noopener\"><img loading=\"lazy\" decoding=\"async\" aria-describedby=\"caption-attachment-3947\" class=\"wp-image-3947 size-large\" src=\"https:\/\/blogsaverroes.juntadeandalucia.es\/ceipelolivo\/files\/2018\/06\/IMG_0666-1024x683.jpg\" alt=\"\" width=\"660\" height=\"440\" srcset=\"https:\/\/blogsaverroes.juntadeandalucia.es\/ceipelolivo\/files\/2018\/06\/IMG_0666-1024x683.jpg 1024w, https:\/\/blogsaverroes.juntadeandalucia.es\/ceipelolivo\/files\/2018\/06\/IMG_0666-300x200.jpg 300w, https:\/\/blogsaverroes.juntadeandalucia.es\/ceipelolivo\/files\/2018\/06\/IMG_0666-768x512.jpg 768w, https:\/\/blogsaverroes.juntadeandalucia.es\/ceipelolivo\/files\/2018\/06\/IMG_0666-700x467.jpg 700w, https:\/\/blogsaverroes.juntadeandalucia.es\/ceipelolivo\/files\/2018\/06\/IMG_0666-24x16.jpg 24w, https:\/\/blogsaverroes.juntadeandalucia.es\/ceipelolivo\/files\/2018\/06\/IMG_0666-36x24.jpg 36w, https:\/\/blogsaverroes.juntadeandalucia.es\/ceipelolivo\/files\/2018\/06\/IMG_0666-48x32.jpg 48w, https:\/\/blogsaverroes.juntadeandalucia.es\/ceipelolivo\/files\/2018\/06\/IMG_0666.jpg 1600w\" sizes=\"(max-width: 660px) 100vw, 660px\" \/><\/a><p id=\"caption-attachment-3947\" class=\"wp-caption-text\">VI Marcha por la salud. A\u00f1o 2018.<\/p><\/div>\n<h4 style=\"text-align: justify\">Mi\u00e9rcoles 20 de junio de 2018<\/h4>\n<p style=\"text-align: justify\">Oliampa nos ten\u00eda preparada una visita muy especial. La asociaci\u00f3n Sisadown nos dio una lecci\u00f3n de lo que significa el ESFUERZO con may\u00fasculas y que el mejor trabajo es el que se realiza con ILUSI\u00d3N.<\/p>\n<p style=\"text-align: justify\">Pudimos comprobar que la \u00abdiscapacidad\u00bb se encuentra \u00fanicamente en la mente de aquellas personas que no aceptan que pueda haber seres humanos con capacidades distintas, personas que ofrecen lecciones cargadas de optimismo en cada acto que realizan o palabra que pronuncian. Un diez.<\/p>\n<p><img loading=\"lazy\" decoding=\"async\" class=\"aligncenter wp-image-4038 size-large\" src=\"https:\/\/blogsaverroes.juntadeandalucia.es\/ceipelolivo\/files\/2018\/07\/IMG_0700-1024x683.jpg\" alt=\"\" width=\"660\" height=\"440\" srcset=\"https:\/\/blogsaverroes.juntadeandalucia.es\/ceipelolivo\/files\/2018\/07\/IMG_0700-1024x683.jpg 1024w, https:\/\/blogsaverroes.juntadeandalucia.es\/ceipelolivo\/files\/2018\/07\/IMG_0700-300x200.jpg 300w, https:\/\/blogsaverroes.juntadeandalucia.es\/ceipelolivo\/files\/2018\/07\/IMG_0700-768x512.jpg 768w, https:\/\/blogsaverroes.juntadeandalucia.es\/ceipelolivo\/files\/2018\/07\/IMG_0700-700x467.jpg 700w, https:\/\/blogsaverroes.juntadeandalucia.es\/ceipelolivo\/files\/2018\/07\/IMG_0700-24x16.jpg 24w, https:\/\/blogsaverroes.juntadeandalucia.es\/ceipelolivo\/files\/2018\/07\/IMG_0700-36x24.jpg 36w, https:\/\/blogsaverroes.juntadeandalucia.es\/ceipelolivo\/files\/2018\/07\/IMG_0700-48x32.jpg 48w, https:\/\/blogsaverroes.juntadeandalucia.es\/ceipelolivo\/files\/2018\/07\/IMG_0700.jpg 1600w\" sizes=\"(max-width: 660px) 100vw, 660px\" \/><\/p>\n<p><img loading=\"lazy\" decoding=\"async\" class=\"aligncenter wp-image-4039 size-large\" src=\"https:\/\/blogsaverroes.juntadeandalucia.es\/ceipelolivo\/files\/2018\/07\/IMG_0707-1024x683.jpg\" alt=\"\" width=\"660\" height=\"440\" srcset=\"https:\/\/blogsaverroes.juntadeandalucia.es\/ceipelolivo\/files\/2018\/07\/IMG_0707-1024x683.jpg 1024w, https:\/\/blogsaverroes.juntadeandalucia.es\/ceipelolivo\/files\/2018\/07\/IMG_0707-300x200.jpg 300w, https:\/\/blogsaverroes.juntadeandalucia.es\/ceipelolivo\/files\/2018\/07\/IMG_0707-768x512.jpg 768w, https:\/\/blogsaverroes.juntadeandalucia.es\/ceipelolivo\/files\/2018\/07\/IMG_0707-700x467.jpg 700w, https:\/\/blogsaverroes.juntadeandalucia.es\/ceipelolivo\/files\/2018\/07\/IMG_0707-24x16.jpg 24w, https:\/\/blogsaverroes.juntadeandalucia.es\/ceipelolivo\/files\/2018\/07\/IMG_0707-36x24.jpg 36w, https:\/\/blogsaverroes.juntadeandalucia.es\/ceipelolivo\/files\/2018\/07\/IMG_0707-48x32.jpg 48w, https:\/\/blogsaverroes.juntadeandalucia.es\/ceipelolivo\/files\/2018\/07\/IMG_0707.jpg 1600w\" sizes=\"(max-width: 660px) 100vw, 660px\" \/><\/p>\n<p style=\"text-align: justify\">El mismo d\u00eda nuestros peques de infantil disfrutaron de una jornada piscinera, actividad que se ha convertido en cl\u00e1sica en nuestro colegio. Os podemos asegurar que se lo pasaron genial, \u00bfqu\u00e9 secreto tendr\u00e1 el agua para que todo el mundo se lo pase bien d\u00e1ndose un ba\u00f1ito? O tir\u00e1ndose agua encima, como nuestras maestras de infantil y las mam\u00e1s que las acompa\u00f1an&#8230; \ud83d\ude09<\/p>\n<p><img loading=\"lazy\" decoding=\"async\" class=\"aligncenter wp-image-4040 size-large\" src=\"https:\/\/blogsaverroes.juntadeandalucia.es\/ceipelolivo\/files\/2018\/07\/IMG_0716-1024x683.jpg\" alt=\"\" width=\"660\" height=\"440\" srcset=\"https:\/\/blogsaverroes.juntadeandalucia.es\/ceipelolivo\/files\/2018\/07\/IMG_0716-1024x683.jpg 1024w, https:\/\/blogsaverroes.juntadeandalucia.es\/ceipelolivo\/files\/2018\/07\/IMG_0716-300x200.jpg 300w, https:\/\/blogsaverroes.juntadeandalucia.es\/ceipelolivo\/files\/2018\/07\/IMG_0716-768x512.jpg 768w, https:\/\/blogsaverroes.juntadeandalucia.es\/ceipelolivo\/files\/2018\/07\/IMG_0716-700x467.jpg 700w, https:\/\/blogsaverroes.juntadeandalucia.es\/ceipelolivo\/files\/2018\/07\/IMG_0716-24x16.jpg 24w, https:\/\/blogsaverroes.juntadeandalucia.es\/ceipelolivo\/files\/2018\/07\/IMG_0716-36x24.jpg 36w, https:\/\/blogsaverroes.juntadeandalucia.es\/ceipelolivo\/files\/2018\/07\/IMG_0716-48x32.jpg 48w, https:\/\/blogsaverroes.juntadeandalucia.es\/ceipelolivo\/files\/2018\/07\/IMG_0716.jpg 1600w\" sizes=\"(max-width: 660px) 100vw, 660px\" \/><\/p>\n<h4>Jueves 21 de junio de 2018<\/h4>\n<p style=\"text-align: justify\">D\u00eda de actuaciones en nuestro hall.<\/p>\n<p style=\"text-align: justify\">Empezamos la ma\u00f1ana con el grupo de viento \u00abXAUEN\u00bb, cortes\u00eda del AMPA de nuestro cole. A trav\u00e9s de la m\u00fasica nos sumergimos en las historias cl\u00e1sicas de la literatura infantil. La m\u00e1s interesante, sin duda, la leyenda del lagarto de Ja\u00e9n, historia curiosa como pocas:<\/p>\n<p><a href=\"https:\/\/blogsaverroes.juntadeandalucia.es\/ceipelolivo\/files\/2018\/07\/IMG_0731.jpg\" target=\"_blank\" rel=\"noopener\"><img loading=\"lazy\" decoding=\"async\" class=\"aligncenter wp-image-4046 size-large\" src=\"https:\/\/blogsaverroes.juntadeandalucia.es\/ceipelolivo\/files\/2018\/07\/IMG_0731-1024x683.jpg\" alt=\"\" width=\"660\" height=\"440\" srcset=\"https:\/\/blogsaverroes.juntadeandalucia.es\/ceipelolivo\/files\/2018\/07\/IMG_0731-1024x683.jpg 1024w, https:\/\/blogsaverroes.juntadeandalucia.es\/ceipelolivo\/files\/2018\/07\/IMG_0731-300x200.jpg 300w, https:\/\/blogsaverroes.juntadeandalucia.es\/ceipelolivo\/files\/2018\/07\/IMG_0731-768x512.jpg 768w, https:\/\/blogsaverroes.juntadeandalucia.es\/ceipelolivo\/files\/2018\/07\/IMG_0731-700x467.jpg 700w, https:\/\/blogsaverroes.juntadeandalucia.es\/ceipelolivo\/files\/2018\/07\/IMG_0731-24x16.jpg 24w, https:\/\/blogsaverroes.juntadeandalucia.es\/ceipelolivo\/files\/2018\/07\/IMG_0731-36x24.jpg 36w, https:\/\/blogsaverroes.juntadeandalucia.es\/ceipelolivo\/files\/2018\/07\/IMG_0731-48x32.jpg 48w, https:\/\/blogsaverroes.juntadeandalucia.es\/ceipelolivo\/files\/2018\/07\/IMG_0731.jpg 1600w\" sizes=\"(max-width: 660px) 100vw, 660px\" \/><\/a><\/p>\n<p style=\"text-align: justify\">Tras el recreo le toc\u00f3 el turno a la orquesta de nuestro cole, aunque antes Claudia y Victoria nos regalaron su arte. Muchas gracias primores:<\/p>\n<div id=\"attachment_4047\" style=\"width: 670px\" class=\"wp-caption aligncenter\"><a href=\"https:\/\/blogsaverroes.juntadeandalucia.es\/ceipelolivo\/files\/2018\/07\/IMG_0733.jpg\" target=\"_blank\" rel=\"noopener\"><img loading=\"lazy\" decoding=\"async\" aria-describedby=\"caption-attachment-4047\" class=\"wp-image-4047 size-large\" src=\"https:\/\/blogsaverroes.juntadeandalucia.es\/ceipelolivo\/files\/2018\/07\/IMG_0733-1024x683.jpg\" alt=\"\" width=\"660\" height=\"440\" srcset=\"https:\/\/blogsaverroes.juntadeandalucia.es\/ceipelolivo\/files\/2018\/07\/IMG_0733-1024x683.jpg 1024w, https:\/\/blogsaverroes.juntadeandalucia.es\/ceipelolivo\/files\/2018\/07\/IMG_0733-300x200.jpg 300w, https:\/\/blogsaverroes.juntadeandalucia.es\/ceipelolivo\/files\/2018\/07\/IMG_0733-768x512.jpg 768w, https:\/\/blogsaverroes.juntadeandalucia.es\/ceipelolivo\/files\/2018\/07\/IMG_0733-700x467.jpg 700w, https:\/\/blogsaverroes.juntadeandalucia.es\/ceipelolivo\/files\/2018\/07\/IMG_0733-24x16.jpg 24w, https:\/\/blogsaverroes.juntadeandalucia.es\/ceipelolivo\/files\/2018\/07\/IMG_0733-36x24.jpg 36w, https:\/\/blogsaverroes.juntadeandalucia.es\/ceipelolivo\/files\/2018\/07\/IMG_0733-48x32.jpg 48w, https:\/\/blogsaverroes.juntadeandalucia.es\/ceipelolivo\/files\/2018\/07\/IMG_0733.jpg 1600w\" sizes=\"(max-width: 660px) 100vw, 660px\" \/><\/a><p id=\"caption-attachment-4047\" class=\"wp-caption-text\">La c\u00e1mara se qued\u00f3 sin bater\u00eda y no pudimos fotografiar a Victoria. El a\u00f1o que viene seguro que no nos vuelve a pasar&#8230;<\/p><\/div>\n<p style=\"text-align: justify\">Tras un a\u00f1o de duro trabajo a las \u00f3rdenes de Fernando, nuestro profe de m\u00fasica, los chicos y chicas nos ofrecieron un espect\u00e1culo magn\u00edfico. El broche lo puso Luc\u00eda Damas, que acompa\u00f1ada de nuestros Fernandos, nos puso los pelos como escarpias con su bonita voz:<\/p>\n<p><a href=\"https:\/\/blogsaverroes.juntadeandalucia.es\/ceipelolivo\/files\/2018\/07\/IMG_0737.jpg\" target=\"_blank\" rel=\"noopener\"><img loading=\"lazy\" decoding=\"async\" class=\"aligncenter wp-image-4050 size-large\" src=\"https:\/\/blogsaverroes.juntadeandalucia.es\/ceipelolivo\/files\/2018\/07\/IMG_0737-1024x683.jpg\" alt=\"\" width=\"660\" height=\"440\" srcset=\"https:\/\/blogsaverroes.juntadeandalucia.es\/ceipelolivo\/files\/2018\/07\/IMG_0737-1024x683.jpg 1024w, https:\/\/blogsaverroes.juntadeandalucia.es\/ceipelolivo\/files\/2018\/07\/IMG_0737-300x200.jpg 300w, https:\/\/blogsaverroes.juntadeandalucia.es\/ceipelolivo\/files\/2018\/07\/IMG_0737-768x512.jpg 768w, https:\/\/blogsaverroes.juntadeandalucia.es\/ceipelolivo\/files\/2018\/07\/IMG_0737-700x467.jpg 700w, https:\/\/blogsaverroes.juntadeandalucia.es\/ceipelolivo\/files\/2018\/07\/IMG_0737-24x16.jpg 24w, https:\/\/blogsaverroes.juntadeandalucia.es\/ceipelolivo\/files\/2018\/07\/IMG_0737-36x24.jpg 36w, https:\/\/blogsaverroes.juntadeandalucia.es\/ceipelolivo\/files\/2018\/07\/IMG_0737-48x32.jpg 48w, https:\/\/blogsaverroes.juntadeandalucia.es\/ceipelolivo\/files\/2018\/07\/IMG_0737.jpg 1600w\" sizes=\"(max-width: 660px) 100vw, 660px\" \/><\/a><\/p>\n<p><a href=\"https:\/\/blogsaverroes.juntadeandalucia.es\/ceipelolivo\/files\/2018\/07\/IMG_0738.jpg\" target=\"_blank\" rel=\"noopener\"><img loading=\"lazy\" decoding=\"async\" class=\"aligncenter wp-image-4049 size-large\" src=\"https:\/\/blogsaverroes.juntadeandalucia.es\/ceipelolivo\/files\/2018\/07\/IMG_0738-1024x683.jpg\" alt=\"\" width=\"660\" height=\"440\" srcset=\"https:\/\/blogsaverroes.juntadeandalucia.es\/ceipelolivo\/files\/2018\/07\/IMG_0738-1024x683.jpg 1024w, https:\/\/blogsaverroes.juntadeandalucia.es\/ceipelolivo\/files\/2018\/07\/IMG_0738-300x200.jpg 300w, https:\/\/blogsaverroes.juntadeandalucia.es\/ceipelolivo\/files\/2018\/07\/IMG_0738-768x512.jpg 768w, https:\/\/blogsaverroes.juntadeandalucia.es\/ceipelolivo\/files\/2018\/07\/IMG_0738-700x467.jpg 700w, https:\/\/blogsaverroes.juntadeandalucia.es\/ceipelolivo\/files\/2018\/07\/IMG_0738-24x16.jpg 24w, https:\/\/blogsaverroes.juntadeandalucia.es\/ceipelolivo\/files\/2018\/07\/IMG_0738-36x24.jpg 36w, https:\/\/blogsaverroes.juntadeandalucia.es\/ceipelolivo\/files\/2018\/07\/IMG_0738-48x32.jpg 48w, https:\/\/blogsaverroes.juntadeandalucia.es\/ceipelolivo\/files\/2018\/07\/IMG_0738.jpg 1600w\" sizes=\"(max-width: 660px) 100vw, 660px\" \/><\/a><\/p>\n<p><iframe loading=\"lazy\" src=\"https:\/\/www.youtube.com\/embed\/eOMlpHsne3U\" width=\"560\" height=\"315\" frameborder=\"0\"><\/iframe><\/p>\n<p style=\"text-align: justify\">Entre actuaci\u00f3n y actuaci\u00f3n los alumnos y alumnas de 5\u00ba le dieron una sorpresa a Cristina, su tutora, que tras una vida dedicada a la educaci\u00f3n se despide para emprender una nueva aventura, que le deseamos si cabe m\u00e1s bonita que la que acaba de dejar atr\u00e1s.<\/p>\n<p><a href=\"https:\/\/blogsaverroes.juntadeandalucia.es\/ceipelolivo\/files\/2018\/07\/IMG_0750.jpg\" target=\"_blank\" rel=\"noopener\"><img loading=\"lazy\" decoding=\"async\" class=\"aligncenter wp-image-4048 size-large\" src=\"https:\/\/blogsaverroes.juntadeandalucia.es\/ceipelolivo\/files\/2018\/07\/IMG_0750-1024x683.jpg\" alt=\"\" width=\"660\" height=\"440\" srcset=\"https:\/\/blogsaverroes.juntadeandalucia.es\/ceipelolivo\/files\/2018\/07\/IMG_0750-1024x683.jpg 1024w, https:\/\/blogsaverroes.juntadeandalucia.es\/ceipelolivo\/files\/2018\/07\/IMG_0750-300x200.jpg 300w, https:\/\/blogsaverroes.juntadeandalucia.es\/ceipelolivo\/files\/2018\/07\/IMG_0750-768x512.jpg 768w, https:\/\/blogsaverroes.juntadeandalucia.es\/ceipelolivo\/files\/2018\/07\/IMG_0750-700x467.jpg 700w, https:\/\/blogsaverroes.juntadeandalucia.es\/ceipelolivo\/files\/2018\/07\/IMG_0750-24x16.jpg 24w, https:\/\/blogsaverroes.juntadeandalucia.es\/ceipelolivo\/files\/2018\/07\/IMG_0750-36x24.jpg 36w, https:\/\/blogsaverroes.juntadeandalucia.es\/ceipelolivo\/files\/2018\/07\/IMG_0750-48x32.jpg 48w, https:\/\/blogsaverroes.juntadeandalucia.es\/ceipelolivo\/files\/2018\/07\/IMG_0750.jpg 1600w\" sizes=\"(max-width: 660px) 100vw, 660px\" \/><\/a><\/p>\n<h4 style=\"text-align: justify\">Viernes 22 de junio de 2018<\/h4>\n<p style=\"text-align: justify\">Es inevitable sentir nerviosismo el \u00faltimo d\u00eda de clase. En el colegio se respira un ambiente de diversi\u00f3n y expectaci\u00f3n por la llegada de las vacaciones de verano y la entrega de notas tras un duro a\u00f1o de trabajo. Adem\u00e1s hay alumnos y alumnas que no volver\u00e1n el pr\u00f3ximo curso y que tienen los nervios a flor de piel. Y este a\u00f1o no ha sido distinto&#8230;<\/p>\n<p style=\"text-align: justify\">La ma\u00f1ana comenz\u00f3 con una bonita gincana preparada con mucho cari\u00f1o por mam\u00e1s (y hermanas&#8230;) de nuestro centro:<\/p>\n\n\t\t<style>\n\t\t\t#gallery-1 {\n\t\t\t\tmargin: auto;\n\t\t\t}\n\t\t\t#gallery-1 .gallery-item {\n\t\t\t\tfloat: left;\n\t\t\t\tmargin-top: 10px;\n\t\t\t\ttext-align: center;\n\t\t\t\twidth: 33%;\n\t\t\t}\n\t\t\t#gallery-1 img {\n\t\t\t\tborder: 2px solid #cfcfcf;\n\t\t\t}\n\t\t\t#gallery-1 .gallery-caption {\n\t\t\t\tmargin-left: 0;\n\t\t\t}\n\t\t\t\/* see gallery_shortcode() in wp-includes\/media.php *\/\n\t\t<\/style>\n\t\t<div id='gallery-1' class='gallery galleryid-3989 gallery-columns-3 gallery-size-thumbnail'><dl class='gallery-item'>\n\t\t\t<dt class='gallery-icon landscape'>\n\t\t\t\t<a href='https:\/\/blogsaverroes.juntadeandalucia.es\/ceipelolivo\/files\/2018\/07\/IMG_0757.jpg'><img loading=\"lazy\" decoding=\"async\" width=\"150\" height=\"150\" src=\"https:\/\/blogsaverroes.juntadeandalucia.es\/ceipelolivo\/files\/2018\/07\/IMG_0757-150x150.jpg\" class=\"attachment-thumbnail size-thumbnail\" alt=\"\" srcset=\"https:\/\/blogsaverroes.juntadeandalucia.es\/ceipelolivo\/files\/2018\/07\/IMG_0757-150x150.jpg 150w, https:\/\/blogsaverroes.juntadeandalucia.es\/ceipelolivo\/files\/2018\/07\/IMG_0757-100x100.jpg 100w, https:\/\/blogsaverroes.juntadeandalucia.es\/ceipelolivo\/files\/2018\/07\/IMG_0757-432x432.jpg 432w, https:\/\/blogsaverroes.juntadeandalucia.es\/ceipelolivo\/files\/2018\/07\/IMG_0757-268x268.jpg 268w\" sizes=\"(max-width: 150px) 100vw, 150px\" \/><\/a>\n\t\t\t<\/dt><\/dl><dl class='gallery-item'>\n\t\t\t<dt class='gallery-icon landscape'>\n\t\t\t\t<a href='https:\/\/blogsaverroes.juntadeandalucia.es\/ceipelolivo\/files\/2018\/07\/IMG_0759.jpg'><img loading=\"lazy\" decoding=\"async\" width=\"150\" height=\"150\" src=\"https:\/\/blogsaverroes.juntadeandalucia.es\/ceipelolivo\/files\/2018\/07\/IMG_0759-150x150.jpg\" class=\"attachment-thumbnail size-thumbnail\" alt=\"\" srcset=\"https:\/\/blogsaverroes.juntadeandalucia.es\/ceipelolivo\/files\/2018\/07\/IMG_0759-150x150.jpg 150w, https:\/\/blogsaverroes.juntadeandalucia.es\/ceipelolivo\/files\/2018\/07\/IMG_0759-100x100.jpg 100w, https:\/\/blogsaverroes.juntadeandalucia.es\/ceipelolivo\/files\/2018\/07\/IMG_0759-432x432.jpg 432w, https:\/\/blogsaverroes.juntadeandalucia.es\/ceipelolivo\/files\/2018\/07\/IMG_0759-268x268.jpg 268w\" sizes=\"(max-width: 150px) 100vw, 150px\" \/><\/a>\n\t\t\t<\/dt><\/dl><dl class='gallery-item'>\n\t\t\t<dt class='gallery-icon landscape'>\n\t\t\t\t<a href='https:\/\/blogsaverroes.juntadeandalucia.es\/ceipelolivo\/files\/2018\/07\/IMG_0763.jpg'><img loading=\"lazy\" decoding=\"async\" width=\"150\" height=\"150\" src=\"https:\/\/blogsaverroes.juntadeandalucia.es\/ceipelolivo\/files\/2018\/07\/IMG_0763-150x150.jpg\" class=\"attachment-thumbnail size-thumbnail\" alt=\"\" srcset=\"https:\/\/blogsaverroes.juntadeandalucia.es\/ceipelolivo\/files\/2018\/07\/IMG_0763-150x150.jpg 150w, https:\/\/blogsaverroes.juntadeandalucia.es\/ceipelolivo\/files\/2018\/07\/IMG_0763-100x100.jpg 100w, https:\/\/blogsaverroes.juntadeandalucia.es\/ceipelolivo\/files\/2018\/07\/IMG_0763-432x432.jpg 432w, https:\/\/blogsaverroes.juntadeandalucia.es\/ceipelolivo\/files\/2018\/07\/IMG_0763-268x268.jpg 268w\" sizes=\"(max-width: 150px) 100vw, 150px\" \/><\/a>\n\t\t\t<\/dt><\/dl><br style=\"clear: both\" \/><dl class='gallery-item'>\n\t\t\t<dt class='gallery-icon landscape'>\n\t\t\t\t<a href='https:\/\/blogsaverroes.juntadeandalucia.es\/ceipelolivo\/files\/2018\/07\/IMG_0764.jpg'><img loading=\"lazy\" decoding=\"async\" width=\"150\" height=\"150\" src=\"https:\/\/blogsaverroes.juntadeandalucia.es\/ceipelolivo\/files\/2018\/07\/IMG_0764-150x150.jpg\" class=\"attachment-thumbnail size-thumbnail\" alt=\"\" srcset=\"https:\/\/blogsaverroes.juntadeandalucia.es\/ceipelolivo\/files\/2018\/07\/IMG_0764-150x150.jpg 150w, https:\/\/blogsaverroes.juntadeandalucia.es\/ceipelolivo\/files\/2018\/07\/IMG_0764-100x100.jpg 100w, https:\/\/blogsaverroes.juntadeandalucia.es\/ceipelolivo\/files\/2018\/07\/IMG_0764-432x432.jpg 432w, https:\/\/blogsaverroes.juntadeandalucia.es\/ceipelolivo\/files\/2018\/07\/IMG_0764-268x268.jpg 268w\" sizes=\"(max-width: 150px) 100vw, 150px\" \/><\/a>\n\t\t\t<\/dt><\/dl><dl class='gallery-item'>\n\t\t\t<dt class='gallery-icon landscape'>\n\t\t\t\t<a href='https:\/\/blogsaverroes.juntadeandalucia.es\/ceipelolivo\/files\/2018\/07\/IMG_0767.jpg'><img loading=\"lazy\" decoding=\"async\" width=\"150\" height=\"150\" src=\"https:\/\/blogsaverroes.juntadeandalucia.es\/ceipelolivo\/files\/2018\/07\/IMG_0767-150x150.jpg\" class=\"attachment-thumbnail size-thumbnail\" alt=\"\" srcset=\"https:\/\/blogsaverroes.juntadeandalucia.es\/ceipelolivo\/files\/2018\/07\/IMG_0767-150x150.jpg 150w, https:\/\/blogsaverroes.juntadeandalucia.es\/ceipelolivo\/files\/2018\/07\/IMG_0767-100x100.jpg 100w, https:\/\/blogsaverroes.juntadeandalucia.es\/ceipelolivo\/files\/2018\/07\/IMG_0767-432x432.jpg 432w, https:\/\/blogsaverroes.juntadeandalucia.es\/ceipelolivo\/files\/2018\/07\/IMG_0767-268x268.jpg 268w\" sizes=\"(max-width: 150px) 100vw, 150px\" \/><\/a>\n\t\t\t<\/dt><\/dl><dl class='gallery-item'>\n\t\t\t<dt class='gallery-icon landscape'>\n\t\t\t\t<a href='https:\/\/blogsaverroes.juntadeandalucia.es\/ceipelolivo\/files\/2018\/07\/IMG_0772.jpg'><img loading=\"lazy\" decoding=\"async\" width=\"150\" height=\"150\" src=\"https:\/\/blogsaverroes.juntadeandalucia.es\/ceipelolivo\/files\/2018\/07\/IMG_0772-150x150.jpg\" class=\"attachment-thumbnail size-thumbnail\" alt=\"\" srcset=\"https:\/\/blogsaverroes.juntadeandalucia.es\/ceipelolivo\/files\/2018\/07\/IMG_0772-150x150.jpg 150w, https:\/\/blogsaverroes.juntadeandalucia.es\/ceipelolivo\/files\/2018\/07\/IMG_0772-100x100.jpg 100w, https:\/\/blogsaverroes.juntadeandalucia.es\/ceipelolivo\/files\/2018\/07\/IMG_0772-432x432.jpg 432w, https:\/\/blogsaverroes.juntadeandalucia.es\/ceipelolivo\/files\/2018\/07\/IMG_0772-268x268.jpg 268w\" sizes=\"(max-width: 150px) 100vw, 150px\" \/><\/a>\n\t\t\t<\/dt><\/dl><br style=\"clear: both\" \/><dl class='gallery-item'>\n\t\t\t<dt class='gallery-icon landscape'>\n\t\t\t\t<a href='https:\/\/blogsaverroes.juntadeandalucia.es\/ceipelolivo\/files\/2018\/07\/IMG_0774.jpg'><img loading=\"lazy\" decoding=\"async\" width=\"150\" height=\"150\" src=\"https:\/\/blogsaverroes.juntadeandalucia.es\/ceipelolivo\/files\/2018\/07\/IMG_0774-150x150.jpg\" class=\"attachment-thumbnail size-thumbnail\" alt=\"\" srcset=\"https:\/\/blogsaverroes.juntadeandalucia.es\/ceipelolivo\/files\/2018\/07\/IMG_0774-150x150.jpg 150w, https:\/\/blogsaverroes.juntadeandalucia.es\/ceipelolivo\/files\/2018\/07\/IMG_0774-100x100.jpg 100w, https:\/\/blogsaverroes.juntadeandalucia.es\/ceipelolivo\/files\/2018\/07\/IMG_0774-432x432.jpg 432w, https:\/\/blogsaverroes.juntadeandalucia.es\/ceipelolivo\/files\/2018\/07\/IMG_0774-268x268.jpg 268w\" sizes=\"(max-width: 150px) 100vw, 150px\" \/><\/a>\n\t\t\t<\/dt><\/dl><dl class='gallery-item'>\n\t\t\t<dt class='gallery-icon landscape'>\n\t\t\t\t<a href='https:\/\/blogsaverroes.juntadeandalucia.es\/ceipelolivo\/files\/2018\/07\/IMG_0776.jpg'><img loading=\"lazy\" decoding=\"async\" width=\"150\" height=\"150\" src=\"https:\/\/blogsaverroes.juntadeandalucia.es\/ceipelolivo\/files\/2018\/07\/IMG_0776-150x150.jpg\" class=\"attachment-thumbnail size-thumbnail\" alt=\"\" srcset=\"https:\/\/blogsaverroes.juntadeandalucia.es\/ceipelolivo\/files\/2018\/07\/IMG_0776-150x150.jpg 150w, https:\/\/blogsaverroes.juntadeandalucia.es\/ceipelolivo\/files\/2018\/07\/IMG_0776-100x100.jpg 100w, https:\/\/blogsaverroes.juntadeandalucia.es\/ceipelolivo\/files\/2018\/07\/IMG_0776-432x432.jpg 432w, https:\/\/blogsaverroes.juntadeandalucia.es\/ceipelolivo\/files\/2018\/07\/IMG_0776-268x268.jpg 268w\" sizes=\"(max-width: 150px) 100vw, 150px\" \/><\/a>\n\t\t\t<\/dt><\/dl><dl class='gallery-item'>\n\t\t\t<dt class='gallery-icon landscape'>\n\t\t\t\t<a href='https:\/\/blogsaverroes.juntadeandalucia.es\/ceipelolivo\/files\/2018\/07\/IMG_0789.jpg'><img loading=\"lazy\" decoding=\"async\" width=\"150\" height=\"150\" src=\"https:\/\/blogsaverroes.juntadeandalucia.es\/ceipelolivo\/files\/2018\/07\/IMG_0789-150x150.jpg\" class=\"attachment-thumbnail size-thumbnail\" alt=\"\" srcset=\"https:\/\/blogsaverroes.juntadeandalucia.es\/ceipelolivo\/files\/2018\/07\/IMG_0789-150x150.jpg 150w, https:\/\/blogsaverroes.juntadeandalucia.es\/ceipelolivo\/files\/2018\/07\/IMG_0789-100x100.jpg 100w, https:\/\/blogsaverroes.juntadeandalucia.es\/ceipelolivo\/files\/2018\/07\/IMG_0789-432x432.jpg 432w, https:\/\/blogsaverroes.juntadeandalucia.es\/ceipelolivo\/files\/2018\/07\/IMG_0789-268x268.jpg 268w\" sizes=\"(max-width: 150px) 100vw, 150px\" \/><\/a>\n\t\t\t<\/dt><\/dl><br style=\"clear: both\" \/>\n\t\t<\/div>\n\n<p style=\"text-align: justify\">En grupos formados de distintas clases, nuestros alumnos y alumnas ten\u00edan que recorrer el colegio buscando pistas para resolver el misterio planteado. Un rato muy divertido que m\u00e1s tarde sigui\u00f3 con los alumnos y alumnas de infantil:<\/p>\n\n\t\t<style>\n\t\t\t#gallery-2 {\n\t\t\t\tmargin: auto;\n\t\t\t}\n\t\t\t#gallery-2 .gallery-item {\n\t\t\t\tfloat: left;\n\t\t\t\tmargin-top: 10px;\n\t\t\t\ttext-align: center;\n\t\t\t\twidth: 33%;\n\t\t\t}\n\t\t\t#gallery-2 img {\n\t\t\t\tborder: 2px solid #cfcfcf;\n\t\t\t}\n\t\t\t#gallery-2 .gallery-caption {\n\t\t\t\tmargin-left: 0;\n\t\t\t}\n\t\t\t\/* see gallery_shortcode() in wp-includes\/media.php *\/\n\t\t<\/style>\n\t\t<div id='gallery-2' class='gallery galleryid-3989 gallery-columns-3 gallery-size-thumbnail'><dl class='gallery-item'>\n\t\t\t<dt class='gallery-icon landscape'>\n\t\t\t\t<a href='https:\/\/blogsaverroes.juntadeandalucia.es\/ceipelolivo\/files\/2018\/07\/IMG_0804.jpg'><img loading=\"lazy\" decoding=\"async\" width=\"150\" height=\"150\" src=\"https:\/\/blogsaverroes.juntadeandalucia.es\/ceipelolivo\/files\/2018\/07\/IMG_0804-150x150.jpg\" class=\"attachment-thumbnail size-thumbnail\" alt=\"\" srcset=\"https:\/\/blogsaverroes.juntadeandalucia.es\/ceipelolivo\/files\/2018\/07\/IMG_0804-150x150.jpg 150w, https:\/\/blogsaverroes.juntadeandalucia.es\/ceipelolivo\/files\/2018\/07\/IMG_0804-100x100.jpg 100w, https:\/\/blogsaverroes.juntadeandalucia.es\/ceipelolivo\/files\/2018\/07\/IMG_0804-432x432.jpg 432w, https:\/\/blogsaverroes.juntadeandalucia.es\/ceipelolivo\/files\/2018\/07\/IMG_0804-268x268.jpg 268w\" sizes=\"(max-width: 150px) 100vw, 150px\" \/><\/a>\n\t\t\t<\/dt><\/dl><dl class='gallery-item'>\n\t\t\t<dt class='gallery-icon landscape'>\n\t\t\t\t<a href='https:\/\/blogsaverroes.juntadeandalucia.es\/ceipelolivo\/files\/2018\/07\/IMG_0839.jpg'><img loading=\"lazy\" decoding=\"async\" width=\"150\" height=\"150\" src=\"https:\/\/blogsaverroes.juntadeandalucia.es\/ceipelolivo\/files\/2018\/07\/IMG_0839-150x150.jpg\" class=\"attachment-thumbnail size-thumbnail\" alt=\"\" srcset=\"https:\/\/blogsaverroes.juntadeandalucia.es\/ceipelolivo\/files\/2018\/07\/IMG_0839-150x150.jpg 150w, https:\/\/blogsaverroes.juntadeandalucia.es\/ceipelolivo\/files\/2018\/07\/IMG_0839-100x100.jpg 100w, https:\/\/blogsaverroes.juntadeandalucia.es\/ceipelolivo\/files\/2018\/07\/IMG_0839-432x432.jpg 432w, https:\/\/blogsaverroes.juntadeandalucia.es\/ceipelolivo\/files\/2018\/07\/IMG_0839-268x268.jpg 268w\" sizes=\"(max-width: 150px) 100vw, 150px\" \/><\/a>\n\t\t\t<\/dt><\/dl><dl class='gallery-item'>\n\t\t\t<dt class='gallery-icon landscape'>\n\t\t\t\t<a href='https:\/\/blogsaverroes.juntadeandalucia.es\/ceipelolivo\/files\/2018\/07\/IMG_0851.jpg'><img loading=\"lazy\" decoding=\"async\" width=\"150\" height=\"150\" src=\"https:\/\/blogsaverroes.juntadeandalucia.es\/ceipelolivo\/files\/2018\/07\/IMG_0851-150x150.jpg\" class=\"attachment-thumbnail size-thumbnail\" alt=\"\" srcset=\"https:\/\/blogsaverroes.juntadeandalucia.es\/ceipelolivo\/files\/2018\/07\/IMG_0851-150x150.jpg 150w, https:\/\/blogsaverroes.juntadeandalucia.es\/ceipelolivo\/files\/2018\/07\/IMG_0851-100x100.jpg 100w, https:\/\/blogsaverroes.juntadeandalucia.es\/ceipelolivo\/files\/2018\/07\/IMG_0851-432x432.jpg 432w, https:\/\/blogsaverroes.juntadeandalucia.es\/ceipelolivo\/files\/2018\/07\/IMG_0851-268x268.jpg 268w\" sizes=\"(max-width: 150px) 100vw, 150px\" \/><\/a>\n\t\t\t<\/dt><\/dl><br style=\"clear: both\" \/>\n\t\t<\/div>\n\n<p style=\"text-align: justify\">Tras el recreo, en el que los ni\u00f1os y las ni\u00f1as de 1\u00ba y 2\u00ba jugaron a distintos juegos de agua, volvimos a las clases para pasar un rato bailando y comiendo en las fiestas de clase. Momentos divertidos que adem\u00e1s aprovechamos para despedirnos de los compis y de los profes:<\/p>\n<div id=\"attachment_4066\" style=\"width: 670px\" class=\"wp-caption aligncenter\"><img loading=\"lazy\" decoding=\"async\" aria-describedby=\"caption-attachment-4066\" class=\"wp-image-4066 size-large\" src=\"https:\/\/blogsaverroes.juntadeandalucia.es\/ceipelolivo\/files\/2018\/07\/IMG_0818-1024x683.jpg\" alt=\"\" width=\"660\" height=\"440\" srcset=\"https:\/\/blogsaverroes.juntadeandalucia.es\/ceipelolivo\/files\/2018\/07\/IMG_0818-1024x683.jpg 1024w, https:\/\/blogsaverroes.juntadeandalucia.es\/ceipelolivo\/files\/2018\/07\/IMG_0818-300x200.jpg 300w, https:\/\/blogsaverroes.juntadeandalucia.es\/ceipelolivo\/files\/2018\/07\/IMG_0818-768x512.jpg 768w, https:\/\/blogsaverroes.juntadeandalucia.es\/ceipelolivo\/files\/2018\/07\/IMG_0818-700x467.jpg 700w, https:\/\/blogsaverroes.juntadeandalucia.es\/ceipelolivo\/files\/2018\/07\/IMG_0818-24x16.jpg 24w, https:\/\/blogsaverroes.juntadeandalucia.es\/ceipelolivo\/files\/2018\/07\/IMG_0818-36x24.jpg 36w, https:\/\/blogsaverroes.juntadeandalucia.es\/ceipelolivo\/files\/2018\/07\/IMG_0818-48x32.jpg 48w, https:\/\/blogsaverroes.juntadeandalucia.es\/ceipelolivo\/files\/2018\/07\/IMG_0818.jpg 1600w\" sizes=\"(max-width: 660px) 100vw, 660px\" \/><p id=\"caption-attachment-4066\" class=\"wp-caption-text\">La \u00faltima fiesta de 6\u00ba&#8230;<\/p><\/div>\n<div id=\"attachment_4077\" style=\"width: 670px\" class=\"wp-caption aligncenter\"><img loading=\"lazy\" decoding=\"async\" aria-describedby=\"caption-attachment-4077\" class=\"wp-image-4077 size-large\" src=\"https:\/\/blogsaverroes.juntadeandalucia.es\/ceipelolivo\/files\/2018\/07\/IMG_0781-1024x683.jpg\" alt=\"\" width=\"660\" height=\"440\" srcset=\"https:\/\/blogsaverroes.juntadeandalucia.es\/ceipelolivo\/files\/2018\/07\/IMG_0781-1024x683.jpg 1024w, https:\/\/blogsaverroes.juntadeandalucia.es\/ceipelolivo\/files\/2018\/07\/IMG_0781-300x200.jpg 300w, https:\/\/blogsaverroes.juntadeandalucia.es\/ceipelolivo\/files\/2018\/07\/IMG_0781-768x512.jpg 768w, https:\/\/blogsaverroes.juntadeandalucia.es\/ceipelolivo\/files\/2018\/07\/IMG_0781-700x467.jpg 700w, https:\/\/blogsaverroes.juntadeandalucia.es\/ceipelolivo\/files\/2018\/07\/IMG_0781-24x16.jpg 24w, https:\/\/blogsaverroes.juntadeandalucia.es\/ceipelolivo\/files\/2018\/07\/IMG_0781-36x24.jpg 36w, https:\/\/blogsaverroes.juntadeandalucia.es\/ceipelolivo\/files\/2018\/07\/IMG_0781-48x32.jpg 48w, https:\/\/blogsaverroes.juntadeandalucia.es\/ceipelolivo\/files\/2018\/07\/IMG_0781.jpg 1600w\" sizes=\"(max-width: 660px) 100vw, 660px\" \/><p id=\"caption-attachment-4077\" class=\"wp-caption-text\">A los peques les quedan unas pocas m\u00e1s \ud83d\ude09<\/p><\/div>\n<p style=\"text-align: justify\">Y por la noche el petardazo final, la fiesta organizada por el AMPA. Un bonito momento para compartir con los amigos y la familia. Adem\u00e1s este a\u00f1o el tiempo nos ha acompa\u00f1ado, lo que hizo que mucha gente se quedar\u00e1 a disfrutar de la velada hasta el final del sorteo. Enhorabuena a los que os toc\u00f3 alg\u00fan regalillo \ud83d\ude42<\/p>\n\n\t\t<style>\n\t\t\t#gallery-3 {\n\t\t\t\tmargin: auto;\n\t\t\t}\n\t\t\t#gallery-3 .gallery-item {\n\t\t\t\tfloat: left;\n\t\t\t\tmargin-top: 10px;\n\t\t\t\ttext-align: center;\n\t\t\t\twidth: 33%;\n\t\t\t}\n\t\t\t#gallery-3 img {\n\t\t\t\tborder: 2px solid #cfcfcf;\n\t\t\t}\n\t\t\t#gallery-3 .gallery-caption {\n\t\t\t\tmargin-left: 0;\n\t\t\t}\n\t\t\t\/* see gallery_shortcode() in wp-includes\/media.php *\/\n\t\t<\/style>\n\t\t<div id='gallery-3' class='gallery galleryid-3989 gallery-columns-3 gallery-size-thumbnail'><dl class='gallery-item'>\n\t\t\t<dt class='gallery-icon landscape'>\n\t\t\t\t<a href='https:\/\/blogsaverroes.juntadeandalucia.es\/ceipelolivo\/files\/2018\/07\/IMG_0867.jpg'><img loading=\"lazy\" decoding=\"async\" width=\"150\" height=\"150\" src=\"https:\/\/blogsaverroes.juntadeandalucia.es\/ceipelolivo\/files\/2018\/07\/IMG_0867-150x150.jpg\" class=\"attachment-thumbnail size-thumbnail\" alt=\"\" srcset=\"https:\/\/blogsaverroes.juntadeandalucia.es\/ceipelolivo\/files\/2018\/07\/IMG_0867-150x150.jpg 150w, https:\/\/blogsaverroes.juntadeandalucia.es\/ceipelolivo\/files\/2018\/07\/IMG_0867-100x100.jpg 100w, https:\/\/blogsaverroes.juntadeandalucia.es\/ceipelolivo\/files\/2018\/07\/IMG_0867-432x432.jpg 432w, https:\/\/blogsaverroes.juntadeandalucia.es\/ceipelolivo\/files\/2018\/07\/IMG_0867-268x268.jpg 268w\" sizes=\"(max-width: 150px) 100vw, 150px\" \/><\/a>\n\t\t\t<\/dt><\/dl><dl class='gallery-item'>\n\t\t\t<dt class='gallery-icon landscape'>\n\t\t\t\t<a href='https:\/\/blogsaverroes.juntadeandalucia.es\/ceipelolivo\/files\/2018\/07\/IMG_0872.jpg'><img loading=\"lazy\" decoding=\"async\" width=\"150\" height=\"150\" src=\"https:\/\/blogsaverroes.juntadeandalucia.es\/ceipelolivo\/files\/2018\/07\/IMG_0872-150x150.jpg\" class=\"attachment-thumbnail size-thumbnail\" alt=\"\" srcset=\"https:\/\/blogsaverroes.juntadeandalucia.es\/ceipelolivo\/files\/2018\/07\/IMG_0872-150x150.jpg 150w, https:\/\/blogsaverroes.juntadeandalucia.es\/ceipelolivo\/files\/2018\/07\/IMG_0872-100x100.jpg 100w, https:\/\/blogsaverroes.juntadeandalucia.es\/ceipelolivo\/files\/2018\/07\/IMG_0872-432x432.jpg 432w, https:\/\/blogsaverroes.juntadeandalucia.es\/ceipelolivo\/files\/2018\/07\/IMG_0872-268x268.jpg 268w\" sizes=\"(max-width: 150px) 100vw, 150px\" \/><\/a>\n\t\t\t<\/dt><\/dl><dl class='gallery-item'>\n\t\t\t<dt class='gallery-icon landscape'>\n\t\t\t\t<a href='https:\/\/blogsaverroes.juntadeandalucia.es\/ceipelolivo\/files\/2018\/07\/IMG_0893.jpg'><img loading=\"lazy\" decoding=\"async\" width=\"150\" height=\"150\" src=\"https:\/\/blogsaverroes.juntadeandalucia.es\/ceipelolivo\/files\/2018\/07\/IMG_0893-150x150.jpg\" class=\"attachment-thumbnail size-thumbnail\" alt=\"\" srcset=\"https:\/\/blogsaverroes.juntadeandalucia.es\/ceipelolivo\/files\/2018\/07\/IMG_0893-150x150.jpg 150w, https:\/\/blogsaverroes.juntadeandalucia.es\/ceipelolivo\/files\/2018\/07\/IMG_0893-100x100.jpg 100w, https:\/\/blogsaverroes.juntadeandalucia.es\/ceipelolivo\/files\/2018\/07\/IMG_0893-432x432.jpg 432w, https:\/\/blogsaverroes.juntadeandalucia.es\/ceipelolivo\/files\/2018\/07\/IMG_0893-268x268.jpg 268w\" sizes=\"(max-width: 150px) 100vw, 150px\" \/><\/a>\n\t\t\t<\/dt><\/dl><br style=\"clear: both\" \/><dl class='gallery-item'>\n\t\t\t<dt class='gallery-icon landscape'>\n\t\t\t\t<a href='https:\/\/blogsaverroes.juntadeandalucia.es\/ceipelolivo\/files\/2018\/07\/IMG_0876.jpg'><img loading=\"lazy\" decoding=\"async\" width=\"150\" height=\"150\" src=\"https:\/\/blogsaverroes.juntadeandalucia.es\/ceipelolivo\/files\/2018\/07\/IMG_0876-150x150.jpg\" class=\"attachment-thumbnail size-thumbnail\" alt=\"\" srcset=\"https:\/\/blogsaverroes.juntadeandalucia.es\/ceipelolivo\/files\/2018\/07\/IMG_0876-150x150.jpg 150w, https:\/\/blogsaverroes.juntadeandalucia.es\/ceipelolivo\/files\/2018\/07\/IMG_0876-100x100.jpg 100w, https:\/\/blogsaverroes.juntadeandalucia.es\/ceipelolivo\/files\/2018\/07\/IMG_0876-432x432.jpg 432w, https:\/\/blogsaverroes.juntadeandalucia.es\/ceipelolivo\/files\/2018\/07\/IMG_0876-268x268.jpg 268w\" sizes=\"(max-width: 150px) 100vw, 150px\" \/><\/a>\n\t\t\t<\/dt><\/dl><dl class='gallery-item'>\n\t\t\t<dt class='gallery-icon landscape'>\n\t\t\t\t<a href='https:\/\/blogsaverroes.juntadeandalucia.es\/ceipelolivo\/files\/2018\/07\/IMG_0913.jpg'><img loading=\"lazy\" decoding=\"async\" width=\"150\" height=\"150\" src=\"https:\/\/blogsaverroes.juntadeandalucia.es\/ceipelolivo\/files\/2018\/07\/IMG_0913-150x150.jpg\" class=\"attachment-thumbnail size-thumbnail\" alt=\"\" srcset=\"https:\/\/blogsaverroes.juntadeandalucia.es\/ceipelolivo\/files\/2018\/07\/IMG_0913-150x150.jpg 150w, https:\/\/blogsaverroes.juntadeandalucia.es\/ceipelolivo\/files\/2018\/07\/IMG_0913-100x100.jpg 100w, https:\/\/blogsaverroes.juntadeandalucia.es\/ceipelolivo\/files\/2018\/07\/IMG_0913-432x432.jpg 432w, https:\/\/blogsaverroes.juntadeandalucia.es\/ceipelolivo\/files\/2018\/07\/IMG_0913-268x268.jpg 268w\" sizes=\"(max-width: 150px) 100vw, 150px\" \/><\/a>\n\t\t\t<\/dt><\/dl><dl class='gallery-item'>\n\t\t\t<dt class='gallery-icon landscape'>\n\t\t\t\t<a href='https:\/\/blogsaverroes.juntadeandalucia.es\/ceipelolivo\/files\/2018\/07\/IMG_0929-1.jpg'><img loading=\"lazy\" decoding=\"async\" width=\"150\" height=\"150\" src=\"https:\/\/blogsaverroes.juntadeandalucia.es\/ceipelolivo\/files\/2018\/07\/IMG_0929-1-150x150.jpg\" class=\"attachment-thumbnail size-thumbnail\" alt=\"\" srcset=\"https:\/\/blogsaverroes.juntadeandalucia.es\/ceipelolivo\/files\/2018\/07\/IMG_0929-1-150x150.jpg 150w, https:\/\/blogsaverroes.juntadeandalucia.es\/ceipelolivo\/files\/2018\/07\/IMG_0929-1-100x100.jpg 100w, https:\/\/blogsaverroes.juntadeandalucia.es\/ceipelolivo\/files\/2018\/07\/IMG_0929-1-432x432.jpg 432w, https:\/\/blogsaverroes.juntadeandalucia.es\/ceipelolivo\/files\/2018\/07\/IMG_0929-1-268x268.jpg 268w\" sizes=\"(max-width: 150px) 100vw, 150px\" \/><\/a>\n\t\t\t<\/dt><\/dl><br style=\"clear: both\" \/><dl class='gallery-item'>\n\t\t\t<dt class='gallery-icon landscape'>\n\t\t\t\t<a href='https:\/\/blogsaverroes.juntadeandalucia.es\/ceipelolivo\/files\/2018\/07\/IMG_0940.jpg'><img loading=\"lazy\" decoding=\"async\" width=\"150\" height=\"150\" src=\"https:\/\/blogsaverroes.juntadeandalucia.es\/ceipelolivo\/files\/2018\/07\/IMG_0940-150x150.jpg\" class=\"attachment-thumbnail size-thumbnail\" alt=\"\" srcset=\"https:\/\/blogsaverroes.juntadeandalucia.es\/ceipelolivo\/files\/2018\/07\/IMG_0940-150x150.jpg 150w, https:\/\/blogsaverroes.juntadeandalucia.es\/ceipelolivo\/files\/2018\/07\/IMG_0940-100x100.jpg 100w, https:\/\/blogsaverroes.juntadeandalucia.es\/ceipelolivo\/files\/2018\/07\/IMG_0940-432x432.jpg 432w, https:\/\/blogsaverroes.juntadeandalucia.es\/ceipelolivo\/files\/2018\/07\/IMG_0940-268x268.jpg 268w\" sizes=\"(max-width: 150px) 100vw, 150px\" \/><\/a>\n\t\t\t<\/dt><\/dl><dl class='gallery-item'>\n\t\t\t<dt class='gallery-icon landscape'>\n\t\t\t\t<a href='https:\/\/blogsaverroes.juntadeandalucia.es\/ceipelolivo\/files\/2018\/07\/IMG_0944.jpg'><img loading=\"lazy\" decoding=\"async\" width=\"150\" height=\"150\" src=\"https:\/\/blogsaverroes.juntadeandalucia.es\/ceipelolivo\/files\/2018\/07\/IMG_0944-150x150.jpg\" class=\"attachment-thumbnail size-thumbnail\" alt=\"\" srcset=\"https:\/\/blogsaverroes.juntadeandalucia.es\/ceipelolivo\/files\/2018\/07\/IMG_0944-150x150.jpg 150w, https:\/\/blogsaverroes.juntadeandalucia.es\/ceipelolivo\/files\/2018\/07\/IMG_0944-100x100.jpg 100w, https:\/\/blogsaverroes.juntadeandalucia.es\/ceipelolivo\/files\/2018\/07\/IMG_0944-432x432.jpg 432w, https:\/\/blogsaverroes.juntadeandalucia.es\/ceipelolivo\/files\/2018\/07\/IMG_0944-268x268.jpg 268w\" sizes=\"(max-width: 150px) 100vw, 150px\" \/><\/a>\n\t\t\t<\/dt><\/dl><dl class='gallery-item'>\n\t\t\t<dt class='gallery-icon landscape'>\n\t\t\t\t<a href='https:\/\/blogsaverroes.juntadeandalucia.es\/ceipelolivo\/files\/2018\/07\/IMG_0943.jpg'><img loading=\"lazy\" decoding=\"async\" width=\"150\" height=\"150\" src=\"https:\/\/blogsaverroes.juntadeandalucia.es\/ceipelolivo\/files\/2018\/07\/IMG_0943-150x150.jpg\" class=\"attachment-thumbnail size-thumbnail\" alt=\"\" srcset=\"https:\/\/blogsaverroes.juntadeandalucia.es\/ceipelolivo\/files\/2018\/07\/IMG_0943-150x150.jpg 150w, https:\/\/blogsaverroes.juntadeandalucia.es\/ceipelolivo\/files\/2018\/07\/IMG_0943-100x100.jpg 100w, https:\/\/blogsaverroes.juntadeandalucia.es\/ceipelolivo\/files\/2018\/07\/IMG_0943-432x432.jpg 432w, https:\/\/blogsaverroes.juntadeandalucia.es\/ceipelolivo\/files\/2018\/07\/IMG_0943-268x268.jpg 268w\" sizes=\"(max-width: 150px) 100vw, 150px\" \/><\/a>\n\t\t\t<\/dt><\/dl><br style=\"clear: both\" \/>\n\t\t<\/div>\n\n<p style=\"text-align: justify\">Lo dicho, un curso muy intenso, lleno de momentos buenos y menos buenos, aunque para nosotros la balanza siempre se inclina hacia los positivos, ojal\u00e1 que con la vuestra ocurra lo mismo.<\/p>\n<h3 style=\"text-align: center\">\u00a1Feliz verano y nos vemos en septiembre!<\/h3>\n","protected":false},"excerpt":{"rendered":"<p>Los \u00faltimos d\u00edas del curso 2017\/18, sobre todo los de la \u00faltima semana, vamos a recordarlos durante mucho tiempo por las intensas emociones que hemos vivido. En las siguientes l\u00edneas os ofrecemos un peque\u00f1o&#46;&#46;&#46;<\/p>\n","protected":false},"author":5889,"featured_media":4025,"comment_status":"closed","ping_status":"open","sticky":false,"template":"","format":"standard","meta":{"ngg_post_thumbnail":0,"footnotes":""},"categories":[526],"tags":[32,1332812,506551,1855,962],"aioseo_notices":[],"_links":{"self":[{"href":"https:\/\/blogsaverroes.juntadeandalucia.es\/ceipelolivo\/wp-json\/wp\/v2\/posts\/3989"}],"collection":[{"href":"https:\/\/blogsaverroes.juntadeandalucia.es\/ceipelolivo\/wp-json\/wp\/v2\/posts"}],"about":[{"href":"https:\/\/blogsaverroes.juntadeandalucia.es\/ceipelolivo\/wp-json\/wp\/v2\/types\/post"}],"author":[{"embeddable":true,"href":"https:\/\/blogsaverroes.juntadeandalucia.es\/ceipelolivo\/wp-json\/wp\/v2\/users\/5889"}],"replies":[{"embeddable":true,"href":"https:\/\/blogsaverroes.juntadeandalucia.es\/ceipelolivo\/wp-json\/wp\/v2\/comments?post=3989"}],"version-history":[{"count":27,"href":"https:\/\/blogsaverroes.juntadeandalucia.es\/ceipelolivo\/wp-json\/wp\/v2\/posts\/3989\/revisions"}],"predecessor-version":[{"id":4085,"href":"https:\/\/blogsaverroes.juntadeandalucia.es\/ceipelolivo\/wp-json\/wp\/v2\/posts\/3989\/revisions\/4085"}],"wp:featuredmedia":[{"embeddable":true,"href":"https:\/\/blogsaverroes.juntadeandalucia.es\/ceipelolivo\/wp-json\/wp\/v2\/media\/4025"}],"wp:attachment":[{"href":"https:\/\/blogsaverroes.juntadeandalucia.es\/ceipelolivo\/wp-json\/wp\/v2\/media?parent=3989"}],"wp:term":[{"taxonomy":"category","embeddable":true,"href":"https:\/\/blogsaverroes.juntadeandalucia.es\/ceipelolivo\/wp-json\/wp\/v2\/categories?post=3989"},{"taxonomy":"post_tag","embeddable":true,"href":"https:\/\/blogsaverroes.juntadeandalucia.es\/ceipelolivo\/wp-json\/wp\/v2\/tags?post=3989"}],"curies":[{"name":"wp","href":"https:\/\/api.w.org\/{rel}","templated":true}]}}