{"id":4248,"date":"2018-10-12T09:58:07","date_gmt":"2018-10-12T09:58:07","guid":{"rendered":"https:\/\/blogsaverroes.juntadeandalucia.es\/ceipelolivo\/?p=4248"},"modified":"2019-02-07T21:20:18","modified_gmt":"2019-02-07T21:20:18","slug":"estudiamos-nuestra-localidad","status":"publish","type":"post","link":"https:\/\/blogsaverroes.juntadeandalucia.es\/ceipelolivo\/estudiamos-nuestra-localidad\/","title":{"rendered":"Estudiamos nuestra localidad."},"content":{"rendered":"<p style=\"text-align: justify\"><img loading=\"lazy\" decoding=\"async\" class=\"aligncenter wp-image-4251 size-large\" src=\"https:\/\/blogsaverroes.juntadeandalucia.es\/ceipelolivo\/files\/2018\/10\/IMG_1011-1024x683.jpg\" alt=\"\" width=\"660\" height=\"440\" srcset=\"https:\/\/blogsaverroes.juntadeandalucia.es\/ceipelolivo\/files\/2018\/10\/IMG_1011-1024x683.jpg 1024w, https:\/\/blogsaverroes.juntadeandalucia.es\/ceipelolivo\/files\/2018\/10\/IMG_1011-300x200.jpg 300w, https:\/\/blogsaverroes.juntadeandalucia.es\/ceipelolivo\/files\/2018\/10\/IMG_1011-768x512.jpg 768w, https:\/\/blogsaverroes.juntadeandalucia.es\/ceipelolivo\/files\/2018\/10\/IMG_1011-700x467.jpg 700w, https:\/\/blogsaverroes.juntadeandalucia.es\/ceipelolivo\/files\/2018\/10\/IMG_1011-24x16.jpg 24w, https:\/\/blogsaverroes.juntadeandalucia.es\/ceipelolivo\/files\/2018\/10\/IMG_1011-36x24.jpg 36w, https:\/\/blogsaverroes.juntadeandalucia.es\/ceipelolivo\/files\/2018\/10\/IMG_1011-48x32.jpg 48w, https:\/\/blogsaverroes.juntadeandalucia.es\/ceipelolivo\/files\/2018\/10\/IMG_1011.jpg 1600w\" sizes=\"(max-width: 660px) 100vw, 660px\" \/>Por fin hemos empezado de lleno con el nuevo curso. Tras un mes realizando la evaluaci\u00f3n inicial, ya estamos trabajando en nuevos e ilusionantes proyectos.<\/p>\n<p style=\"text-align: justify\">Los alumnos y alumnas del primer ciclo han comenzado por un proyecto muy destacado, el estudio y conocimiento de nuestro pueblo, Torredonjimeno. Para ello la tutora de 2\u00ba, Do\u00f1a Pilar Luque, ha contactado con el Ilustr\u00edsimo Ayuntamiento de Torredonjimeno para solicitar una visita de nuestro alcalde, Don Manuel Anguita Quesada. Y como no pod\u00eda ser de otra manera, conocida su amabilidad y predisposici\u00f3n, el d\u00eda 11 de octubre nos visit\u00f3 a primera hora de la ma\u00f1ana.<\/p>\n<p style=\"text-align: justify\">Pero claro, antes de recibirlo hab\u00eda que realizar un trabajo previo de investigaci\u00f3n sobre lo que significa ser alcalde y gobernar un Ayuntamiento. A partir de ah\u00ed surge una entrevista con preguntas elaboradas por nuestro alumnado para el d\u00eda que nos visitase. Son las siguientes:<\/p>\n<p style=\"text-align: center\">1.- \u00bfQu\u00e9 trabajos se desarrollan en el Ayuntamiento?<\/p>\n<p style=\"text-align: center\">2.- \u00bfC\u00f3mo es el trabajo de alcalde?<\/p>\n<p style=\"text-align: center\">3.- \u00bfC\u00f3mo decidiste ser alcalde?<\/p>\n<p style=\"text-align: center\">4.- \u00bfEs duro ser alcalde?\u00bfTrabajas mucho?<\/p>\n<p style=\"text-align: center\">5.- \u00bfCu\u00e1ntos idiomas sabes?<\/p>\n<p style=\"text-align: center\">6.- \u00bfCu\u00e1ntos a\u00f1os llevas trabajando?<\/p>\n<p style=\"text-align: center\">7.- \u00bfC\u00f3mo es tu vida de alcalde?<\/p>\n<p style=\"text-align: center\">8.- \u00bfCu\u00e1ntos habitantes tiene la localidad?<\/p>\n<p style=\"text-align: center\">9.- \u00bfCu\u00e1ntas personas trabajan en el Ayuntamiento?<\/p>\n<p style=\"text-align: center\">10.- \u00bfC\u00f3mo es tu despacho?<\/p>\n<p style=\"text-align: center\">11.- \u00bfTienes una agenda telef\u00f3nica muy grande?<\/p>\n<p style=\"text-align: center\">12.- \u00bfTe gusta ser alcalde?\u00bfTe presentar\u00edas otra vez?<\/p>\n<p style=\"text-align: center\">13.- \u00bfTienes muchos amigos?<\/p>\n<p style=\"text-align: center\">14.- \u00bfQu\u00e9 has estudiado para ser alcalde?<\/p>\n<p style=\"text-align: center\">15.- \u00bfCu\u00e1ntos hijos tienes?<\/p>\n<p style=\"text-align: center\">16.- \u00bfQu\u00e9 deporte te gusta m\u00e1s?<\/p>\n<p style=\"text-align: center\">17.- \u00bfQu\u00e9 d\u00edas descansas?<\/p>\n<p style=\"text-align: center\">18.- \u00bfCu\u00e1ndo ves a tu familia?<\/p>\n<p style=\"text-align: justify\">Hay que decir que respondi\u00f3 a todas las preguntas que ten\u00edamos preparadas y a las que fueron surgiendo durante la entrevista. Adem\u00e1s nos cont\u00f3 muchos secretos de su vida privada y familiar:<\/p>\n<p><a href=\"https:\/\/blogsaverroes.juntadeandalucia.es\/ceipelolivo\/files\/2018\/10\/septiembre-11-2018.png\" target=\"_blank\" rel=\"noopener\"><img loading=\"lazy\" decoding=\"async\" class=\"aligncenter wp-image-4249 size-large\" src=\"https:\/\/blogsaverroes.juntadeandalucia.es\/ceipelolivo\/files\/2018\/10\/septiembre-11-2018-724x1024.png\" alt=\"\" width=\"660\" height=\"933\" srcset=\"https:\/\/blogsaverroes.juntadeandalucia.es\/ceipelolivo\/files\/2018\/10\/septiembre-11-2018-724x1024.png 724w, https:\/\/blogsaverroes.juntadeandalucia.es\/ceipelolivo\/files\/2018\/10\/septiembre-11-2018-212x300.png 212w, https:\/\/blogsaverroes.juntadeandalucia.es\/ceipelolivo\/files\/2018\/10\/septiembre-11-2018-768x1086.png 768w, https:\/\/blogsaverroes.juntadeandalucia.es\/ceipelolivo\/files\/2018\/10\/septiembre-11-2018-700x990.png 700w, https:\/\/blogsaverroes.juntadeandalucia.es\/ceipelolivo\/files\/2018\/10\/septiembre-11-2018-17x24.png 17w, https:\/\/blogsaverroes.juntadeandalucia.es\/ceipelolivo\/files\/2018\/10\/septiembre-11-2018-25x36.png 25w, https:\/\/blogsaverroes.juntadeandalucia.es\/ceipelolivo\/files\/2018\/10\/septiembre-11-2018-34x48.png 34w, https:\/\/blogsaverroes.juntadeandalucia.es\/ceipelolivo\/files\/2018\/10\/septiembre-11-2018.png 794w\" sizes=\"(max-width: 660px) 100vw, 660px\" \/><\/a><\/p>\n<p style=\"text-align: justify\">Para despedir la visita le regalamos un diploma como recuerdo, con todas nuestras firmas. Nos dijo que cuando llegase a su despacho lo colocar\u00eda en un lugar destacado, ya que le encant\u00f3, adem\u00e1s nos ha invitado al Ayuntamiento para que podamos ver un \u00abdocumento\u00bb muy importante que explica el momento en que Torredonjimeno dej\u00f3 de pertenecer a la vecina localidad de Martos. \u00a1All\u00ed nos veremos!<\/p>\n<p style=\"text-align: justify\">Muchas gracias y hasta la pr\u00f3xima visita.<\/p>\n<p>Postdata: Promesa cumplida.<\/p>\n<p><img loading=\"lazy\" decoding=\"async\" class=\"aligncenter wp-image-4252 size-large\" src=\"https:\/\/blogsaverroes.juntadeandalucia.es\/ceipelolivo\/files\/2018\/10\/70fb9b08-b812-4d07-9d7c-8e3ee149d2ed-1024x576.jpg\" alt=\"\" width=\"660\" height=\"371\" srcset=\"https:\/\/blogsaverroes.juntadeandalucia.es\/ceipelolivo\/files\/2018\/10\/70fb9b08-b812-4d07-9d7c-8e3ee149d2ed-1024x576.jpg 1024w, https:\/\/blogsaverroes.juntadeandalucia.es\/ceipelolivo\/files\/2018\/10\/70fb9b08-b812-4d07-9d7c-8e3ee149d2ed-300x169.jpg 300w, https:\/\/blogsaverroes.juntadeandalucia.es\/ceipelolivo\/files\/2018\/10\/70fb9b08-b812-4d07-9d7c-8e3ee149d2ed-768x432.jpg 768w, https:\/\/blogsaverroes.juntadeandalucia.es\/ceipelolivo\/files\/2018\/10\/70fb9b08-b812-4d07-9d7c-8e3ee149d2ed-700x393.jpg 700w, https:\/\/blogsaverroes.juntadeandalucia.es\/ceipelolivo\/files\/2018\/10\/70fb9b08-b812-4d07-9d7c-8e3ee149d2ed-24x14.jpg 24w, https:\/\/blogsaverroes.juntadeandalucia.es\/ceipelolivo\/files\/2018\/10\/70fb9b08-b812-4d07-9d7c-8e3ee149d2ed-36x20.jpg 36w, https:\/\/blogsaverroes.juntadeandalucia.es\/ceipelolivo\/files\/2018\/10\/70fb9b08-b812-4d07-9d7c-8e3ee149d2ed-48x27.jpg 48w, https:\/\/blogsaverroes.juntadeandalucia.es\/ceipelolivo\/files\/2018\/10\/70fb9b08-b812-4d07-9d7c-8e3ee149d2ed.jpg 1600w\" sizes=\"(max-width: 660px) 100vw, 660px\" \/><\/p>\n<p>&nbsp;<\/p>\n","protected":false},"excerpt":{"rendered":"<p>Por fin hemos empezado de lleno con el nuevo curso. Tras un mes realizando la evaluaci\u00f3n inicial, ya estamos trabajando en nuevos e ilusionantes proyectos. Los alumnos y alumnas del primer ciclo han comenzado&#46;&#46;&#46;<\/p>\n","protected":false},"author":5889,"featured_media":4252,"comment_status":"closed","ping_status":"open","sticky":false,"template":"","format":"standard","meta":{"ngg_post_thumbnail":0,"footnotes":""},"categories":[25490,25494,526],"tags":[6076,1332852,1332812,1332950,101,1332499],"aioseo_notices":[],"_links":{"self":[{"href":"https:\/\/blogsaverroes.juntadeandalucia.es\/ceipelolivo\/wp-json\/wp\/v2\/posts\/4248"}],"collection":[{"href":"https:\/\/blogsaverroes.juntadeandalucia.es\/ceipelolivo\/wp-json\/wp\/v2\/posts"}],"about":[{"href":"https:\/\/blogsaverroes.juntadeandalucia.es\/ceipelolivo\/wp-json\/wp\/v2\/types\/post"}],"author":[{"embeddable":true,"href":"https:\/\/blogsaverroes.juntadeandalucia.es\/ceipelolivo\/wp-json\/wp\/v2\/users\/5889"}],"replies":[{"embeddable":true,"href":"https:\/\/blogsaverroes.juntadeandalucia.es\/ceipelolivo\/wp-json\/wp\/v2\/comments?post=4248"}],"version-history":[{"count":4,"href":"https:\/\/blogsaverroes.juntadeandalucia.es\/ceipelolivo\/wp-json\/wp\/v2\/posts\/4248\/revisions"}],"predecessor-version":[{"id":4273,"href":"https:\/\/blogsaverroes.juntadeandalucia.es\/ceipelolivo\/wp-json\/wp\/v2\/posts\/4248\/revisions\/4273"}],"wp:featuredmedia":[{"embeddable":true,"href":"https:\/\/blogsaverroes.juntadeandalucia.es\/ceipelolivo\/wp-json\/wp\/v2\/media\/4252"}],"wp:attachment":[{"href":"https:\/\/blogsaverroes.juntadeandalucia.es\/ceipelolivo\/wp-json\/wp\/v2\/media?parent=4248"}],"wp:term":[{"taxonomy":"category","embeddable":true,"href":"https:\/\/blogsaverroes.juntadeandalucia.es\/ceipelolivo\/wp-json\/wp\/v2\/categories?post=4248"},{"taxonomy":"post_tag","embeddable":true,"href":"https:\/\/blogsaverroes.juntadeandalucia.es\/ceipelolivo\/wp-json\/wp\/v2\/tags?post=4248"}],"curies":[{"name":"wp","href":"https:\/\/api.w.org\/{rel}","templated":true}]}}