{"id":4255,"date":"2018-10-12T11:07:21","date_gmt":"2018-10-12T11:07:21","guid":{"rendered":"https:\/\/blogsaverroes.juntadeandalucia.es\/ceipelolivo\/?p=4255"},"modified":"2019-02-07T21:19:23","modified_gmt":"2019-02-07T21:19:23","slug":"nadie-es-perfecto","status":"publish","type":"post","link":"https:\/\/blogsaverroes.juntadeandalucia.es\/ceipelolivo\/nadie-es-perfecto\/","title":{"rendered":"\u00abNadie es perfecto\u00bb"},"content":{"rendered":"<p><a href=\"https:\/\/blogsaverroes.juntadeandalucia.es\/ceipelolivo\/files\/2018\/10\/UNA-M\u00c1SCARA-CONTRA-LA-DESIGUALDAD.png\"><img loading=\"lazy\" decoding=\"async\" class=\"aligncenter size-large wp-image-4256\" src=\"https:\/\/blogsaverroes.juntadeandalucia.es\/ceipelolivo\/files\/2018\/10\/UNA-M\u00c1SCARA-CONTRA-LA-DESIGUALDAD-724x1024.png\" alt=\"\" width=\"660\" height=\"933\" srcset=\"https:\/\/blogsaverroes.juntadeandalucia.es\/ceipelolivo\/files\/2018\/10\/UNA-M\u00c1SCARA-CONTRA-LA-DESIGUALDAD-724x1024.png 724w, https:\/\/blogsaverroes.juntadeandalucia.es\/ceipelolivo\/files\/2018\/10\/UNA-M\u00c1SCARA-CONTRA-LA-DESIGUALDAD-212x300.png 212w, https:\/\/blogsaverroes.juntadeandalucia.es\/ceipelolivo\/files\/2018\/10\/UNA-M\u00c1SCARA-CONTRA-LA-DESIGUALDAD-768x1086.png 768w, https:\/\/blogsaverroes.juntadeandalucia.es\/ceipelolivo\/files\/2018\/10\/UNA-M\u00c1SCARA-CONTRA-LA-DESIGUALDAD-700x990.png 700w, https:\/\/blogsaverroes.juntadeandalucia.es\/ceipelolivo\/files\/2018\/10\/UNA-M\u00c1SCARA-CONTRA-LA-DESIGUALDAD-17x24.png 17w, https:\/\/blogsaverroes.juntadeandalucia.es\/ceipelolivo\/files\/2018\/10\/UNA-M\u00c1SCARA-CONTRA-LA-DESIGUALDAD-25x36.png 25w, https:\/\/blogsaverroes.juntadeandalucia.es\/ceipelolivo\/files\/2018\/10\/UNA-M\u00c1SCARA-CONTRA-LA-DESIGUALDAD-34x48.png 34w, https:\/\/blogsaverroes.juntadeandalucia.es\/ceipelolivo\/files\/2018\/10\/UNA-M\u00c1SCARA-CONTRA-LA-DESIGUALDAD.png 1131w\" sizes=\"(max-width: 660px) 100vw, 660px\" \/><\/a><\/p>\n<p style=\"text-align: justify\">Desde el programa \u00abCreciendo en Salud\u00bb que desarrollamos en el colegio vamos a realizar una actividad para trabajar la autoestima, uno de los valores que trataremos este curso dentro de \u00abEste mes educamos en&#8230;\u00bb.<\/p>\n<p style=\"text-align: justify\">Se trata de un concurso de m\u00e1scaras para el d\u00eda de Halloween. En cada clase se hablar\u00e1 de un personaje que haya sido discriminado por ser distinto a los dem\u00e1s sin tener en cuenta su bondad o sus valores. Despu\u00e9s se realizar\u00e1 una m\u00e1scara de ese personaje para salir con ella del colegio el d\u00eda 31 de octubre. En algunas clases se trabar\u00e1 tambi\u00e9n, dentro del taller de escritura, sobre la autoestima y la necesidad de saber que \u00abnadie es perfecto\u00bb y que hay que aceptar a cada persona como es.&nbsp;<\/p>\n<p style=\"text-align: justify\">Las mejores m\u00e1scaras las colgaremos en la p\u00e1gina web y adem\u00e1s haremos fotos de grupo con las m\u00e1scaras realizadas.<\/p>\n<p style=\"text-align: justify\">Las familias pod\u00e9is contribuir durante todo el mes a trav\u00e9s de nuestro Padlet titulado \u00abNadie es perfecto\u00bb. Simplemente ten\u00e9is que seguir el siguiente enlace y escribir algo que a pesar de que no os gusta mucho de vuestra personalidad os ha hecho mejores personas:<\/p>\n<div class=\"padlet-embed\"><iframe loading=\"lazy\" src=\"https:\/\/padlet.com\/padlets\/lodn4g5n7szv\/embeds\/preview_embed\" width=\"300\" height=\"150\" frameborder=\"0\"><\/iframe><\/div>\n","protected":false},"excerpt":{"rendered":"<p>Desde el programa \u00abCreciendo en Salud\u00bb que desarrollamos en el colegio vamos a realizar una actividad para trabajar la autoestima, uno de los valores que trataremos este curso dentro de \u00abEste mes educamos en&#8230;\u00bb.&#46;&#46;&#46;<\/p>\n","protected":false},"author":5889,"featured_media":4256,"comment_status":"closed","ping_status":"open","sticky":false,"template":"","format":"standard","meta":{"ngg_post_thumbnail":0,"footnotes":""},"categories":[1332945,526],"tags":[1332945,1332812,307409,1332952,441],"aioseo_notices":[],"_links":{"self":[{"href":"https:\/\/blogsaverroes.juntadeandalucia.es\/ceipelolivo\/wp-json\/wp\/v2\/posts\/4255"}],"collection":[{"href":"https:\/\/blogsaverroes.juntadeandalucia.es\/ceipelolivo\/wp-json\/wp\/v2\/posts"}],"about":[{"href":"https:\/\/blogsaverroes.juntadeandalucia.es\/ceipelolivo\/wp-json\/wp\/v2\/types\/post"}],"author":[{"embeddable":true,"href":"https:\/\/blogsaverroes.juntadeandalucia.es\/ceipelolivo\/wp-json\/wp\/v2\/users\/5889"}],"replies":[{"embeddable":true,"href":"https:\/\/blogsaverroes.juntadeandalucia.es\/ceipelolivo\/wp-json\/wp\/v2\/comments?post=4255"}],"version-history":[{"count":5,"href":"https:\/\/blogsaverroes.juntadeandalucia.es\/ceipelolivo\/wp-json\/wp\/v2\/posts\/4255\/revisions"}],"predecessor-version":[{"id":4261,"href":"https:\/\/blogsaverroes.juntadeandalucia.es\/ceipelolivo\/wp-json\/wp\/v2\/posts\/4255\/revisions\/4261"}],"wp:featuredmedia":[{"embeddable":true,"href":"https:\/\/blogsaverroes.juntadeandalucia.es\/ceipelolivo\/wp-json\/wp\/v2\/media\/4256"}],"wp:attachment":[{"href":"https:\/\/blogsaverroes.juntadeandalucia.es\/ceipelolivo\/wp-json\/wp\/v2\/media?parent=4255"}],"wp:term":[{"taxonomy":"category","embeddable":true,"href":"https:\/\/blogsaverroes.juntadeandalucia.es\/ceipelolivo\/wp-json\/wp\/v2\/categories?post=4255"},{"taxonomy":"post_tag","embeddable":true,"href":"https:\/\/blogsaverroes.juntadeandalucia.es\/ceipelolivo\/wp-json\/wp\/v2\/tags?post=4255"}],"curies":[{"name":"wp","href":"https:\/\/api.w.org\/{rel}","templated":true}]}}