{"id":4442,"date":"2019-02-07T20:23:21","date_gmt":"2019-02-07T20:23:21","guid":{"rendered":"https:\/\/blogsaverroes.juntadeandalucia.es\/ceipelolivo\/?p=4442"},"modified":"2019-04-28T21:56:55","modified_gmt":"2019-04-28T21:56:55","slug":"dia-de-la-paz-2019","status":"publish","type":"post","link":"https:\/\/blogsaverroes.juntadeandalucia.es\/ceipelolivo\/dia-de-la-paz-2019\/","title":{"rendered":"D\u00eda de la Paz 2019."},"content":{"rendered":"<p style=\"text-align: justify\">Una de las fechas se\u00f1aladas durante el curso escolar es la celebraci\u00f3n del D\u00eda de la Paz y la No Violencia. Este a\u00f1o quer\u00edamos hacer una actividad que fomentase los valores que est\u00e1bamos trabajando durante el mes de enero: paz, amistad y solidaridad. Para ello decidimos realizar un v\u00eddeo que narrase con im\u00e1genes la bonita letra que nos propone Macaco en su canci\u00f3n \u00abMensajes del agua\u00bb:<\/p>\n<p><a href=\"https:\/\/blogsaverroes.juntadeandalucia.es\/ceipelolivo\/files\/2019\/02\/Paz2019.png\"><img loading=\"lazy\" decoding=\"async\" class=\"aligncenter size-full wp-image-4444\" src=\"https:\/\/blogsaverroes.juntadeandalucia.es\/ceipelolivo\/files\/2019\/02\/Paz2019.png\" alt=\"\" width=\"480\" height=\"672\" srcset=\"https:\/\/blogsaverroes.juntadeandalucia.es\/ceipelolivo\/files\/2019\/02\/Paz2019.png 480w, https:\/\/blogsaverroes.juntadeandalucia.es\/ceipelolivo\/files\/2019\/02\/Paz2019-214x300.png 214w, https:\/\/blogsaverroes.juntadeandalucia.es\/ceipelolivo\/files\/2019\/02\/Paz2019-17x24.png 17w, https:\/\/blogsaverroes.juntadeandalucia.es\/ceipelolivo\/files\/2019\/02\/Paz2019-26x36.png 26w, https:\/\/blogsaverroes.juntadeandalucia.es\/ceipelolivo\/files\/2019\/02\/Paz2019-34x48.png 34w\" sizes=\"(max-width: 480px) 100vw, 480px\" \/><\/a><\/p>\n<p><iframe loading=\"lazy\" src=\"https:\/\/www.youtube.com\/embed\/M49GB5PJUmU\" width=\"560\" height=\"315\" frameborder=\"0\"><\/iframe><\/p>\n<p style=\"text-align: justify\">En el recuerdo quedar\u00e1n tambi\u00e9n nuestros deseos por un mundo mejor en los mensajes que mandamos a trav\u00e9s del cielo:&nbsp;<\/p>\n<p><img loading=\"lazy\" decoding=\"async\" class=\"aligncenter wp-image-4445 size-large\" src=\"https:\/\/blogsaverroes.juntadeandalucia.es\/ceipelolivo\/files\/2019\/02\/db818a48-4f40-4746-8102-63a68626b0aa-1024x768.jpg\" alt=\"\" width=\"660\" height=\"495\" srcset=\"https:\/\/blogsaverroes.juntadeandalucia.es\/ceipelolivo\/files\/2019\/02\/db818a48-4f40-4746-8102-63a68626b0aa-1024x768.jpg 1024w, https:\/\/blogsaverroes.juntadeandalucia.es\/ceipelolivo\/files\/2019\/02\/db818a48-4f40-4746-8102-63a68626b0aa-300x225.jpg 300w, https:\/\/blogsaverroes.juntadeandalucia.es\/ceipelolivo\/files\/2019\/02\/db818a48-4f40-4746-8102-63a68626b0aa-768x576.jpg 768w, https:\/\/blogsaverroes.juntadeandalucia.es\/ceipelolivo\/files\/2019\/02\/db818a48-4f40-4746-8102-63a68626b0aa-700x525.jpg 700w, https:\/\/blogsaverroes.juntadeandalucia.es\/ceipelolivo\/files\/2019\/02\/db818a48-4f40-4746-8102-63a68626b0aa-24x18.jpg 24w, https:\/\/blogsaverroes.juntadeandalucia.es\/ceipelolivo\/files\/2019\/02\/db818a48-4f40-4746-8102-63a68626b0aa-36x27.jpg 36w, https:\/\/blogsaverroes.juntadeandalucia.es\/ceipelolivo\/files\/2019\/02\/db818a48-4f40-4746-8102-63a68626b0aa-48x36.jpg 48w, https:\/\/blogsaverroes.juntadeandalucia.es\/ceipelolivo\/files\/2019\/02\/db818a48-4f40-4746-8102-63a68626b0aa.jpg 1600w\" sizes=\"(max-width: 660px) 100vw, 660px\" \/><\/p>\n<p>Todo sea&#8230;<\/p>\n<p><a href=\"https:\/\/blogsaverroes.juntadeandalucia.es\/ceipelolivo\/files\/2019\/02\/IMG_2623-1.jpeg\" target=\"_blank\" rel=\"noopener\"><img loading=\"lazy\" decoding=\"async\" class=\"aligncenter wp-image-4446 size-large\" src=\"https:\/\/blogsaverroes.juntadeandalucia.es\/ceipelolivo\/files\/2019\/02\/IMG_2623-1-1024x579.jpeg\" alt=\"\" width=\"660\" height=\"373\" srcset=\"https:\/\/blogsaverroes.juntadeandalucia.es\/ceipelolivo\/files\/2019\/02\/IMG_2623-1-1024x579.jpeg 1024w, https:\/\/blogsaverroes.juntadeandalucia.es\/ceipelolivo\/files\/2019\/02\/IMG_2623-1-300x170.jpeg 300w, https:\/\/blogsaverroes.juntadeandalucia.es\/ceipelolivo\/files\/2019\/02\/IMG_2623-1-768x434.jpeg 768w, https:\/\/blogsaverroes.juntadeandalucia.es\/ceipelolivo\/files\/2019\/02\/IMG_2623-1-700x396.jpeg 700w, https:\/\/blogsaverroes.juntadeandalucia.es\/ceipelolivo\/files\/2019\/02\/IMG_2623-1-24x14.jpeg 24w, https:\/\/blogsaverroes.juntadeandalucia.es\/ceipelolivo\/files\/2019\/02\/IMG_2623-1-36x20.jpeg 36w, https:\/\/blogsaverroes.juntadeandalucia.es\/ceipelolivo\/files\/2019\/02\/IMG_2623-1-48x27.jpeg 48w, https:\/\/blogsaverroes.juntadeandalucia.es\/ceipelolivo\/files\/2019\/02\/IMG_2623-1.jpeg 1600w\" sizes=\"(max-width: 660px) 100vw, 660px\" \/><\/a><\/p>\n","protected":false},"excerpt":{"rendered":"<p>Una de las fechas se\u00f1aladas durante el curso escolar es la celebraci\u00f3n del D\u00eda de la Paz y la No Violencia. Este a\u00f1o quer\u00edamos hacer una actividad que fomentase los valores que est\u00e1bamos trabajando&#46;&#46;&#46;<\/p>\n","protected":false},"author":5889,"featured_media":4443,"comment_status":"closed","ping_status":"open","sticky":false,"template":"","format":"standard","meta":{"ngg_post_thumbnail":0,"footnotes":""},"categories":[1332945,526],"tags":[1332812,2182,441],"aioseo_notices":[],"_links":{"self":[{"href":"https:\/\/blogsaverroes.juntadeandalucia.es\/ceipelolivo\/wp-json\/wp\/v2\/posts\/4442"}],"collection":[{"href":"https:\/\/blogsaverroes.juntadeandalucia.es\/ceipelolivo\/wp-json\/wp\/v2\/posts"}],"about":[{"href":"https:\/\/blogsaverroes.juntadeandalucia.es\/ceipelolivo\/wp-json\/wp\/v2\/types\/post"}],"author":[{"embeddable":true,"href":"https:\/\/blogsaverroes.juntadeandalucia.es\/ceipelolivo\/wp-json\/wp\/v2\/users\/5889"}],"replies":[{"embeddable":true,"href":"https:\/\/blogsaverroes.juntadeandalucia.es\/ceipelolivo\/wp-json\/wp\/v2\/comments?post=4442"}],"version-history":[{"count":2,"href":"https:\/\/blogsaverroes.juntadeandalucia.es\/ceipelolivo\/wp-json\/wp\/v2\/posts\/4442\/revisions"}],"predecessor-version":[{"id":4448,"href":"https:\/\/blogsaverroes.juntadeandalucia.es\/ceipelolivo\/wp-json\/wp\/v2\/posts\/4442\/revisions\/4448"}],"wp:featuredmedia":[{"embeddable":true,"href":"https:\/\/blogsaverroes.juntadeandalucia.es\/ceipelolivo\/wp-json\/wp\/v2\/media\/4443"}],"wp:attachment":[{"href":"https:\/\/blogsaverroes.juntadeandalucia.es\/ceipelolivo\/wp-json\/wp\/v2\/media?parent=4442"}],"wp:term":[{"taxonomy":"category","embeddable":true,"href":"https:\/\/blogsaverroes.juntadeandalucia.es\/ceipelolivo\/wp-json\/wp\/v2\/categories?post=4442"},{"taxonomy":"post_tag","embeddable":true,"href":"https:\/\/blogsaverroes.juntadeandalucia.es\/ceipelolivo\/wp-json\/wp\/v2\/tags?post=4442"}],"curies":[{"name":"wp","href":"https:\/\/api.w.org\/{rel}","templated":true}]}}