{"id":6955,"date":"2021-03-09T23:09:13","date_gmt":"2021-03-09T23:09:13","guid":{"rendered":"https:\/\/blogsaverroes.juntadeandalucia.es\/ceipelolivo\/?p=6955"},"modified":"2021-03-09T23:22:58","modified_gmt":"2021-03-09T23:22:58","slug":"8m","status":"publish","type":"post","link":"https:\/\/blogsaverroes.juntadeandalucia.es\/ceipelolivo\/8m\/","title":{"rendered":"8M"},"content":{"rendered":"<blockquote><p>A veces tienes que olvidar lo que sientes y recordar lo que mereces.<\/p>\n<p>Frida Kahlo<\/p><\/blockquote>\n<p>Y no se puede expresar con palabras lo que merecen todas las mujeres y ni\u00f1as que forman parte de nuestro colegio. Por una igualdad real, el CEIP \u00abEl Olivo\u00bb seguir\u00e1 alzando la voz cada d\u00eda del a\u00f1o, aunque la mayor visibilidad de todo el trabajo que se realiza diariamente se concentre de manera especial cada 8 de marzo, \u00abD\u00eda Internacional de las Mujeres\u00bb. Os dejamos una muestra de las actividades que hemos realizado en 2021.<\/p>\n<p>Comenzamos las actividades una semana antes gracias a la propuesta llevada a cabo por Oliampa. A trav\u00e9s de un juego de deducci\u00f3n cada clase de Educaci\u00f3n Primaria ten\u00eda que ir investigando a una mujer que hab\u00eda destacado en una faceta distinta de la vida. Cada d\u00eda obten\u00edan una pista a trav\u00e9s de un v\u00eddeo grabado por las mam\u00e1s de cada clase y el d\u00eda 8 de marzo descubrimos a los personajes que se escond\u00edan detr\u00e1s de las pistas obtenidas. Una actividad muy divertida que nos ha permitido conocer a mujeres fascinantes como coco Chanel, Frida Kahlo, Agatha Christie,&nbsp;Audrey Hepburn, Dian Fossey, Amelia Earth y Ella Fitzgerald.<\/p>\n<p>El ciclo de infantil tambi\u00e9n ha conocido a importantes personalidades como Marie Curie, Ada Lovelace y Carmen Amaya. En este caso las mam\u00e1s nos han ofrecido unos divertidos cuenta cuentos con detalles de la vida de cada una de estas fascinantes mujeres.<\/p>\n<p><img loading=\"lazy\" decoding=\"async\" class=\"alignnone size-medium wp-image-6957\" src=\"https:\/\/blogsaverroes.juntadeandalucia.es\/ceipelolivo\/files\/2021\/03\/8Ma-300x300.jpg\" alt=\"\" width=\"300\" height=\"300\" srcset=\"https:\/\/blogsaverroes.juntadeandalucia.es\/ceipelolivo\/files\/2021\/03\/8Ma-300x300.jpg 300w, https:\/\/blogsaverroes.juntadeandalucia.es\/ceipelolivo\/files\/2021\/03\/8Ma-150x150.jpg 150w, https:\/\/blogsaverroes.juntadeandalucia.es\/ceipelolivo\/files\/2021\/03\/8Ma-768x768.jpg 768w, https:\/\/blogsaverroes.juntadeandalucia.es\/ceipelolivo\/files\/2021\/03\/8Ma-432x432.jpg 432w, https:\/\/blogsaverroes.juntadeandalucia.es\/ceipelolivo\/files\/2021\/03\/8Ma-268x268.jpg 268w, https:\/\/blogsaverroes.juntadeandalucia.es\/ceipelolivo\/files\/2021\/03\/8Ma-700x700.jpg 700w, https:\/\/blogsaverroes.juntadeandalucia.es\/ceipelolivo\/files\/2021\/03\/8Ma.jpg 960w\" sizes=\"(max-width: 300px) 100vw, 300px\" \/> <img loading=\"lazy\" decoding=\"async\" class=\"alignnone size-medium wp-image-6958\" src=\"https:\/\/blogsaverroes.juntadeandalucia.es\/ceipelolivo\/files\/2021\/03\/8Mb-300x300.jpg\" alt=\"\" width=\"300\" height=\"300\" srcset=\"https:\/\/blogsaverroes.juntadeandalucia.es\/ceipelolivo\/files\/2021\/03\/8Mb-300x300.jpg 300w, https:\/\/blogsaverroes.juntadeandalucia.es\/ceipelolivo\/files\/2021\/03\/8Mb-150x150.jpg 150w, https:\/\/blogsaverroes.juntadeandalucia.es\/ceipelolivo\/files\/2021\/03\/8Mb-768x768.jpg 768w, https:\/\/blogsaverroes.juntadeandalucia.es\/ceipelolivo\/files\/2021\/03\/8Mb-432x432.jpg 432w, https:\/\/blogsaverroes.juntadeandalucia.es\/ceipelolivo\/files\/2021\/03\/8Mb-268x268.jpg 268w, https:\/\/blogsaverroes.juntadeandalucia.es\/ceipelolivo\/files\/2021\/03\/8Mb-700x700.jpg 700w, https:\/\/blogsaverroes.juntadeandalucia.es\/ceipelolivo\/files\/2021\/03\/8Mb.jpg 960w\" sizes=\"(max-width: 300px) 100vw, 300px\" \/> <img loading=\"lazy\" decoding=\"async\" class=\"alignnone size-medium wp-image-6959\" src=\"https:\/\/blogsaverroes.juntadeandalucia.es\/ceipelolivo\/files\/2021\/03\/8Mc-300x300.jpg\" alt=\"\" width=\"300\" height=\"300\" srcset=\"https:\/\/blogsaverroes.juntadeandalucia.es\/ceipelolivo\/files\/2021\/03\/8Mc-300x300.jpg 300w, https:\/\/blogsaverroes.juntadeandalucia.es\/ceipelolivo\/files\/2021\/03\/8Mc-150x150.jpg 150w, https:\/\/blogsaverroes.juntadeandalucia.es\/ceipelolivo\/files\/2021\/03\/8Mc-768x768.jpg 768w, https:\/\/blogsaverroes.juntadeandalucia.es\/ceipelolivo\/files\/2021\/03\/8Mc-432x432.jpg 432w, https:\/\/blogsaverroes.juntadeandalucia.es\/ceipelolivo\/files\/2021\/03\/8Mc-268x268.jpg 268w, https:\/\/blogsaverroes.juntadeandalucia.es\/ceipelolivo\/files\/2021\/03\/8Mc-700x700.jpg 700w, https:\/\/blogsaverroes.juntadeandalucia.es\/ceipelolivo\/files\/2021\/03\/8Mc.jpg 960w\" sizes=\"(max-width: 300px) 100vw, 300px\" \/><\/p>\n<p>Con el v\u00eddeo de la clase de 4\u00ba de Educaci\u00f3n Primaria os pod\u00e9is hacer una idea de como se ha desarrollado la actividad:<\/p>\n<p><a href=\"https:\/\/gopro.com\/v\/gvbvNZ3vkJoJa\" target=\"_blank\" rel=\"noopener noreferrer\"><img loading=\"lazy\" decoding=\"async\" class=\"aligncenter wp-image-6965 size-thumbnail\" src=\"https:\/\/blogsaverroes.juntadeandalucia.es\/ceipelolivo\/files\/2021\/03\/Saber-m\u00e1s-150x150.png\" alt=\"\" width=\"150\" height=\"150\" srcset=\"https:\/\/blogsaverroes.juntadeandalucia.es\/ceipelolivo\/files\/2021\/03\/Saber-m\u00e1s-150x150.png 150w, https:\/\/blogsaverroes.juntadeandalucia.es\/ceipelolivo\/files\/2021\/03\/Saber-m\u00e1s-300x300.png 300w, https:\/\/blogsaverroes.juntadeandalucia.es\/ceipelolivo\/files\/2021\/03\/Saber-m\u00e1s-432x432.png 432w, https:\/\/blogsaverroes.juntadeandalucia.es\/ceipelolivo\/files\/2021\/03\/Saber-m\u00e1s-268x268.png 268w, https:\/\/blogsaverroes.juntadeandalucia.es\/ceipelolivo\/files\/2021\/03\/Saber-m\u00e1s.png 500w\" sizes=\"(max-width: 150px) 100vw, 150px\" \/><\/a><\/p>\n<p>Con todo el cari\u00f1o, hemos realizado un homenaje a las profesionales que forman parte fundamental de nuestro colegio y que hacen que cada d\u00eda se dignifique el papel de la mujer en la sociedad del siglo XXI. Adem\u00e1s han participado las alumnas que conseguir\u00e1n en un futuro, esperemos que no muy lejano, romper con todas las cadenas que todav\u00eda se empe\u00f1an en anclarnos con el pasado:<\/p>\n[youtube https:\/\/www.youtube.com\/watch?v=eYmvuN6QLfY]\n<p>&nbsp;<\/p>\n<p>Tambi\u00e9n hemos colaborado con el Excelent\u00edsimo Ayuntamiento de Torredonjimeno. La propuesta este a\u00f1o ha sido distinta ya que no hemos podido realizar la tradicional marcha por las calles de nuestra ciudad a causa de la pandemia que estamos sufriendo. A cambio hemos realizado un \u00abMural por la Igualdad\u00bb, que ha estado enmarcado entre las actividades que se han realizado en Torredonjimeno a lo largo de toda la jornada:<\/p>\n<p><img loading=\"lazy\" decoding=\"async\" class=\"wp-image-6961 size-large alignleft\" src=\"https:\/\/blogsaverroes.juntadeandalucia.es\/ceipelolivo\/files\/2021\/03\/Mural-8M-Olivo-1024x768.jpeg\" alt=\"\" width=\"660\" height=\"495\" srcset=\"https:\/\/blogsaverroes.juntadeandalucia.es\/ceipelolivo\/files\/2021\/03\/Mural-8M-Olivo-1024x768.jpeg 1024w, https:\/\/blogsaverroes.juntadeandalucia.es\/ceipelolivo\/files\/2021\/03\/Mural-8M-Olivo-300x225.jpeg 300w, https:\/\/blogsaverroes.juntadeandalucia.es\/ceipelolivo\/files\/2021\/03\/Mural-8M-Olivo-768x576.jpeg 768w, https:\/\/blogsaverroes.juntadeandalucia.es\/ceipelolivo\/files\/2021\/03\/Mural-8M-Olivo-1536x1152.jpeg 1536w, https:\/\/blogsaverroes.juntadeandalucia.es\/ceipelolivo\/files\/2021\/03\/Mural-8M-Olivo-2048x1536.jpeg 2048w, https:\/\/blogsaverroes.juntadeandalucia.es\/ceipelolivo\/files\/2021\/03\/Mural-8M-Olivo-700x525.jpeg 700w, https:\/\/blogsaverroes.juntadeandalucia.es\/ceipelolivo\/files\/2021\/03\/Mural-8M-Olivo-scaled.jpeg 1600w\" sizes=\"(max-width: 660px) 100vw, 660px\" \/><\/p>\n<p><img loading=\"lazy\" decoding=\"async\" class=\"alignnone wp-image-6971 size-large\" src=\"https:\/\/blogsaverroes.juntadeandalucia.es\/ceipelolivo\/files\/2021\/03\/8M-1024x768.jpeg\" alt=\"\" width=\"660\" height=\"495\" srcset=\"https:\/\/blogsaverroes.juntadeandalucia.es\/ceipelolivo\/files\/2021\/03\/8M-1024x768.jpeg 1024w, https:\/\/blogsaverroes.juntadeandalucia.es\/ceipelolivo\/files\/2021\/03\/8M-300x225.jpeg 300w, https:\/\/blogsaverroes.juntadeandalucia.es\/ceipelolivo\/files\/2021\/03\/8M-768x576.jpeg 768w, https:\/\/blogsaverroes.juntadeandalucia.es\/ceipelolivo\/files\/2021\/03\/8M-1536x1152.jpeg 1536w, https:\/\/blogsaverroes.juntadeandalucia.es\/ceipelolivo\/files\/2021\/03\/8M-2048x1536.jpeg 2048w, https:\/\/blogsaverroes.juntadeandalucia.es\/ceipelolivo\/files\/2021\/03\/8M-700x525.jpeg 700w, https:\/\/blogsaverroes.juntadeandalucia.es\/ceipelolivo\/files\/2021\/03\/8M-scaled.jpeg 1600w\" sizes=\"(max-width: 660px) 100vw, 660px\" \/><\/p>\n<p>Os dejamos con unas fotograf\u00edas como recuerdo de una bonita jornada en nuestro colegio. Feliz d\u00eda de las Mujeres:<\/p>\n<p><img loading=\"lazy\" decoding=\"async\" class=\"alignnone wp-image-6970 size-large\" src=\"https:\/\/blogsaverroes.juntadeandalucia.es\/ceipelolivo\/files\/2021\/03\/8MInf-1024x768.jpeg\" alt=\"\" width=\"660\" height=\"495\" srcset=\"https:\/\/blogsaverroes.juntadeandalucia.es\/ceipelolivo\/files\/2021\/03\/8MInf-1024x768.jpeg 1024w, https:\/\/blogsaverroes.juntadeandalucia.es\/ceipelolivo\/files\/2021\/03\/8MInf-300x225.jpeg 300w, https:\/\/blogsaverroes.juntadeandalucia.es\/ceipelolivo\/files\/2021\/03\/8MInf-768x576.jpeg 768w, https:\/\/blogsaverroes.juntadeandalucia.es\/ceipelolivo\/files\/2021\/03\/8MInf-1536x1152.jpeg 1536w, https:\/\/blogsaverroes.juntadeandalucia.es\/ceipelolivo\/files\/2021\/03\/8MInf-2048x1536.jpeg 2048w, https:\/\/blogsaverroes.juntadeandalucia.es\/ceipelolivo\/files\/2021\/03\/8MInf-700x525.jpeg 700w, https:\/\/blogsaverroes.juntadeandalucia.es\/ceipelolivo\/files\/2021\/03\/8MInf-scaled.jpeg 1600w\" sizes=\"(max-width: 660px) 100vw, 660px\" \/><\/p>\n<p><img loading=\"lazy\" decoding=\"async\" class=\"alignnone wp-image-6972 size-large\" src=\"https:\/\/blogsaverroes.juntadeandalucia.es\/ceipelolivo\/files\/2021\/03\/8Mall-1024x768.jpeg\" alt=\"\" width=\"660\" height=\"495\" srcset=\"https:\/\/blogsaverroes.juntadeandalucia.es\/ceipelolivo\/files\/2021\/03\/8Mall-1024x768.jpeg 1024w, https:\/\/blogsaverroes.juntadeandalucia.es\/ceipelolivo\/files\/2021\/03\/8Mall-300x225.jpeg 300w, https:\/\/blogsaverroes.juntadeandalucia.es\/ceipelolivo\/files\/2021\/03\/8Mall-768x576.jpeg 768w, https:\/\/blogsaverroes.juntadeandalucia.es\/ceipelolivo\/files\/2021\/03\/8Mall-1536x1152.jpeg 1536w, https:\/\/blogsaverroes.juntadeandalucia.es\/ceipelolivo\/files\/2021\/03\/8Mall-2048x1536.jpeg 2048w, https:\/\/blogsaverroes.juntadeandalucia.es\/ceipelolivo\/files\/2021\/03\/8Mall-700x525.jpeg 700w, https:\/\/blogsaverroes.juntadeandalucia.es\/ceipelolivo\/files\/2021\/03\/8Mall-scaled.jpeg 1600w\" sizes=\"(max-width: 660px) 100vw, 660px\" \/><\/p>\n<p><img loading=\"lazy\" decoding=\"async\" class=\"aligncenter wp-image-6967 size-large\" src=\"https:\/\/blogsaverroes.juntadeandalucia.es\/ceipelolivo\/files\/2021\/03\/8M-Olivo2021-1024x1024.png\" alt=\"\" width=\"660\" height=\"660\" srcset=\"https:\/\/blogsaverroes.juntadeandalucia.es\/ceipelolivo\/files\/2021\/03\/8M-Olivo2021-1024x1024.png 1024w, https:\/\/blogsaverroes.juntadeandalucia.es\/ceipelolivo\/files\/2021\/03\/8M-Olivo2021-300x300.png 300w, https:\/\/blogsaverroes.juntadeandalucia.es\/ceipelolivo\/files\/2021\/03\/8M-Olivo2021-150x150.png 150w, https:\/\/blogsaverroes.juntadeandalucia.es\/ceipelolivo\/files\/2021\/03\/8M-Olivo2021-768x768.png 768w, https:\/\/blogsaverroes.juntadeandalucia.es\/ceipelolivo\/files\/2021\/03\/8M-Olivo2021-432x432.png 432w, https:\/\/blogsaverroes.juntadeandalucia.es\/ceipelolivo\/files\/2021\/03\/8M-Olivo2021-268x268.png 268w, https:\/\/blogsaverroes.juntadeandalucia.es\/ceipelolivo\/files\/2021\/03\/8M-Olivo2021-700x700.png 700w, https:\/\/blogsaverroes.juntadeandalucia.es\/ceipelolivo\/files\/2021\/03\/8M-Olivo2021.png 1080w\" sizes=\"(max-width: 660px) 100vw, 660px\" \/><\/p>\n","protected":false},"excerpt":{"rendered":"<p>A veces tienes que olvidar lo que sientes y recordar lo que mereces. Frida Kahlo Y no se puede expresar con palabras lo que merecen todas las mujeres y ni\u00f1as que forman parte de&#46;&#46;&#46;<\/p>\n","protected":false},"author":6073,"featured_media":6970,"comment_status":"closed","ping_status":"open","sticky":false,"template":"","format":"standard","meta":{"ngg_post_thumbnail":0,"footnotes":""},"categories":[526],"tags":[1333023,1332812,1333022,362],"aioseo_notices":[],"_links":{"self":[{"href":"https:\/\/blogsaverroes.juntadeandalucia.es\/ceipelolivo\/wp-json\/wp\/v2\/posts\/6955"}],"collection":[{"href":"https:\/\/blogsaverroes.juntadeandalucia.es\/ceipelolivo\/wp-json\/wp\/v2\/posts"}],"about":[{"href":"https:\/\/blogsaverroes.juntadeandalucia.es\/ceipelolivo\/wp-json\/wp\/v2\/types\/post"}],"author":[{"embeddable":true,"href":"https:\/\/blogsaverroes.juntadeandalucia.es\/ceipelolivo\/wp-json\/wp\/v2\/users\/6073"}],"replies":[{"embeddable":true,"href":"https:\/\/blogsaverroes.juntadeandalucia.es\/ceipelolivo\/wp-json\/wp\/v2\/comments?post=6955"}],"version-history":[{"count":11,"href":"https:\/\/blogsaverroes.juntadeandalucia.es\/ceipelolivo\/wp-json\/wp\/v2\/posts\/6955\/revisions"}],"predecessor-version":[{"id":6969,"href":"https:\/\/blogsaverroes.juntadeandalucia.es\/ceipelolivo\/wp-json\/wp\/v2\/posts\/6955\/revisions\/6969"}],"wp:featuredmedia":[{"embeddable":true,"href":"https:\/\/blogsaverroes.juntadeandalucia.es\/ceipelolivo\/wp-json\/wp\/v2\/media\/6970"}],"wp:attachment":[{"href":"https:\/\/blogsaverroes.juntadeandalucia.es\/ceipelolivo\/wp-json\/wp\/v2\/media?parent=6955"}],"wp:term":[{"taxonomy":"category","embeddable":true,"href":"https:\/\/blogsaverroes.juntadeandalucia.es\/ceipelolivo\/wp-json\/wp\/v2\/categories?post=6955"},{"taxonomy":"post_tag","embeddable":true,"href":"https:\/\/blogsaverroes.juntadeandalucia.es\/ceipelolivo\/wp-json\/wp\/v2\/tags?post=6955"}],"curies":[{"name":"wp","href":"https:\/\/api.w.org\/{rel}","templated":true}]}}