{"id":6983,"date":"2021-03-20T10:29:59","date_gmt":"2021-03-20T10:29:59","guid":{"rendered":"https:\/\/blogsaverroes.juntadeandalucia.es\/ceipelolivo\/?p=6983"},"modified":"2021-04-01T09:13:35","modified_gmt":"2021-04-01T09:13:35","slug":"plantando-arboles-en-el-parque-municipal","status":"publish","type":"post","link":"https:\/\/blogsaverroes.juntadeandalucia.es\/ceipelolivo\/plantando-arboles-en-el-parque-municipal\/","title":{"rendered":"Plantando \u00e1rboles en el parque municipal"},"content":{"rendered":"<p><a href=\"https:\/\/blogsaverroes.juntadeandalucia.es\/ceipelolivo\/files\/2021\/03\/Parque-2021-01-scaled.jpeg\" target=\"_blank\" rel=\"noopener noreferrer\"><img loading=\"lazy\" decoding=\"async\" class=\"wp-image-6985 size-large aligncenter\" src=\"https:\/\/blogsaverroes.juntadeandalucia.es\/ceipelolivo\/files\/2021\/03\/Parque-2021-01-1024x768.jpeg\" alt=\"\" width=\"660\" height=\"495\" srcset=\"https:\/\/blogsaverroes.juntadeandalucia.es\/ceipelolivo\/files\/2021\/03\/Parque-2021-01-1024x768.jpeg 1024w, https:\/\/blogsaverroes.juntadeandalucia.es\/ceipelolivo\/files\/2021\/03\/Parque-2021-01-300x225.jpeg 300w, https:\/\/blogsaverroes.juntadeandalucia.es\/ceipelolivo\/files\/2021\/03\/Parque-2021-01-768x576.jpeg 768w, https:\/\/blogsaverroes.juntadeandalucia.es\/ceipelolivo\/files\/2021\/03\/Parque-2021-01-1536x1152.jpeg 1536w, https:\/\/blogsaverroes.juntadeandalucia.es\/ceipelolivo\/files\/2021\/03\/Parque-2021-01-2048x1536.jpeg 2048w, https:\/\/blogsaverroes.juntadeandalucia.es\/ceipelolivo\/files\/2021\/03\/Parque-2021-01-700x525.jpeg 700w, https:\/\/blogsaverroes.juntadeandalucia.es\/ceipelolivo\/files\/2021\/03\/Parque-2021-01-scaled.jpeg 1600w\" sizes=\"(max-width: 660px) 100vw, 660px\" \/><\/a><\/p>\n<p>\u00a1Qu\u00e9 emoci\u00f3n! La primera vez que salimos del colegio para una excursi\u00f3n desde el mes de marzo de 2020.<\/p>\nngg_shortcode_0_placeholder\n<p>Siguiendo todas las normas sanitarias y teniendo mucho cuidado, hemos plantado tres \u00e1rboles <span class=\"pq6dq46d tbxw36s4 knj5qynh kvgmc6g5 ditlmg2l oygrvhab nvdbi5me sf5mxxl7 gl3lb2sf hhz5lgdu\"><img loading=\"lazy\" decoding=\"async\" src=\"https:\/\/static.xx.fbcdn.net\/images\/emoji.php\/v9\/t89\/2\/16\/1f332.png\" alt=\"\ud83c\udf32\" width=\"16\" height=\"16\"><\/span><span class=\"pq6dq46d tbxw36s4 knj5qynh kvgmc6g5 ditlmg2l oygrvhab nvdbi5me sf5mxxl7 gl3lb2sf hhz5lgdu\"><img loading=\"lazy\" decoding=\"async\" src=\"https:\/\/static.xx.fbcdn.net\/images\/emoji.php\/v9\/ta\/2\/16\/1f333.png\" alt=\"\ud83c\udf33\" width=\"16\" height=\"16\"><\/span><span class=\"pq6dq46d tbxw36s4 knj5qynh kvgmc6g5 ditlmg2l oygrvhab nvdbi5me sf5mxxl7 gl3lb2sf hhz5lgdu\"><img loading=\"lazy\" decoding=\"async\" src=\"https:\/\/static.xx.fbcdn.net\/images\/emoji.php\/v9\/t8b\/2\/16\/1f334.png\" alt=\"\ud83c\udf34\" width=\"16\" height=\"16\"><\/span> en nuestro bonito Parque Municipal. Gracias a Francis Castro por habernos explicado tan bien la actividad y los tipos de \u00e1rboles que hemos plantado y a Noelia por habernos ayudado en la plantaci\u00f3n.<\/p>\n<p>\u00a1Volveremos!<\/p>\n","protected":false},"excerpt":{"rendered":"<p>\u00a1Qu\u00e9 emoci\u00f3n! La primera vez que salimos del colegio para una excursi\u00f3n desde el mes de marzo de 2020. &nbsp; Siguiendo todas las normas sanitarias y teniendo mucho cuidado, hemos plantado tres \u00e1rboles en&#46;&#46;&#46;<\/p>\n","protected":false},"author":6073,"featured_media":6984,"comment_status":"closed","ping_status":"open","sticky":true,"template":"","format":"standard","meta":{"ngg_post_thumbnail":0,"footnotes":""},"categories":[25498,526],"tags":[1332812,1333026],"aioseo_notices":[],"_links":{"self":[{"href":"https:\/\/blogsaverroes.juntadeandalucia.es\/ceipelolivo\/wp-json\/wp\/v2\/posts\/6983"}],"collection":[{"href":"https:\/\/blogsaverroes.juntadeandalucia.es\/ceipelolivo\/wp-json\/wp\/v2\/posts"}],"about":[{"href":"https:\/\/blogsaverroes.juntadeandalucia.es\/ceipelolivo\/wp-json\/wp\/v2\/types\/post"}],"author":[{"embeddable":true,"href":"https:\/\/blogsaverroes.juntadeandalucia.es\/ceipelolivo\/wp-json\/wp\/v2\/users\/6073"}],"replies":[{"embeddable":true,"href":"https:\/\/blogsaverroes.juntadeandalucia.es\/ceipelolivo\/wp-json\/wp\/v2\/comments?post=6983"}],"version-history":[{"count":5,"href":"https:\/\/blogsaverroes.juntadeandalucia.es\/ceipelolivo\/wp-json\/wp\/v2\/posts\/6983\/revisions"}],"predecessor-version":[{"id":7019,"href":"https:\/\/blogsaverroes.juntadeandalucia.es\/ceipelolivo\/wp-json\/wp\/v2\/posts\/6983\/revisions\/7019"}],"wp:featuredmedia":[{"embeddable":true,"href":"https:\/\/blogsaverroes.juntadeandalucia.es\/ceipelolivo\/wp-json\/wp\/v2\/media\/6984"}],"wp:attachment":[{"href":"https:\/\/blogsaverroes.juntadeandalucia.es\/ceipelolivo\/wp-json\/wp\/v2\/media?parent=6983"}],"wp:term":[{"taxonomy":"category","embeddable":true,"href":"https:\/\/blogsaverroes.juntadeandalucia.es\/ceipelolivo\/wp-json\/wp\/v2\/categories?post=6983"},{"taxonomy":"post_tag","embeddable":true,"href":"https:\/\/blogsaverroes.juntadeandalucia.es\/ceipelolivo\/wp-json\/wp\/v2\/tags?post=6983"}],"curies":[{"name":"wp","href":"https:\/\/api.w.org\/{rel}","templated":true}]}}