{"id":7828,"date":"2024-02-27T13:02:59","date_gmt":"2024-02-27T13:02:59","guid":{"rendered":"https:\/\/blogsaverroes.juntadeandalucia.es\/ceipelolivo\/?p=7828"},"modified":"2024-02-27T13:03:13","modified_gmt":"2024-02-27T13:03:13","slug":"dia-de-andalucia-2","status":"publish","type":"post","link":"https:\/\/blogsaverroes.juntadeandalucia.es\/ceipelolivo\/dia-de-andalucia-2\/","title":{"rendered":"D\u00eda de Andaluc\u00eda"},"content":{"rendered":"<p>&nbsp;<\/p>\n<p><img loading=\"lazy\" decoding=\"async\" class=\"aligncenter size-full wp-image-7829\" src=\"https:\/\/blogsaverroes.juntadeandalucia.es\/ceipelolivo\/files\/2024\/02\/andalucia-4.png\" alt=\"\" width=\"557\" height=\"687\" srcset=\"https:\/\/blogsaverroes.juntadeandalucia.es\/ceipelolivo\/files\/2024\/02\/andalucia-4.png 557w, https:\/\/blogsaverroes.juntadeandalucia.es\/ceipelolivo\/files\/2024\/02\/andalucia-4-243x300.png 243w, https:\/\/blogsaverroes.juntadeandalucia.es\/ceipelolivo\/files\/2024\/02\/andalucia-4-332x409.png 332w, https:\/\/blogsaverroes.juntadeandalucia.es\/ceipelolivo\/files\/2024\/02\/andalucia-4-19x24.png 19w, https:\/\/blogsaverroes.juntadeandalucia.es\/ceipelolivo\/files\/2024\/02\/andalucia-4-29x36.png 29w, https:\/\/blogsaverroes.juntadeandalucia.es\/ceipelolivo\/files\/2024\/02\/andalucia-4-39x48.png 39w\" sizes=\"(max-width: 557px) 100vw, 557px\" \/><\/p>\n<p>&nbsp; Aqu\u00ed dejamos algunos videos&nbsp; que resumen, en parte, este gran d\u00eda , celebraci\u00f3n del d\u00eda de nuestra tierra, \u00abANDALUC\u00cdA \u00bb :<\/p>\n<p><a href=\"https:\/\/www.instagram.com\/reel\/C32I7o9oO07\/?utm_source=ig_web_copy_link&amp;igsh=MzRlODBiNWFlZA==\"><img loading=\"lazy\" decoding=\"async\" class=\"aligncenter size-full wp-image-7830\" src=\"https:\/\/blogsaverroes.juntadeandalucia.es\/ceipelolivo\/files\/2024\/02\/Sin-t\u00edtulo.png\" alt=\"\" width=\"310\" height=\"306\" srcset=\"https:\/\/blogsaverroes.juntadeandalucia.es\/ceipelolivo\/files\/2024\/02\/Sin-t\u00edtulo.png 310w, https:\/\/blogsaverroes.juntadeandalucia.es\/ceipelolivo\/files\/2024\/02\/Sin-t\u00edtulo-300x296.png 300w, https:\/\/blogsaverroes.juntadeandalucia.es\/ceipelolivo\/files\/2024\/02\/Sin-t\u00edtulo-24x24.png 24w, https:\/\/blogsaverroes.juntadeandalucia.es\/ceipelolivo\/files\/2024\/02\/Sin-t\u00edtulo-36x36.png 36w, https:\/\/blogsaverroes.juntadeandalucia.es\/ceipelolivo\/files\/2024\/02\/Sin-t\u00edtulo-48x48.png 48w\" sizes=\"(max-width: 310px) 100vw, 310px\" \/><\/a><\/p>\n<p><a href=\"https:\/\/www.instagram.com\/reel\/C32NKQpIiM0\/?utm_source=ig_web_copy_link&amp;igsh=MzRlODBiNWFlZA==\"><img loading=\"lazy\" decoding=\"async\" class=\"aligncenter size-full wp-image-7831\" src=\"https:\/\/blogsaverroes.juntadeandalucia.es\/ceipelolivo\/files\/2024\/02\/andalucia-3.png\" alt=\"\" width=\"316\" height=\"309\" srcset=\"https:\/\/blogsaverroes.juntadeandalucia.es\/ceipelolivo\/files\/2024\/02\/andalucia-3.png 316w, https:\/\/blogsaverroes.juntadeandalucia.es\/ceipelolivo\/files\/2024\/02\/andalucia-3-300x293.png 300w, https:\/\/blogsaverroes.juntadeandalucia.es\/ceipelolivo\/files\/2024\/02\/andalucia-3-24x24.png 24w, https:\/\/blogsaverroes.juntadeandalucia.es\/ceipelolivo\/files\/2024\/02\/andalucia-3-36x36.png 36w, https:\/\/blogsaverroes.juntadeandalucia.es\/ceipelolivo\/files\/2024\/02\/andalucia-3-48x48.png 48w\" sizes=\"(max-width: 316px) 100vw, 316px\" \/><\/a><\/p>\n<p><a href=\"https:\/\/www.instagram.com\/reel\/C32KOs3IQYX\/?utm_source=ig_web_copy_link&amp;igsh=MzRlODBiNWFlZA==\"><img loading=\"lazy\" decoding=\"async\" class=\"aligncenter size-full wp-image-7832\" src=\"https:\/\/blogsaverroes.juntadeandalucia.es\/ceipelolivo\/files\/2024\/02\/andalucia-2.png\" alt=\"\" width=\"313\" height=\"311\" srcset=\"https:\/\/blogsaverroes.juntadeandalucia.es\/ceipelolivo\/files\/2024\/02\/andalucia-2.png 313w, https:\/\/blogsaverroes.juntadeandalucia.es\/ceipelolivo\/files\/2024\/02\/andalucia-2-300x298.png 300w, https:\/\/blogsaverroes.juntadeandalucia.es\/ceipelolivo\/files\/2024\/02\/andalucia-2-150x150.png 150w, https:\/\/blogsaverroes.juntadeandalucia.es\/ceipelolivo\/files\/2024\/02\/andalucia-2-24x24.png 24w, https:\/\/blogsaverroes.juntadeandalucia.es\/ceipelolivo\/files\/2024\/02\/andalucia-2-36x36.png 36w, https:\/\/blogsaverroes.juntadeandalucia.es\/ceipelolivo\/files\/2024\/02\/andalucia-2-48x48.png 48w\" sizes=\"(max-width: 313px) 100vw, 313px\" \/><\/a><\/p>\n","protected":false},"excerpt":{"rendered":"<p>&nbsp; &nbsp; Aqu\u00ed dejamos algunos videos&nbsp; que resumen, en parte, este gran d\u00eda , celebraci\u00f3n del d\u00eda de nuestra tierra, \u00abANDALUC\u00cdA \u00bb :<\/p>\n","protected":false},"author":13347,"featured_media":7829,"comment_status":"open","ping_status":"open","sticky":false,"template":"","format":"standard","meta":{"ngg_post_thumbnail":0,"footnotes":""},"categories":[526],"tags":[],"aioseo_notices":[],"_links":{"self":[{"href":"https:\/\/blogsaverroes.juntadeandalucia.es\/ceipelolivo\/wp-json\/wp\/v2\/posts\/7828"}],"collection":[{"href":"https:\/\/blogsaverroes.juntadeandalucia.es\/ceipelolivo\/wp-json\/wp\/v2\/posts"}],"about":[{"href":"https:\/\/blogsaverroes.juntadeandalucia.es\/ceipelolivo\/wp-json\/wp\/v2\/types\/post"}],"author":[{"embeddable":true,"href":"https:\/\/blogsaverroes.juntadeandalucia.es\/ceipelolivo\/wp-json\/wp\/v2\/users\/13347"}],"replies":[{"embeddable":true,"href":"https:\/\/blogsaverroes.juntadeandalucia.es\/ceipelolivo\/wp-json\/wp\/v2\/comments?post=7828"}],"version-history":[{"count":2,"href":"https:\/\/blogsaverroes.juntadeandalucia.es\/ceipelolivo\/wp-json\/wp\/v2\/posts\/7828\/revisions"}],"predecessor-version":[{"id":7834,"href":"https:\/\/blogsaverroes.juntadeandalucia.es\/ceipelolivo\/wp-json\/wp\/v2\/posts\/7828\/revisions\/7834"}],"wp:featuredmedia":[{"embeddable":true,"href":"https:\/\/blogsaverroes.juntadeandalucia.es\/ceipelolivo\/wp-json\/wp\/v2\/media\/7829"}],"wp:attachment":[{"href":"https:\/\/blogsaverroes.juntadeandalucia.es\/ceipelolivo\/wp-json\/wp\/v2\/media?parent=7828"}],"wp:term":[{"taxonomy":"category","embeddable":true,"href":"https:\/\/blogsaverroes.juntadeandalucia.es\/ceipelolivo\/wp-json\/wp\/v2\/categories?post=7828"},{"taxonomy":"post_tag","embeddable":true,"href":"https:\/\/blogsaverroes.juntadeandalucia.es\/ceipelolivo\/wp-json\/wp\/v2\/tags?post=7828"}],"curies":[{"name":"wp","href":"https:\/\/api.w.org\/{rel}","templated":true}]}}