{"id":7960,"date":"2024-12-16T17:02:23","date_gmt":"2024-12-16T17:02:23","guid":{"rendered":"https:\/\/blogsaverroes.juntadeandalucia.es\/ceipelolivo\/?p=7960"},"modified":"2025-01-23T08:19:13","modified_gmt":"2025-01-23T08:19:13","slug":"feliz-navidad-3","status":"publish","type":"post","link":"https:\/\/blogsaverroes.juntadeandalucia.es\/ceipelolivo\/feliz-navidad-3\/","title":{"rendered":"\u00a1 Feliz  Navidad  !"},"content":{"rendered":"<p><img loading=\"lazy\" decoding=\"async\" class=\"aligncenter size-full wp-image-7962\" src=\"https:\/\/blogsaverroes.juntadeandalucia.es\/ceipelolivo\/files\/2024\/12\/5983460008714684349.jpg\" alt=\"\" width=\"960\" height=\"1280\" srcset=\"https:\/\/blogsaverroes.juntadeandalucia.es\/ceipelolivo\/files\/2024\/12\/5983460008714684349.jpg 960w, https:\/\/blogsaverroes.juntadeandalucia.es\/ceipelolivo\/files\/2024\/12\/5983460008714684349-225x300.jpg 225w, https:\/\/blogsaverroes.juntadeandalucia.es\/ceipelolivo\/files\/2024\/12\/5983460008714684349-768x1024.jpg 768w, https:\/\/blogsaverroes.juntadeandalucia.es\/ceipelolivo\/files\/2024\/12\/5983460008714684349-700x933.jpg 700w, https:\/\/blogsaverroes.juntadeandalucia.es\/ceipelolivo\/files\/2024\/12\/5983460008714684349-332x443.jpg 332w\" sizes=\"(max-width: 960px) 100vw, 960px\" \/><\/p>\n<p>&nbsp; &nbsp; &nbsp; &nbsp; Estimadas familias:<\/p>\n<p>&nbsp; Un a\u00f1o m\u00e1s, nos encontramos en esta \u00e9poca tan especial del a\u00f1o en la que el esp\u00edritu de la Navidad nos invita a reflexionar, compartir y agradecer. Desde la direcci\u00f3n del colegio, queremos aprovechar este momento para expresar nuestro m\u00e1s sincero agradecimiento ya que su apoyo como familias ha sido fundamental para que podamos avanzar juntos en este camino de formaci\u00f3n, y no queremos dejar pasar esta ocasi\u00f3n sin reconocerlo.<\/p>\n<p>&nbsp; &nbsp;El 2024 ha sido un a\u00f1o lleno de aprendizajes, desaf\u00edos y hermosos momentos compartidos en comunidad. Cada uno de sus hijos ha aportado su alegr\u00eda, creatividad y esfuerzo, llenando nuestras aulas de vida y entusiasmo.&nbsp;<\/p>\n<p>&nbsp; &nbsp;La Navidad nos invita a valorar lo esencial: el amor, la uni\u00f3n y la esperanza. Es un tiempo para estrechar lazos, compartir momentos inolvidables en familia y recordar que, con peque\u00f1as acciones llenas de bondad, podemos contribuir a un mundo mejor.<\/p>\n<p>&nbsp; &nbsp;De parte de todo el equipo del colegio, les deseamos unas fiestas llenas de paz, alegr\u00eda y momentos entra\u00f1ables. Que el nuevo a\u00f1o traiga consigo nuevas oportunidades , sue\u00f1os&nbsp; y objetivos cumplidos.<\/p>\n<p>Gracias por ser parte de esta gran familia educativa. \u00a1Felices fiestas y pr\u00f3spero a\u00f1o nuevo !<\/p>\n<p><img loading=\"lazy\" decoding=\"async\" class=\"aligncenter size-full wp-image-7970\" src=\"https:\/\/blogsaverroes.juntadeandalucia.es\/ceipelolivo\/files\/2024\/12\/Diseno-sin-titulo-2.png\" alt=\"\" width=\"600\" height=\"620\" srcset=\"https:\/\/blogsaverroes.juntadeandalucia.es\/ceipelolivo\/files\/2024\/12\/Diseno-sin-titulo-2.png 600w, https:\/\/blogsaverroes.juntadeandalucia.es\/ceipelolivo\/files\/2024\/12\/Diseno-sin-titulo-2-290x300.png 290w, https:\/\/blogsaverroes.juntadeandalucia.es\/ceipelolivo\/files\/2024\/12\/Diseno-sin-titulo-2-332x343.png 332w\" sizes=\"(max-width: 600px) 100vw, 600px\" \/><\/p>\n","protected":false},"excerpt":{"rendered":"<p>&nbsp; &nbsp; &nbsp; &nbsp; Estimadas familias: &nbsp; Un a\u00f1o m\u00e1s, nos encontramos en esta \u00e9poca tan especial del a\u00f1o en la que el esp\u00edritu de la Navidad nos invita a reflexionar, compartir y agradecer.&#46;&#46;&#46;<\/p>\n","protected":false},"author":13347,"featured_media":7970,"comment_status":"open","ping_status":"open","sticky":true,"template":"","format":"standard","meta":{"ngg_post_thumbnail":0,"footnotes":""},"categories":[526],"tags":[],"aioseo_notices":[],"_links":{"self":[{"href":"https:\/\/blogsaverroes.juntadeandalucia.es\/ceipelolivo\/wp-json\/wp\/v2\/posts\/7960"}],"collection":[{"href":"https:\/\/blogsaverroes.juntadeandalucia.es\/ceipelolivo\/wp-json\/wp\/v2\/posts"}],"about":[{"href":"https:\/\/blogsaverroes.juntadeandalucia.es\/ceipelolivo\/wp-json\/wp\/v2\/types\/post"}],"author":[{"embeddable":true,"href":"https:\/\/blogsaverroes.juntadeandalucia.es\/ceipelolivo\/wp-json\/wp\/v2\/users\/13347"}],"replies":[{"embeddable":true,"href":"https:\/\/blogsaverroes.juntadeandalucia.es\/ceipelolivo\/wp-json\/wp\/v2\/comments?post=7960"}],"version-history":[{"count":7,"href":"https:\/\/blogsaverroes.juntadeandalucia.es\/ceipelolivo\/wp-json\/wp\/v2\/posts\/7960\/revisions"}],"predecessor-version":[{"id":7972,"href":"https:\/\/blogsaverroes.juntadeandalucia.es\/ceipelolivo\/wp-json\/wp\/v2\/posts\/7960\/revisions\/7972"}],"wp:featuredmedia":[{"embeddable":true,"href":"https:\/\/blogsaverroes.juntadeandalucia.es\/ceipelolivo\/wp-json\/wp\/v2\/media\/7970"}],"wp:attachment":[{"href":"https:\/\/blogsaverroes.juntadeandalucia.es\/ceipelolivo\/wp-json\/wp\/v2\/media?parent=7960"}],"wp:term":[{"taxonomy":"category","embeddable":true,"href":"https:\/\/blogsaverroes.juntadeandalucia.es\/ceipelolivo\/wp-json\/wp\/v2\/categories?post=7960"},{"taxonomy":"post_tag","embeddable":true,"href":"https:\/\/blogsaverroes.juntadeandalucia.es\/ceipelolivo\/wp-json\/wp\/v2\/tags?post=7960"}],"curies":[{"name":"wp","href":"https:\/\/api.w.org\/{rel}","templated":true}]}}