{"id":878,"date":"2018-04-04T14:12:21","date_gmt":"2018-04-04T14:12:21","guid":{"rendered":"http:\/\/blogsaverroes.juntadeandalucia.es\/pre\/ceip\/?p=136"},"modified":"2018-06-19T22:57:32","modified_gmt":"2018-06-19T22:57:32","slug":"parque-de-las-ciencias","status":"publish","type":"post","link":"https:\/\/blogsaverroes.juntadeandalucia.es\/ceipelolivo\/parque-de-las-ciencias\/","title":{"rendered":"Parque de las Ciencias. Granada."},"content":{"rendered":"<p><a href=\"http:\/\/parqueciencias.com\/parqueciencias\/\" target=\"_blank\" rel=\"noopener\"><img loading=\"lazy\" decoding=\"async\" class=\"aligncenter wp-image-3305 size-large\" src=\"https:\/\/blogsaverroes.juntadeandalucia.es\/ceipelolivo\/files\/2018\/04\/parque-de-la-ciencias-1024x680.jpg\" alt=\"\" width=\"660\" height=\"438\" srcset=\"https:\/\/blogsaverroes.juntadeandalucia.es\/ceipelolivo\/files\/2018\/04\/parque-de-la-ciencias-1024x680.jpg 1024w, https:\/\/blogsaverroes.juntadeandalucia.es\/ceipelolivo\/files\/2018\/04\/parque-de-la-ciencias-300x199.jpg 300w, https:\/\/blogsaverroes.juntadeandalucia.es\/ceipelolivo\/files\/2018\/04\/parque-de-la-ciencias-768x510.jpg 768w, https:\/\/blogsaverroes.juntadeandalucia.es\/ceipelolivo\/files\/2018\/04\/parque-de-la-ciencias-700x465.jpg 700w, https:\/\/blogsaverroes.juntadeandalucia.es\/ceipelolivo\/files\/2018\/04\/parque-de-la-ciencias-24x16.jpg 24w, https:\/\/blogsaverroes.juntadeandalucia.es\/ceipelolivo\/files\/2018\/04\/parque-de-la-ciencias-36x24.jpg 36w, https:\/\/blogsaverroes.juntadeandalucia.es\/ceipelolivo\/files\/2018\/04\/parque-de-la-ciencias-48x32.jpg 48w, https:\/\/blogsaverroes.juntadeandalucia.es\/ceipelolivo\/files\/2018\/04\/parque-de-la-ciencias.jpg 1600w\" sizes=\"(max-width: 660px) 100vw, 660px\" \/><\/a><\/p>\n<p style=\"text-align: justify\">El pasado 4 de abril de 2018, los alumnos y alumnas del 2\u00ba ciclo de Educaci\u00f3n Primaria realizaron una actividad extraescolar para profundizar de manera m\u00e1s significativa y manipulativa en aspectos que se ven en clase de forma m\u00e1s te\u00f3rica. Para ello, acompa\u00f1ados de los maestros del 2\u00ba ciclo; Victoria, Fernando y Manolo, visitaron el Parque de las Ciencias de Granada.&nbsp;<\/p>\n<p style=\"text-align: justify\">La jornada se aprovech\u00f3 mucho, ya que nuestro alumnado realiz\u00f3 una visita guiada con especialistas del Parque a trav\u00e9s de todos los pabellones que lo componen. Gracias a ellos pod\u00edan ir preguntado todas las dudas que tuvieran:<\/p>\n<div id=\"attachment_3308\" style=\"width: 543px\" class=\"wp-caption aligncenter\"><img loading=\"lazy\" decoding=\"async\" aria-describedby=\"caption-attachment-3308\" class=\"wp-image-3308\" src=\"https:\/\/blogsaverroes.juntadeandalucia.es\/ceipelolivo\/files\/2018\/04\/Parque01_2018-1024x768.jpg\" alt=\"\" width=\"533\" height=\"400\" srcset=\"https:\/\/blogsaverroes.juntadeandalucia.es\/ceipelolivo\/files\/2018\/04\/Parque01_2018-1024x768.jpg 1024w, https:\/\/blogsaverroes.juntadeandalucia.es\/ceipelolivo\/files\/2018\/04\/Parque01_2018-300x225.jpg 300w, https:\/\/blogsaverroes.juntadeandalucia.es\/ceipelolivo\/files\/2018\/04\/Parque01_2018-768x576.jpg 768w, https:\/\/blogsaverroes.juntadeandalucia.es\/ceipelolivo\/files\/2018\/04\/Parque01_2018-700x525.jpg 700w, https:\/\/blogsaverroes.juntadeandalucia.es\/ceipelolivo\/files\/2018\/04\/Parque01_2018-24x18.jpg 24w, https:\/\/blogsaverroes.juntadeandalucia.es\/ceipelolivo\/files\/2018\/04\/Parque01_2018-36x27.jpg 36w, https:\/\/blogsaverroes.juntadeandalucia.es\/ceipelolivo\/files\/2018\/04\/Parque01_2018-48x36.jpg 48w, https:\/\/blogsaverroes.juntadeandalucia.es\/ceipelolivo\/files\/2018\/04\/Parque01_2018.jpg 1600w\" sizes=\"(max-width: 533px) 100vw, 533px\" \/><p id=\"caption-attachment-3308\" class=\"wp-caption-text\">Robots.<\/p><\/div>\n<p style=\"text-align: justify\">Tras la visita guiada, cada una de las clases particip\u00f3 en un taller. 4\u00ba realiz\u00f3 el taller de \u00abSonido, ondas y m\u00fasica\u00bb, mientras que 3\u00ba aprendi\u00f3 m\u00e1s sobre los \u00abInstrumentos astron\u00f3micos\u00bb.<\/p>\n<p><a href=\"https:\/\/blogsaverroes.juntadeandalucia.es\/ceipelolivo\/files\/2018\/04\/Parque02_2018.jpg\" target=\"_blank\" rel=\"noopener\"><img loading=\"lazy\" decoding=\"async\" class=\"wp-image-3310 size-medium aligncenter\" src=\"https:\/\/blogsaverroes.juntadeandalucia.es\/ceipelolivo\/files\/2018\/04\/Parque02_2018-225x300.jpg\" alt=\"\" width=\"225\" height=\"300\" srcset=\"https:\/\/blogsaverroes.juntadeandalucia.es\/ceipelolivo\/files\/2018\/04\/Parque02_2018-225x300.jpg 225w, https:\/\/blogsaverroes.juntadeandalucia.es\/ceipelolivo\/files\/2018\/04\/Parque02_2018.jpg 768w, https:\/\/blogsaverroes.juntadeandalucia.es\/ceipelolivo\/files\/2018\/04\/Parque02_2018-700x933.jpg 700w, https:\/\/blogsaverroes.juntadeandalucia.es\/ceipelolivo\/files\/2018\/04\/Parque02_2018-18x24.jpg 18w, https:\/\/blogsaverroes.juntadeandalucia.es\/ceipelolivo\/files\/2018\/04\/Parque02_2018-27x36.jpg 27w, https:\/\/blogsaverroes.juntadeandalucia.es\/ceipelolivo\/files\/2018\/04\/Parque02_2018-36x48.jpg 36w\" sizes=\"(max-width: 225px) 100vw, 225px\" \/><\/a><\/p>\n<p style=\"text-align: justify\"><a href=\"https:\/\/blogsaverroes.juntadeandalucia.es\/ceipelolivo\/files\/2018\/04\/Parque03_2018.jpg\" target=\"_blank\" rel=\"noopener\"><img loading=\"lazy\" decoding=\"async\" class=\"wp-image-3311 size-medium aligncenter\" src=\"https:\/\/blogsaverroes.juntadeandalucia.es\/ceipelolivo\/files\/2018\/04\/Parque03_2018-300x225.jpg\" alt=\"\" width=\"300\" height=\"225\" srcset=\"https:\/\/blogsaverroes.juntadeandalucia.es\/ceipelolivo\/files\/2018\/04\/Parque03_2018-300x225.jpg 300w, https:\/\/blogsaverroes.juntadeandalucia.es\/ceipelolivo\/files\/2018\/04\/Parque03_2018-768x576.jpg 768w, https:\/\/blogsaverroes.juntadeandalucia.es\/ceipelolivo\/files\/2018\/04\/Parque03_2018-1024x768.jpg 1024w, https:\/\/blogsaverroes.juntadeandalucia.es\/ceipelolivo\/files\/2018\/04\/Parque03_2018-700x525.jpg 700w, https:\/\/blogsaverroes.juntadeandalucia.es\/ceipelolivo\/files\/2018\/04\/Parque03_2018-24x18.jpg 24w, https:\/\/blogsaverroes.juntadeandalucia.es\/ceipelolivo\/files\/2018\/04\/Parque03_2018-36x27.jpg 36w, https:\/\/blogsaverroes.juntadeandalucia.es\/ceipelolivo\/files\/2018\/04\/Parque03_2018-48x36.jpg 48w, https:\/\/blogsaverroes.juntadeandalucia.es\/ceipelolivo\/files\/2018\/04\/Parque03_2018.jpg 1600w\" sizes=\"(max-width: 300px) 100vw, 300px\" \/><\/a>Despu\u00e9s de un merecido descanso para comer y jugar un poco en el exterior del complejo, nos dirigimos al Planetario para darnos una vuelta por las estrellas, \u00a1una experiencia muy interesante y divertida!<\/p>\n<p style=\"text-align: justify\">Si os hab\u00e9is quedado con ganas de m\u00e1s, no dud\u00e9is en visitarlo. Una experiencia genial a una hora aproximada de camino. Nuestro colegio seguir\u00e1 visit\u00e1ndolo en el futuro con nuevas generaciones de alumnos y alumnas. Un saludo \ud83d\ude09<\/p>\n<p><a href=\"http:\/\/www.parqueciencias.com\/parqueciencias\/menus\/servicios.html\" target=\"_blank\" rel=\"noopener\"><img loading=\"lazy\" decoding=\"async\" class=\"aligncenter wp-image-3315 size-full\" src=\"https:\/\/blogsaverroes.juntadeandalucia.es\/ceipelolivo\/files\/2018\/04\/plano-simbolosgrandes-1.png\" alt=\"\" width=\"769\" height=\"535\" srcset=\"https:\/\/blogsaverroes.juntadeandalucia.es\/ceipelolivo\/files\/2018\/04\/plano-simbolosgrandes-1.png 769w, https:\/\/blogsaverroes.juntadeandalucia.es\/ceipelolivo\/files\/2018\/04\/plano-simbolosgrandes-1-300x209.png 300w, https:\/\/blogsaverroes.juntadeandalucia.es\/ceipelolivo\/files\/2018\/04\/plano-simbolosgrandes-1-768x534.png 768w, https:\/\/blogsaverroes.juntadeandalucia.es\/ceipelolivo\/files\/2018\/04\/plano-simbolosgrandes-1-700x487.png 700w, https:\/\/blogsaverroes.juntadeandalucia.es\/ceipelolivo\/files\/2018\/04\/plano-simbolosgrandes-1-24x17.png 24w, https:\/\/blogsaverroes.juntadeandalucia.es\/ceipelolivo\/files\/2018\/04\/plano-simbolosgrandes-1-36x25.png 36w, https:\/\/blogsaverroes.juntadeandalucia.es\/ceipelolivo\/files\/2018\/04\/plano-simbolosgrandes-1-48x33.png 48w\" sizes=\"(max-width: 769px) 100vw, 769px\" \/><\/a><\/p>\n","protected":false},"excerpt":{"rendered":"<p>El pasado 4 de abril de 2018, los alumnos y alumnas del 2\u00ba ciclo de Educaci\u00f3n Primaria realizaron una actividad extraescolar para profundizar de manera m\u00e1s significativa y manipulativa en aspectos que se ven&#46;&#46;&#46;<\/p>\n","protected":false},"author":5889,"featured_media":3320,"comment_status":"closed","ping_status":"open","sticky":false,"template":"","format":"standard","meta":{"ngg_post_thumbnail":0,"footnotes":""},"categories":[25495,526],"tags":[1332812,307391,56,3469],"aioseo_notices":[],"_links":{"self":[{"href":"https:\/\/blogsaverroes.juntadeandalucia.es\/ceipelolivo\/wp-json\/wp\/v2\/posts\/878"}],"collection":[{"href":"https:\/\/blogsaverroes.juntadeandalucia.es\/ceipelolivo\/wp-json\/wp\/v2\/posts"}],"about":[{"href":"https:\/\/blogsaverroes.juntadeandalucia.es\/ceipelolivo\/wp-json\/wp\/v2\/types\/post"}],"author":[{"embeddable":true,"href":"https:\/\/blogsaverroes.juntadeandalucia.es\/ceipelolivo\/wp-json\/wp\/v2\/users\/5889"}],"replies":[{"embeddable":true,"href":"https:\/\/blogsaverroes.juntadeandalucia.es\/ceipelolivo\/wp-json\/wp\/v2\/comments?post=878"}],"version-history":[{"count":13,"href":"https:\/\/blogsaverroes.juntadeandalucia.es\/ceipelolivo\/wp-json\/wp\/v2\/posts\/878\/revisions"}],"predecessor-version":[{"id":3342,"href":"https:\/\/blogsaverroes.juntadeandalucia.es\/ceipelolivo\/wp-json\/wp\/v2\/posts\/878\/revisions\/3342"}],"wp:featuredmedia":[{"embeddable":true,"href":"https:\/\/blogsaverroes.juntadeandalucia.es\/ceipelolivo\/wp-json\/wp\/v2\/media\/3320"}],"wp:attachment":[{"href":"https:\/\/blogsaverroes.juntadeandalucia.es\/ceipelolivo\/wp-json\/wp\/v2\/media?parent=878"}],"wp:term":[{"taxonomy":"category","embeddable":true,"href":"https:\/\/blogsaverroes.juntadeandalucia.es\/ceipelolivo\/wp-json\/wp\/v2\/categories?post=878"},{"taxonomy":"post_tag","embeddable":true,"href":"https:\/\/blogsaverroes.juntadeandalucia.es\/ceipelolivo\/wp-json\/wp\/v2\/tags?post=878"}],"curies":[{"name":"wp","href":"https:\/\/api.w.org\/{rel}","templated":true}]}}