{"id":2429,"date":"2019-03-15T14:57:00","date_gmt":"2019-03-15T14:57:00","guid":{"rendered":"https:\/\/blogsaverroes.juntadeandalucia.es\/ceipelpinar\/la-bicicleta-by-lorena-orellana\/"},"modified":"2019-03-15T14:57:00","modified_gmt":"2019-03-15T14:57:00","slug":"la-bicicleta-by-lorena-orellana","status":"publish","type":"post","link":"https:\/\/blogsaverroes.juntadeandalucia.es\/ceipelpinar\/la-bicicleta-by-lorena-orellana\/","title":{"rendered":"\u00abLa Bicicleta\u00bb by Lorena Orellana"},"content":{"rendered":"<div><span style=\"color: #666666;, sans-serif\">La se\u00f1o Lorena ha creado una nueva versi\u00f3n de la conocida canci\u00f3n <b><i>\u00abLa bicicleta\u00bb<\/i><\/b> de Shakira y Carlos Vives. \u00bfQuieres cantarla con nosotros?&nbsp;<\/span><br \/><span style=\"color: #666666;, sans-serif\"><br \/><\/span><span style=\"color: #666666;, sans-serif\"><a href=\"https:\/\/drive.google.com\/file\/d\/1Bw3kArOmWiQSWnhW1Yi5Ql6__JCYuqP9\/view?usp=sharing\" target=\"_blank\" rel=\"noopener noreferrer\">https:\/\/drive.google.com\/file\/d\/1Bw3kArOmWiQSWnhW1Yi5Ql6__JCYuqP9\/view?usp=sharing<\/a><\/span><br \/><span style=\"color: #666666;, sans-serif\"><br \/><\/span><\/p>\n<div style=\"text-align: center\"><span style=\"color: #a64d79;, sans-serif\">A mi cole voy<\/span><\/div>\n<div style=\"text-align: center\"><span style=\"color: #a64d79;, sans-serif\">con mi bici voy rodando, pedaleando.<\/span><\/div>\n<div style=\"text-align: center\"><span style=\"color: #a64d79;, sans-serif\">Que \u201ca gustito voy\u201d<\/span><\/div>\n<div style=\"text-align: center\"><span style=\"color: #a64d79;, sans-serif\">no lo dudes y acabar\u00e1s \u201cflipando\u201d.<\/span><\/div>\n<div style=\"text-align: center\"><\/div>\n<div style=\"text-align: center\"><span style=\"color: #a64d79;, sans-serif\">Pon energ\u00eda y alegr\u00eda,<\/span><\/div>\n<div style=\"text-align: center\"><span style=\"color: #a64d79;, sans-serif\">una sonrisa que hoy empieza el nuevo d\u00eda,<\/span><\/div>\n<div style=\"text-align: center\"><span style=\"color: #a64d79;, sans-serif\">y no te cortes, coge el casco<\/span><\/div>\n<div style=\"text-align: center\"><span style=\"color: #a64d79;, sans-serif\">pero t\u00fa antes en casa desayuna \u201cfet\u00e9n\u201d<\/span><\/div>\n<div style=\"text-align: center\"><span style=\"color: #a64d79;, sans-serif\">no sea que te d\u00e9 un \u201cparraque\u201d, <\/span><\/div>\n<div style=\"text-align: center\"><span style=\"color: #a64d79;, sans-serif\">rec\u00e1rgate las pilas bien, <\/span><\/div>\n<div style=\"text-align: center\"><span style=\"color: #a64d79;, sans-serif\">ser\u00e1 por tu bien, ser\u00e1 por tu bien.<\/span><\/div>\n<div style=\"text-align: center\"><span style=\"color: #a64d79;, sans-serif\">Pero en casa desayuna \u201cfet\u00e9n\u201d<\/span><\/div>\n<div style=\"text-align: center\"><span style=\"color: #a64d79;, sans-serif\">no sea que te d\u00e9 un \u201cparraque\u201d,<\/span><\/div>\n<div style=\"text-align: center\"><span style=\"color: #a64d79;, sans-serif\">rec\u00e1rgate las pilas bien,<\/span><\/div>\n<div style=\"text-align: center\"><span style=\"color: #a64d79;, sans-serif\">ser\u00e1 por tu bien, ser\u00e1 por tu bien.<\/span><\/div>\n<div style=\"text-align: center\"><\/div>\n<div style=\"text-align: center\"><span style=\"color: #a64d79;, sans-serif\">Mucha precauci\u00f3n,<\/span><\/div>\n<div style=\"text-align: center\"><span style=\"color: #a64d79;, sans-serif\">cuando yo circulo con mi bicicleta.<\/span><\/div>\n<div style=\"text-align: center\"><span style=\"color: #a64d79;, sans-serif\">Pon mucha atenci\u00f3n,<\/span><\/div>\n<div style=\"text-align: center\"><span style=\"color: #a64d79;, sans-serif\">si no quieres estrellar tu bicicleta.<\/span><\/div>\n<div style=\"text-align: center\"><span style=\"color: #a64d79;, sans-serif\">&nbsp;<b>&nbsp;<\/b><\/span><\/div>\n<div style=\"text-align: center\"><span style=\"color: #a64d79;, sans-serif\">Las se\u00f1ales son importantes<\/span><\/div>\n<div style=\"text-align: center\"><span style=\"color: #a64d79;, sans-serif\">no pases de ellas contin\u00faa adelante.<\/span><\/div>\n<div style=\"text-align: center\"><span style=\"color: #a64d79;, sans-serif\">Mira a un lado, tambi\u00e9n al otro<\/span><\/div>\n<div style=\"text-align: center\"><span style=\"color: #a64d79;, sans-serif\">dale y sigue muy atento a toda indicaci\u00f3n<\/span><\/div>\n<div style=\"text-align: center\"><span style=\"color: #a64d79;, sans-serif\">que si no t\u00fa ya la has \u201cliao\u201d<\/span><\/div>\n<div style=\"text-align: center\"><span style=\"color: #a64d79;, sans-serif\">inf\u00f3rmate antes muy bien<\/span><\/div>\n<div style=\"text-align: center\"><span style=\"color: #a64d79;, sans-serif\">ser\u00e1 por t\u00fa bien, ser\u00e1 por tu bien.<\/span><\/div>\n<div style=\"text-align: center\"><span style=\"color: #a64d79;, sans-serif\">Y sigue atento a toda indicaci\u00f3n<\/span><\/div>\n<div style=\"text-align: center\"><span style=\"color: #a64d79;, sans-serif\">que si no t\u00fa ya la has \u201cliao\u201d<\/span><\/div>\n<div style=\"text-align: center\"><span style=\"color: #a64d79;, sans-serif\">inf\u00f3rmate antes muy bien<\/span><\/div>\n<div style=\"text-align: center\"><span style=\"color: #a64d79;, sans-serif\">ser\u00e1 por tu bien, ser\u00e1 por tu bien.<\/span><\/div>\n<div style=\"text-align: center\"><\/div>\n<div style=\"text-align: center\"><span style=\"color: #a64d79;, sans-serif\">Olv\u00eddate y aparca bien la camioneta<\/span><\/div>\n<div style=\"text-align: center\"><span style=\"color: #a64d79;, sans-serif\">levanta y c\u00f3gete ya la bicicleta<\/span><\/div>\n<div style=\"text-align: center\"><span style=\"color: #a64d79;, sans-serif\">t\u00fa ya no te cortes inv\u00edtala a ella<\/span><\/div>\n<div style=\"text-align: center\"><span style=\"color: #a64d79;, sans-serif\">ella es mi amiga, mi amiga bicicleta.<\/span><\/div>\n<div style=\"text-align: center\"><\/div>\n<div style=\"text-align: center\"><span style=\"color: #a64d79;, sans-serif\">ESTRIBILLO<\/span><\/div>\n<div style=\"text-align: center\"><\/div>\n<div style=\"text-align: center\"><span style=\"color: #a64d79;, sans-serif\">Zapa, zapatillas, camiseta,<\/span><\/div>\n<div style=\"text-align: center\"><span style=\"color: #a64d79;, sans-serif\">cojo mi casco, mi mochila y fruta fresca,<\/span><\/div>\n<div style=\"text-align: center\"><span style=\"color: #a64d79;, sans-serif\">yo voy cantando subido en mi bicicleta,<\/span><\/div>\n<div style=\"text-align: center\"><span style=\"color: #a64d79;, sans-serif\">no es una avioneta ni una camioneta.<\/span><\/div>\n<div style=\"text-align: center\"><\/div>\n<div style=\"text-align: center\"><span style=\"color: #a64d79;, sans-serif\">Zapa, zapatillas, camiseta,<\/span><\/div>\n<div style=\"text-align: center\"><span style=\"color: #a64d79;, sans-serif\">cojo mi casco, mi mochila y fruta fresca,<\/span><\/div>\n<div style=\"text-align: center\"><span style=\"color: #a64d79;, sans-serif\">yo voy cantando subido en mi bicicleta,<\/span><\/div>\n<div style=\"text-align: center\"><span style=\"color: #a64d79;, sans-serif\">no es una avioneta, es mi bicicleta.<\/span><span style=\"font-size: 14pt\"><\/span><\/div>\n<p><span style=\"color: #666666;, sans-serif\">                                                                                                                   <\/span><\/div>\n<div>\n<div style=\"clear: both;text-align: center\"><\/div>\n<\/div>\n","protected":false},"excerpt":{"rendered":"<p>La se\u00f1o Lorena ha creado una nueva versi\u00f3n de la conocida canci\u00f3n \u00abLa bicicleta\u00bb de Shakira y Carlos Vives. \u00bfQuieres cantarla con nosotros?&nbsp;https:\/\/drive.google.com\/file\/d\/1Bw3kArOmWiQSWnhW1Yi5Ql6__JCYuqP9\/view?usp=sharing A mi cole voy con mi bici voy rodando, pedaleando. Que \u201ca gustito voy\u201d no lo dudes y acabar\u00e1s \u201cflipando\u201d. Pon energ\u00eda y alegr\u00eda, una sonrisa que hoy empieza el nuevo d\u00eda, [&hellip;]<\/p>\n","protected":false},"author":11049,"featured_media":0,"comment_status":"closed","ping_status":"closed","sticky":false,"template":"","format":"standard","meta":{"ngg_post_thumbnail":0,"footnotes":""},"categories":[2351659],"tags":[],"aioseo_notices":[],"_links":{"self":[{"href":"https:\/\/blogsaverroes.juntadeandalucia.es\/ceipelpinar\/wp-json\/wp\/v2\/posts\/2429"}],"collection":[{"href":"https:\/\/blogsaverroes.juntadeandalucia.es\/ceipelpinar\/wp-json\/wp\/v2\/posts"}],"about":[{"href":"https:\/\/blogsaverroes.juntadeandalucia.es\/ceipelpinar\/wp-json\/wp\/v2\/types\/post"}],"author":[{"embeddable":true,"href":"https:\/\/blogsaverroes.juntadeandalucia.es\/ceipelpinar\/wp-json\/wp\/v2\/users\/11049"}],"replies":[{"embeddable":true,"href":"https:\/\/blogsaverroes.juntadeandalucia.es\/ceipelpinar\/wp-json\/wp\/v2\/comments?post=2429"}],"version-history":[{"count":0,"href":"https:\/\/blogsaverroes.juntadeandalucia.es\/ceipelpinar\/wp-json\/wp\/v2\/posts\/2429\/revisions"}],"wp:attachment":[{"href":"https:\/\/blogsaverroes.juntadeandalucia.es\/ceipelpinar\/wp-json\/wp\/v2\/media?parent=2429"}],"wp:term":[{"taxonomy":"category","embeddable":true,"href":"https:\/\/blogsaverroes.juntadeandalucia.es\/ceipelpinar\/wp-json\/wp\/v2\/categories?post=2429"},{"taxonomy":"post_tag","embeddable":true,"href":"https:\/\/blogsaverroes.juntadeandalucia.es\/ceipelpinar\/wp-json\/wp\/v2\/tags?post=2429"}],"curies":[{"name":"wp","href":"https:\/\/api.w.org\/{rel}","templated":true}]}}