{"id":2618,"date":"2020-12-09T12:00:38","date_gmt":"2020-12-09T12:00:38","guid":{"rendered":"https:\/\/blogsaverroes.juntadeandalucia.es\/ceipelpinar\/?p=2618"},"modified":"2020-12-09T18:27:19","modified_gmt":"2020-12-09T18:27:19","slug":"ya-tenemos-logo","status":"publish","type":"post","link":"https:\/\/blogsaverroes.juntadeandalucia.es\/ceipelpinar\/ya-tenemos-logo\/","title":{"rendered":"\u00a1YA TENEMOS LOGO!"},"content":{"rendered":"<p style=\"text-align: justify\">Ya tenemos al ganador del concurso \u00abNuestro cole necesita un logo\u00bb. Pr\u00e1cticamente la totalidad del alumnado de Educaci\u00f3n Primaria ha participado en el concurso realizando logos de lo m\u00e1s divertidos y coloridos.<\/p>\n<p>El logo pasar\u00e1 a formar parte de la historia de nuestro cole.&nbsp;<\/p>\n<figure id=\"attachment_2630\" aria-describedby=\"caption-attachment-2630\" style=\"width: 300px\" class=\"wp-caption aligncenter\"><img loading=\"lazy\" decoding=\"async\" class=\"wp-image-2630 size-medium\" src=\"https:\/\/blogsaverroes.juntadeandalucia.es\/ceipelpinar\/files\/2020\/12\/IMG_9972-300x294.jpg\" alt=\"\" width=\"300\" height=\"294\" srcset=\"https:\/\/blogsaverroes.juntadeandalucia.es\/ceipelpinar\/files\/2020\/12\/IMG_9972-300x294.jpg 300w, https:\/\/blogsaverroes.juntadeandalucia.es\/ceipelpinar\/files\/2020\/12\/IMG_9972-1024x1003.jpg 1024w, https:\/\/blogsaverroes.juntadeandalucia.es\/ceipelpinar\/files\/2020\/12\/IMG_9972-768x752.jpg 768w, https:\/\/blogsaverroes.juntadeandalucia.es\/ceipelpinar\/files\/2020\/12\/IMG_9972-1536x1504.jpg 1536w, https:\/\/blogsaverroes.juntadeandalucia.es\/ceipelpinar\/files\/2020\/12\/IMG_9972-2048x2005.jpg 2048w, https:\/\/blogsaverroes.juntadeandalucia.es\/ceipelpinar\/files\/2020\/12\/IMG_9972-24x24.jpg 24w, https:\/\/blogsaverroes.juntadeandalucia.es\/ceipelpinar\/files\/2020\/12\/IMG_9972-36x36.jpg 36w, https:\/\/blogsaverroes.juntadeandalucia.es\/ceipelpinar\/files\/2020\/12\/IMG_9972-48x48.jpg 48w, https:\/\/blogsaverroes.juntadeandalucia.es\/ceipelpinar\/files\/2020\/12\/IMG_9972-scaled.jpg 1600w\" sizes=\"(max-width: 300px) 100vw, 300px\" \/><figcaption id=\"caption-attachment-2630\" class=\"wp-caption-text\">Logo original<\/figcaption><\/figure>\n<figure id=\"attachment_2534\" aria-describedby=\"caption-attachment-2534\" style=\"width: 300px\" class=\"wp-caption aligncenter\"><img loading=\"lazy\" decoding=\"async\" class=\"wp-image-2534 size-medium\" src=\"https:\/\/blogsaverroes.juntadeandalucia.es\/ceipelpinar\/files\/2020\/11\/PROJECT1.1-300x300.png\" alt=\"\" width=\"300\" height=\"300\" srcset=\"https:\/\/blogsaverroes.juntadeandalucia.es\/ceipelpinar\/files\/2020\/11\/PROJECT1.1-300x300.png 300w, https:\/\/blogsaverroes.juntadeandalucia.es\/ceipelpinar\/files\/2020\/11\/PROJECT1.1-1024x1024.png 1024w, https:\/\/blogsaverroes.juntadeandalucia.es\/ceipelpinar\/files\/2020\/11\/PROJECT1.1-150x150.png 150w, https:\/\/blogsaverroes.juntadeandalucia.es\/ceipelpinar\/files\/2020\/11\/PROJECT1.1-768x768.png 768w, https:\/\/blogsaverroes.juntadeandalucia.es\/ceipelpinar\/files\/2020\/11\/PROJECT1.1-100x100.png 100w, https:\/\/blogsaverroes.juntadeandalucia.es\/ceipelpinar\/files\/2020\/11\/PROJECT1.1-1536x1536.png 1536w, https:\/\/blogsaverroes.juntadeandalucia.es\/ceipelpinar\/files\/2020\/11\/PROJECT1.1-2048x2048.png 2048w, https:\/\/blogsaverroes.juntadeandalucia.es\/ceipelpinar\/files\/2020\/11\/PROJECT1.1-24x24.png 24w, https:\/\/blogsaverroes.juntadeandalucia.es\/ceipelpinar\/files\/2020\/11\/PROJECT1.1-36x36.png 36w, https:\/\/blogsaverroes.juntadeandalucia.es\/ceipelpinar\/files\/2020\/11\/PROJECT1.1-48x48.png 48w, https:\/\/blogsaverroes.juntadeandalucia.es\/ceipelpinar\/files\/2020\/11\/PROJECT1.1-80x80.png 80w, https:\/\/blogsaverroes.juntadeandalucia.es\/ceipelpinar\/files\/2020\/11\/PROJECT1.1.png 1600w\" sizes=\"(max-width: 300px) 100vw, 300px\" \/><figcaption id=\"caption-attachment-2534\" class=\"wp-caption-text\">Logo digitalizado<\/figcaption><\/figure>\n<p><img loading=\"lazy\" decoding=\"async\" class=\"aligncenter wp-image-2621 size-large\" src=\"https:\/\/blogsaverroes.juntadeandalucia.es\/ceipelpinar\/files\/2020\/12\/PHOTO-2020-12-09-12-01-05-1024x576.jpg\" alt=\"\" width=\"843\" height=\"474\" srcset=\"https:\/\/blogsaverroes.juntadeandalucia.es\/ceipelpinar\/files\/2020\/12\/PHOTO-2020-12-09-12-01-05-1024x576.jpg 1024w, https:\/\/blogsaverroes.juntadeandalucia.es\/ceipelpinar\/files\/2020\/12\/PHOTO-2020-12-09-12-01-05-300x169.jpg 300w, https:\/\/blogsaverroes.juntadeandalucia.es\/ceipelpinar\/files\/2020\/12\/PHOTO-2020-12-09-12-01-05-768x432.jpg 768w, https:\/\/blogsaverroes.juntadeandalucia.es\/ceipelpinar\/files\/2020\/12\/PHOTO-2020-12-09-12-01-05-1536x864.jpg 1536w, https:\/\/blogsaverroes.juntadeandalucia.es\/ceipelpinar\/files\/2020\/12\/PHOTO-2020-12-09-12-01-05-24x14.jpg 24w, https:\/\/blogsaverroes.juntadeandalucia.es\/ceipelpinar\/files\/2020\/12\/PHOTO-2020-12-09-12-01-05-36x20.jpg 36w, https:\/\/blogsaverroes.juntadeandalucia.es\/ceipelpinar\/files\/2020\/12\/PHOTO-2020-12-09-12-01-05-48x27.jpg 48w, https:\/\/blogsaverroes.juntadeandalucia.es\/ceipelpinar\/files\/2020\/12\/PHOTO-2020-12-09-12-01-05.jpg 1600w\" sizes=\"(max-width: 843px) 100vw, 843px\" \/><\/p>\n<p><img loading=\"lazy\" decoding=\"async\" class=\"aligncenter wp-image-2622 size-large\" src=\"https:\/\/blogsaverroes.juntadeandalucia.es\/ceipelpinar\/files\/2020\/12\/PHOTO-2020-12-09-09-08-42-1-1024x576.jpg\" alt=\"\" width=\"843\" height=\"474\" srcset=\"https:\/\/blogsaverroes.juntadeandalucia.es\/ceipelpinar\/files\/2020\/12\/PHOTO-2020-12-09-09-08-42-1-1024x576.jpg 1024w, https:\/\/blogsaverroes.juntadeandalucia.es\/ceipelpinar\/files\/2020\/12\/PHOTO-2020-12-09-09-08-42-1-300x169.jpg 300w, https:\/\/blogsaverroes.juntadeandalucia.es\/ceipelpinar\/files\/2020\/12\/PHOTO-2020-12-09-09-08-42-1-768x432.jpg 768w, https:\/\/blogsaverroes.juntadeandalucia.es\/ceipelpinar\/files\/2020\/12\/PHOTO-2020-12-09-09-08-42-1-1536x864.jpg 1536w, https:\/\/blogsaverroes.juntadeandalucia.es\/ceipelpinar\/files\/2020\/12\/PHOTO-2020-12-09-09-08-42-1-24x14.jpg 24w, https:\/\/blogsaverroes.juntadeandalucia.es\/ceipelpinar\/files\/2020\/12\/PHOTO-2020-12-09-09-08-42-1-36x20.jpg 36w, https:\/\/blogsaverroes.juntadeandalucia.es\/ceipelpinar\/files\/2020\/12\/PHOTO-2020-12-09-09-08-42-1-48x27.jpg 48w, https:\/\/blogsaverroes.juntadeandalucia.es\/ceipelpinar\/files\/2020\/12\/PHOTO-2020-12-09-09-08-42-1.jpg 1600w\" sizes=\"(max-width: 843px) 100vw, 843px\" \/><\/p>\n<p style=\"text-align: center\">Alumno ganador: M.G.F. de 6\u00ba de primaria.<\/p>\n<p>&nbsp;<\/p>\n","protected":false},"excerpt":{"rendered":"<p>Ya tenemos al ganador del concurso \u00abNuestro cole necesita un logo\u00bb. Pr\u00e1cticamente la totalidad del alumnado de Educaci\u00f3n Primaria ha participado en el concurso realizando logos de lo m\u00e1s divertidos y coloridos. El logo pasar\u00e1 a formar parte de la historia de nuestro cole.&nbsp; Alumno ganador: M.G.F. de 6\u00ba de primaria. &nbsp;<\/p>\n","protected":false},"author":11049,"featured_media":2626,"comment_status":"closed","ping_status":"closed","sticky":false,"template":"","format":"standard","meta":{"ngg_post_thumbnail":0,"footnotes":""},"categories":[526,5670,11909],"tags":[],"aioseo_notices":[],"_links":{"self":[{"href":"https:\/\/blogsaverroes.juntadeandalucia.es\/ceipelpinar\/wp-json\/wp\/v2\/posts\/2618"}],"collection":[{"href":"https:\/\/blogsaverroes.juntadeandalucia.es\/ceipelpinar\/wp-json\/wp\/v2\/posts"}],"about":[{"href":"https:\/\/blogsaverroes.juntadeandalucia.es\/ceipelpinar\/wp-json\/wp\/v2\/types\/post"}],"author":[{"embeddable":true,"href":"https:\/\/blogsaverroes.juntadeandalucia.es\/ceipelpinar\/wp-json\/wp\/v2\/users\/11049"}],"replies":[{"embeddable":true,"href":"https:\/\/blogsaverroes.juntadeandalucia.es\/ceipelpinar\/wp-json\/wp\/v2\/comments?post=2618"}],"version-history":[{"count":7,"href":"https:\/\/blogsaverroes.juntadeandalucia.es\/ceipelpinar\/wp-json\/wp\/v2\/posts\/2618\/revisions"}],"predecessor-version":[{"id":2631,"href":"https:\/\/blogsaverroes.juntadeandalucia.es\/ceipelpinar\/wp-json\/wp\/v2\/posts\/2618\/revisions\/2631"}],"wp:featuredmedia":[{"embeddable":true,"href":"https:\/\/blogsaverroes.juntadeandalucia.es\/ceipelpinar\/wp-json\/wp\/v2\/media\/2626"}],"wp:attachment":[{"href":"https:\/\/blogsaverroes.juntadeandalucia.es\/ceipelpinar\/wp-json\/wp\/v2\/media?parent=2618"}],"wp:term":[{"taxonomy":"category","embeddable":true,"href":"https:\/\/blogsaverroes.juntadeandalucia.es\/ceipelpinar\/wp-json\/wp\/v2\/categories?post=2618"},{"taxonomy":"post_tag","embeddable":true,"href":"https:\/\/blogsaverroes.juntadeandalucia.es\/ceipelpinar\/wp-json\/wp\/v2\/tags?post=2618"}],"curies":[{"name":"wp","href":"https:\/\/api.w.org\/{rel}","templated":true}]}}