{"id":2668,"date":"2021-01-24T11:52:07","date_gmt":"2021-01-24T11:52:07","guid":{"rendered":"https:\/\/blogsaverroes.juntadeandalucia.es\/ceipelpinar\/?p=2668"},"modified":"2021-01-24T11:53:18","modified_gmt":"2021-01-24T11:53:18","slug":"frutas-y-hortalizas","status":"publish","type":"post","link":"https:\/\/blogsaverroes.juntadeandalucia.es\/ceipelpinar\/frutas-y-hortalizas\/","title":{"rendered":"\u00a1Frutas y Hortalizas!"},"content":{"rendered":"<h2>Desde el Programa Creciendo en Salud informamos que a partir del d\u00eda 2 de febrero el cole volver\u00e1 a disfrutar durante un per\u00edodo del reparto de frutas y hortalizas.<\/h2>\n<p><img loading=\"lazy\" decoding=\"async\" class=\"aligncenter wp-image-2670 size-full\" src=\"https:\/\/blogsaverroes.juntadeandalucia.es\/ceipelpinar\/files\/2021\/01\/WhatsApp-Image-2021-01-18-at-16.05.21.jpeg\" alt=\"\" width=\"903\" height=\"1280\" srcset=\"https:\/\/blogsaverroes.juntadeandalucia.es\/ceipelpinar\/files\/2021\/01\/WhatsApp-Image-2021-01-18-at-16.05.21.jpeg 903w, https:\/\/blogsaverroes.juntadeandalucia.es\/ceipelpinar\/files\/2021\/01\/WhatsApp-Image-2021-01-18-at-16.05.21-212x300.jpeg 212w, https:\/\/blogsaverroes.juntadeandalucia.es\/ceipelpinar\/files\/2021\/01\/WhatsApp-Image-2021-01-18-at-16.05.21-722x1024.jpeg 722w, https:\/\/blogsaverroes.juntadeandalucia.es\/ceipelpinar\/files\/2021\/01\/WhatsApp-Image-2021-01-18-at-16.05.21-768x1089.jpeg 768w, https:\/\/blogsaverroes.juntadeandalucia.es\/ceipelpinar\/files\/2021\/01\/WhatsApp-Image-2021-01-18-at-16.05.21-17x24.jpeg 17w, https:\/\/blogsaverroes.juntadeandalucia.es\/ceipelpinar\/files\/2021\/01\/WhatsApp-Image-2021-01-18-at-16.05.21-25x36.jpeg 25w, https:\/\/blogsaverroes.juntadeandalucia.es\/ceipelpinar\/files\/2021\/01\/WhatsApp-Image-2021-01-18-at-16.05.21-34x48.jpeg 34w\" sizes=\"(max-width: 903px) 100vw, 903px\" \/><\/p>\n","protected":false},"excerpt":{"rendered":"<p>Desde el Programa Creciendo en Salud informamos que a partir del d\u00eda 2 de febrero el cole volver\u00e1 a disfrutar durante un per\u00edodo del reparto de frutas y hortalizas.<\/p>\n","protected":false},"author":11049,"featured_media":2669,"comment_status":"closed","ping_status":"closed","sticky":false,"template":"","format":"standard","meta":{"ngg_post_thumbnail":0,"footnotes":""},"categories":[2351663,2351660,526],"tags":[],"aioseo_notices":[],"_links":{"self":[{"href":"https:\/\/blogsaverroes.juntadeandalucia.es\/ceipelpinar\/wp-json\/wp\/v2\/posts\/2668"}],"collection":[{"href":"https:\/\/blogsaverroes.juntadeandalucia.es\/ceipelpinar\/wp-json\/wp\/v2\/posts"}],"about":[{"href":"https:\/\/blogsaverroes.juntadeandalucia.es\/ceipelpinar\/wp-json\/wp\/v2\/types\/post"}],"author":[{"embeddable":true,"href":"https:\/\/blogsaverroes.juntadeandalucia.es\/ceipelpinar\/wp-json\/wp\/v2\/users\/11049"}],"replies":[{"embeddable":true,"href":"https:\/\/blogsaverroes.juntadeandalucia.es\/ceipelpinar\/wp-json\/wp\/v2\/comments?post=2668"}],"version-history":[{"count":1,"href":"https:\/\/blogsaverroes.juntadeandalucia.es\/ceipelpinar\/wp-json\/wp\/v2\/posts\/2668\/revisions"}],"predecessor-version":[{"id":2671,"href":"https:\/\/blogsaverroes.juntadeandalucia.es\/ceipelpinar\/wp-json\/wp\/v2\/posts\/2668\/revisions\/2671"}],"wp:featuredmedia":[{"embeddable":true,"href":"https:\/\/blogsaverroes.juntadeandalucia.es\/ceipelpinar\/wp-json\/wp\/v2\/media\/2669"}],"wp:attachment":[{"href":"https:\/\/blogsaverroes.juntadeandalucia.es\/ceipelpinar\/wp-json\/wp\/v2\/media?parent=2668"}],"wp:term":[{"taxonomy":"category","embeddable":true,"href":"https:\/\/blogsaverroes.juntadeandalucia.es\/ceipelpinar\/wp-json\/wp\/v2\/categories?post=2668"},{"taxonomy":"post_tag","embeddable":true,"href":"https:\/\/blogsaverroes.juntadeandalucia.es\/ceipelpinar\/wp-json\/wp\/v2\/tags?post=2668"}],"curies":[{"name":"wp","href":"https:\/\/api.w.org\/{rel}","templated":true}]}}