{"id":2841,"date":"2021-03-17T19:39:44","date_gmt":"2021-03-17T19:39:44","guid":{"rendered":"https:\/\/blogsaverroes.juntadeandalucia.es\/ceipelpinar\/?p=2841"},"modified":"2021-03-17T19:40:20","modified_gmt":"2021-03-17T19:40:20","slug":"recreos-con-humor-programa-comunica","status":"publish","type":"post","link":"https:\/\/blogsaverroes.juntadeandalucia.es\/ceipelpinar\/recreos-con-humor-programa-comunica\/","title":{"rendered":"Recreos con humor (Programa ComunicA)"},"content":{"rendered":"<p><span style=\"font-weight: 400\">Durante el curso acad\u00e9mico 2020-2021, el CEIP El Pinar est\u00e1 desarrollando un Programa de Innovaci\u00f3n Educativa llamado <\/span><i><span style=\"font-weight: 400\">ComunicA, <\/span><\/i><span style=\"font-weight: 400\">dise\u00f1ado principalmente para la mejora de la competencia en comunicaci\u00f3n ling\u00fc\u00edstica de alumnado. <\/span><span style=\"font-weight: 400\">En una sociedad que va tan deprisa como la actual, el momento de descanso y reflexi\u00f3n ha pasado a un segundo plano. Sin embargo, la risa y la alegr\u00eda siempre ha perdurado entre nosotros-as. Seg\u00fan muchos expertos, ah\u00ed se encuentra el secreto para tener una longeva vida: re\u00edrte todos los d\u00edas.<\/span><\/p>\n<p><span style=\"font-weight: 400\">Nuestro proyecto lo hemos llamado \u201c<\/span><i><span style=\"font-weight: 400\">Con humor, aprendo mejor\u201d, <\/span><\/i><span style=\"font-weight: 400\">en el que a trav\u00e9s de los chistes, an\u00e9cdotas, trabalenguas, m\u00fasica\u2026 se pretende que nuestro alumnado aumente el potencial de aprendizaje, atraer su atenci\u00f3n, y hacer m\u00e1s recordable un concepto, estrechando v\u00ednculos y motiv\u00e1ndolo en el proceso de ense\u00f1anza-aprendizaje. Queremos potenciar la mejora de la Comunicaci\u00f3n oral de una manera divertida para todos\/as.<\/span><\/p>\n<p><span style=\"font-weight: 400\">Las adivinanzas, chistes, trabalenguas\u2026son un juego con el que no solo disfrutar\u00e1n, tambi\u00e9n ejercitar\u00e1n su mente. Est\u00e1 demostrado que este pasatiempo es un ejercicio beneficioso que estimula el&nbsp;<\/span><span style=\"font-weight: 400\">pensamiento abstracto, la inteligencia y el aprendizaje de los ni\u00f1os\/<\/span><span style=\"font-weight: 400\">as<\/span><span style=\"font-weight: 400\">. Adem\u00e1s les ayuda a mejorar su lenguaje y su capacidad para la resoluci\u00f3n de problemas.&nbsp;<\/span><\/p>\n<p><span style=\"font-weight: 400\">Detr\u00e1s de su simple estructura esconden un sinf\u00edn de beneficios que hacen de ellos una de las herramientas educativas m\u00e1s originales. Potencian la memoria, nos ayudan a vocalizar y favorecen el dominio del lenguaje,&nbsp;<\/span><span style=\"font-weight: 400\">mejorando nuestro vocabulario<\/span><span style=\"font-weight: 400\">. Los podemos encontrar de las m\u00e1s variadas tem\u00e1ticas y estilos, pero lo que todos ellos tienen en com\u00fan es que nos van a hacer re\u00edr.<\/span><\/p>\n<p><span style=\"font-weight: 400\">Entre las actividades a realizar se encuentran la composici\u00f3n de historias a partir de un chiste o an\u00e9cdota, programa de radio, v\u00eddeos, recreos con humor\u2026&nbsp;<\/span><\/p>\n<p><span style=\"font-weight: 400\">Como dec\u00eda Charles Chaplin: \u201c<\/span><i><span style=\"font-weight: 400\">Un d\u00eda sin re\u00edr es un d\u00eda perdido\u201d<\/span><\/i><\/p>\n<p><iframe loading=\"lazy\" title=\"Recreos con humor 1 (ComunicA)\" width=\"1170\" height=\"658\" src=\"https:\/\/www.youtube.com\/embed\/ZfoKV3Q03c0?feature=oembed\" frameborder=\"0\" allow=\"accelerometer; autoplay; clipboard-write; encrypted-media; gyroscope; picture-in-picture\" allowfullscreen><\/iframe><\/p>\n<p><iframe loading=\"lazy\" title=\"Recreos con humor 2 (ComunicA)\" width=\"1170\" height=\"658\" src=\"https:\/\/www.youtube.com\/embed\/van4nVPhUhQ?feature=oembed\" frameborder=\"0\" allow=\"accelerometer; autoplay; clipboard-write; encrypted-media; gyroscope; picture-in-picture\" allowfullscreen><\/iframe><\/p>\n","protected":false},"excerpt":{"rendered":"<p>Durante el curso acad\u00e9mico 2020-2021, el CEIP El Pinar est\u00e1 desarrollando un Programa de Innovaci\u00f3n Educativa llamado ComunicA, dise\u00f1ado principalmente para la mejora de la competencia en comunicaci\u00f3n ling\u00fc\u00edstica de alumnado. En una sociedad que va tan deprisa como la actual, el momento de descanso y reflexi\u00f3n ha pasado a un segundo plano. Sin embargo, [&hellip;]<\/p>\n","protected":false},"author":11049,"featured_media":2843,"comment_status":"closed","ping_status":"closed","sticky":false,"template":"","format":"standard","meta":{"ngg_post_thumbnail":0,"footnotes":""},"categories":[11909],"tags":[],"aioseo_notices":[],"_links":{"self":[{"href":"https:\/\/blogsaverroes.juntadeandalucia.es\/ceipelpinar\/wp-json\/wp\/v2\/posts\/2841"}],"collection":[{"href":"https:\/\/blogsaverroes.juntadeandalucia.es\/ceipelpinar\/wp-json\/wp\/v2\/posts"}],"about":[{"href":"https:\/\/blogsaverroes.juntadeandalucia.es\/ceipelpinar\/wp-json\/wp\/v2\/types\/post"}],"author":[{"embeddable":true,"href":"https:\/\/blogsaverroes.juntadeandalucia.es\/ceipelpinar\/wp-json\/wp\/v2\/users\/11049"}],"replies":[{"embeddable":true,"href":"https:\/\/blogsaverroes.juntadeandalucia.es\/ceipelpinar\/wp-json\/wp\/v2\/comments?post=2841"}],"version-history":[{"count":2,"href":"https:\/\/blogsaverroes.juntadeandalucia.es\/ceipelpinar\/wp-json\/wp\/v2\/posts\/2841\/revisions"}],"predecessor-version":[{"id":2844,"href":"https:\/\/blogsaverroes.juntadeandalucia.es\/ceipelpinar\/wp-json\/wp\/v2\/posts\/2841\/revisions\/2844"}],"wp:featuredmedia":[{"embeddable":true,"href":"https:\/\/blogsaverroes.juntadeandalucia.es\/ceipelpinar\/wp-json\/wp\/v2\/media\/2843"}],"wp:attachment":[{"href":"https:\/\/blogsaverroes.juntadeandalucia.es\/ceipelpinar\/wp-json\/wp\/v2\/media?parent=2841"}],"wp:term":[{"taxonomy":"category","embeddable":true,"href":"https:\/\/blogsaverroes.juntadeandalucia.es\/ceipelpinar\/wp-json\/wp\/v2\/categories?post=2841"},{"taxonomy":"post_tag","embeddable":true,"href":"https:\/\/blogsaverroes.juntadeandalucia.es\/ceipelpinar\/wp-json\/wp\/v2\/tags?post=2841"}],"curies":[{"name":"wp","href":"https:\/\/api.w.org\/{rel}","templated":true}]}}