{"id":4358,"date":"2021-05-21T07:39:52","date_gmt":"2021-05-21T07:39:52","guid":{"rendered":"http:\/\/blogsaverroes.juntadeandalucia.es\/ceipelprado\/?p=4358"},"modified":"2021-05-23T18:52:13","modified_gmt":"2021-05-23T18:52:13","slug":"concurso-de-comic-premios","status":"publish","type":"post","link":"https:\/\/blogsaverroes.juntadeandalucia.es\/ceipelprado\/2021\/05\/21\/concurso-de-comic-premios\/","title":{"rendered":"CONCURSO DE C\u00d3MIC &#8211; PREMIOS"},"content":{"rendered":"<p style=\"text-align: justify\"><strong>&nbsp;La semana del libro, todo nuestro centro particip\u00f3 en la creaci\u00f3n de c\u00f3mics haciendo homenaje a Quino. Los premiados que dieron vida a Mafalda a trav\u00e9s de sus dibujos son:<\/strong><\/p>\n<p><a href=\"https:\/\/blogsaverroes.juntadeandalucia.es\/ceipelprado\/files\/2021\/05\/premios-mafalda-1.png\"><img loading=\"lazy\" decoding=\"async\" class=\"wp-image-4375 aligncenter\" src=\"https:\/\/blogsaverroes.juntadeandalucia.es\/ceipelprado\/files\/2021\/05\/premios-mafalda-1.png\" alt=\"\" width=\"481\" height=\"177\" srcset=\"https:\/\/blogsaverroes.juntadeandalucia.es\/ceipelprado\/files\/2021\/05\/premios-mafalda-1.png 928w, https:\/\/blogsaverroes.juntadeandalucia.es\/ceipelprado\/files\/2021\/05\/premios-mafalda-1-300x110.png 300w, https:\/\/blogsaverroes.juntadeandalucia.es\/ceipelprado\/files\/2021\/05\/premios-mafalda-1-768x282.png 768w, https:\/\/blogsaverroes.juntadeandalucia.es\/ceipelprado\/files\/2021\/05\/premios-mafalda-1-600x220.png 600w\" sizes=\"(max-width: 481px) 100vw, 481px\" \/><\/a><\/p>\nngg_shortcode_0_placeholder\n<p style=\"text-align: center\">&nbsp;<\/p>\n","protected":false},"excerpt":{"rendered":"<p>&nbsp;La semana del libro, todo nuestro centro particip\u00f3 en la creaci\u00f3n de c\u00f3mics haciendo homenaje a Quino. Los premiados que dieron vida a Mafalda a trav\u00e9s de sus dibujos son: &nbsp;<\/p>\n","protected":false},"author":4254,"featured_media":0,"comment_status":"open","ping_status":"open","sticky":false,"template":"","format":"standard","meta":{"ngg_post_thumbnail":0,"footnotes":""},"categories":[1885871,1885872],"tags":[1885875,1885873,1885874,1885876],"aioseo_notices":[],"_links":{"self":[{"href":"https:\/\/blogsaverroes.juntadeandalucia.es\/ceipelprado\/wp-json\/wp\/v2\/posts\/4358"}],"collection":[{"href":"https:\/\/blogsaverroes.juntadeandalucia.es\/ceipelprado\/wp-json\/wp\/v2\/posts"}],"about":[{"href":"https:\/\/blogsaverroes.juntadeandalucia.es\/ceipelprado\/wp-json\/wp\/v2\/types\/post"}],"author":[{"embeddable":true,"href":"https:\/\/blogsaverroes.juntadeandalucia.es\/ceipelprado\/wp-json\/wp\/v2\/users\/4254"}],"replies":[{"embeddable":true,"href":"https:\/\/blogsaverroes.juntadeandalucia.es\/ceipelprado\/wp-json\/wp\/v2\/comments?post=4358"}],"version-history":[{"count":5,"href":"https:\/\/blogsaverroes.juntadeandalucia.es\/ceipelprado\/wp-json\/wp\/v2\/posts\/4358\/revisions"}],"predecessor-version":[{"id":4376,"href":"https:\/\/blogsaverroes.juntadeandalucia.es\/ceipelprado\/wp-json\/wp\/v2\/posts\/4358\/revisions\/4376"}],"wp:attachment":[{"href":"https:\/\/blogsaverroes.juntadeandalucia.es\/ceipelprado\/wp-json\/wp\/v2\/media?parent=4358"}],"wp:term":[{"taxonomy":"category","embeddable":true,"href":"https:\/\/blogsaverroes.juntadeandalucia.es\/ceipelprado\/wp-json\/wp\/v2\/categories?post=4358"},{"taxonomy":"post_tag","embeddable":true,"href":"https:\/\/blogsaverroes.juntadeandalucia.es\/ceipelprado\/wp-json\/wp\/v2\/tags?post=4358"}],"curies":[{"name":"wp","href":"https:\/\/api.w.org\/{rel}","templated":true}]}}