{"id":4499,"date":"2021-06-09T18:01:59","date_gmt":"2021-06-09T18:01:59","guid":{"rendered":"http:\/\/blogsaverroes.juntadeandalucia.es\/ceipelprado\/?p=4499"},"modified":"2021-06-29T22:47:07","modified_gmt":"2021-06-29T22:47:07","slug":"alumnado-comprometido","status":"publish","type":"post","link":"https:\/\/blogsaverroes.juntadeandalucia.es\/ceipelprado\/2021\/06\/09\/alumnado-comprometido\/","title":{"rendered":"PROYECTO FINAL &#8211; EDUCACI\u00d3N EN VALORES"},"content":{"rendered":"<p style=\"text-align: justify\">El grupo de <strong>6\u00baC<\/strong> ha estado estos d\u00edas preparando una acci\u00f3n social en nuestro colegio desde el \u00e1rea de Valores Sociales y C\u00edvicos. Compartimos con toda la comunidad educativa el resultado del proyecto con el que cierran el curso, a trav\u00e9s del cual <strong>nos invitan a reflexionar sobre la contaminaci\u00f3n, el cuidado de la biodiversidad, el reciclaje, el valor de los mayores, etc.<\/strong><\/p>\n<p style=\"text-align: left\">\u00a1Buen trabajo!&nbsp;<\/p>\n<p style=\"text-align: left\"><a href=\"https:\/\/blogsaverroes.juntadeandalucia.es\/ceipelprado\/files\/2021\/06\/WhatsApp-Image-2021-06-09-at-12.29.08-2.jpeg\"><img loading=\"lazy\" decoding=\"async\" class=\"wp-image-4504 alignleft\" src=\"https:\/\/blogsaverroes.juntadeandalucia.es\/ceipelprado\/files\/2021\/06\/WhatsApp-Image-2021-06-09-at-12.29.08-2.jpeg\" alt=\"\" width=\"261\" height=\"349\" srcset=\"https:\/\/blogsaverroes.juntadeandalucia.es\/ceipelprado\/files\/2021\/06\/WhatsApp-Image-2021-06-09-at-12.29.08-2.jpeg 1200w, https:\/\/blogsaverroes.juntadeandalucia.es\/ceipelprado\/files\/2021\/06\/WhatsApp-Image-2021-06-09-at-12.29.08-2-225x300.jpeg 225w, https:\/\/blogsaverroes.juntadeandalucia.es\/ceipelprado\/files\/2021\/06\/WhatsApp-Image-2021-06-09-at-12.29.08-2-768x1024.jpeg 768w, https:\/\/blogsaverroes.juntadeandalucia.es\/ceipelprado\/files\/2021\/06\/WhatsApp-Image-2021-06-09-at-12.29.08-2-1152x1536.jpeg 1152w\" sizes=\"(max-width: 261px) 100vw, 261px\" \/><\/a><a href=\"https:\/\/blogsaverroes.juntadeandalucia.es\/ceipelprado\/files\/2021\/06\/WhatsApp-Image-2021-06-09-at-12.29.07.jpeg\"><img loading=\"lazy\" decoding=\"async\" class=\"wp-image-4500 alignleft\" src=\"https:\/\/blogsaverroes.juntadeandalucia.es\/ceipelprado\/files\/2021\/06\/WhatsApp-Image-2021-06-09-at-12.29.07-e1623261495136.jpeg\" alt=\"\" width=\"296\" height=\"351\"><\/a><a href=\"https:\/\/blogsaverroes.juntadeandalucia.es\/ceipelprado\/files\/2021\/06\/WhatsApp-Image-2021-06-09-at-12.29.08.jpeg\"><img loading=\"lazy\" decoding=\"async\" class=\"wp-image-4502 alignleft\" src=\"https:\/\/blogsaverroes.juntadeandalucia.es\/ceipelprado\/files\/2021\/06\/WhatsApp-Image-2021-06-09-at-12.29.08.jpeg\" alt=\"\" width=\"291\" height=\"388\" srcset=\"https:\/\/blogsaverroes.juntadeandalucia.es\/ceipelprado\/files\/2021\/06\/WhatsApp-Image-2021-06-09-at-12.29.08.jpeg 1200w, https:\/\/blogsaverroes.juntadeandalucia.es\/ceipelprado\/files\/2021\/06\/WhatsApp-Image-2021-06-09-at-12.29.08-225x300.jpeg 225w, https:\/\/blogsaverroes.juntadeandalucia.es\/ceipelprado\/files\/2021\/06\/WhatsApp-Image-2021-06-09-at-12.29.08-768x1024.jpeg 768w, https:\/\/blogsaverroes.juntadeandalucia.es\/ceipelprado\/files\/2021\/06\/WhatsApp-Image-2021-06-09-at-12.29.08-1152x1536.jpeg 1152w\" sizes=\"(max-width: 291px) 100vw, 291px\" \/><\/a> <a href=\"https:\/\/blogsaverroes.juntadeandalucia.es\/ceipelprado\/files\/2021\/06\/WhatsApp-Image-2021-06-09-at-12.29.08-1.jpeg\"><img loading=\"lazy\" decoding=\"async\" class=\"wp-image-4503 alignleft\" src=\"https:\/\/blogsaverroes.juntadeandalucia.es\/ceipelprado\/files\/2021\/06\/WhatsApp-Image-2021-06-09-at-12.29.08-1-e1623261550477.jpeg\" alt=\"\" width=\"266\" height=\"390\" srcset=\"https:\/\/blogsaverroes.juntadeandalucia.es\/ceipelprado\/files\/2021\/06\/WhatsApp-Image-2021-06-09-at-12.29.08-1-e1623261550477.jpeg 844w, https:\/\/blogsaverroes.juntadeandalucia.es\/ceipelprado\/files\/2021\/06\/WhatsApp-Image-2021-06-09-at-12.29.08-1-e1623261550477-205x300.jpeg 205w, https:\/\/blogsaverroes.juntadeandalucia.es\/ceipelprado\/files\/2021\/06\/WhatsApp-Image-2021-06-09-at-12.29.08-1-e1623261550477-699x1024.jpeg 699w, https:\/\/blogsaverroes.juntadeandalucia.es\/ceipelprado\/files\/2021\/06\/WhatsApp-Image-2021-06-09-at-12.29.08-1-e1623261550477-768x1125.jpeg 768w\" sizes=\"(max-width: 266px) 100vw, 266px\" \/><\/a><\/p>\n<p style=\"text-align: left\">&nbsp;<\/p>\n<p style=\"text-align: left\">&nbsp;<\/p>\n<p style=\"text-align: left\">&nbsp;<\/p>\n<p style=\"text-align: left\">&nbsp;<\/p>\n<p style=\"text-align: left\">&nbsp;<\/p>\n<p style=\"text-align: left\">&nbsp;<\/p>\n<p style=\"text-align: left\">&nbsp;<\/p>\n<p style=\"text-align: left\">&nbsp;<\/p>\n<p style=\"text-align: left\">&nbsp;<\/p>\n<p style=\"text-align: left\">&nbsp;<\/p>\n<p style=\"text-align: left\"><a href=\"https:\/\/blogsaverroes.juntadeandalucia.es\/ceipelprado\/files\/2021\/06\/WhatsApp-Image-2021-06-09-at-12.29.11.jpeg\"><img loading=\"lazy\" decoding=\"async\" class=\"wp-image-4507 alignleft\" src=\"https:\/\/blogsaverroes.juntadeandalucia.es\/ceipelprado\/files\/2021\/06\/WhatsApp-Image-2021-06-09-at-12.29.11.jpeg\" alt=\"\" width=\"280\" height=\"374\" srcset=\"https:\/\/blogsaverroes.juntadeandalucia.es\/ceipelprado\/files\/2021\/06\/WhatsApp-Image-2021-06-09-at-12.29.11.jpeg 1200w, https:\/\/blogsaverroes.juntadeandalucia.es\/ceipelprado\/files\/2021\/06\/WhatsApp-Image-2021-06-09-at-12.29.11-225x300.jpeg 225w, https:\/\/blogsaverroes.juntadeandalucia.es\/ceipelprado\/files\/2021\/06\/WhatsApp-Image-2021-06-09-at-12.29.11-768x1024.jpeg 768w, https:\/\/blogsaverroes.juntadeandalucia.es\/ceipelprado\/files\/2021\/06\/WhatsApp-Image-2021-06-09-at-12.29.11-1152x1536.jpeg 1152w\" sizes=\"(max-width: 280px) 100vw, 280px\" \/><\/a> <a href=\"https:\/\/blogsaverroes.juntadeandalucia.es\/ceipelprado\/files\/2021\/06\/WhatsApp-Image-2021-06-09-at-12.29.11-1.jpeg\"><img loading=\"lazy\" decoding=\"async\" class=\"wp-image-4508 alignleft\" src=\"https:\/\/blogsaverroes.juntadeandalucia.es\/ceipelprado\/files\/2021\/06\/WhatsApp-Image-2021-06-09-at-12.29.11-1.jpeg\" alt=\"\" width=\"281\" height=\"373\"><\/a><a href=\"https:\/\/blogsaverroes.juntadeandalucia.es\/ceipelprado\/files\/2021\/06\/WhatsApp-Image-2021-06-09-at-12.29.10-e1623261591317.jpeg\"><br \/>\n<img loading=\"lazy\" decoding=\"async\" class=\"wp-image-4505 alignleft\" src=\"https:\/\/blogsaverroes.juntadeandalucia.es\/ceipelprado\/files\/2021\/06\/WhatsApp-Image-2021-06-09-at-12.29.10-e1623261591317.jpeg\" alt=\"\" width=\"301\" height=\"359\" srcset=\"https:\/\/blogsaverroes.juntadeandalucia.es\/ceipelprado\/files\/2021\/06\/WhatsApp-Image-2021-06-09-at-12.29.10-e1623261591317.jpeg 1060w, https:\/\/blogsaverroes.juntadeandalucia.es\/ceipelprado\/files\/2021\/06\/WhatsApp-Image-2021-06-09-at-12.29.10-e1623261591317-252x300.jpeg 252w, https:\/\/blogsaverroes.juntadeandalucia.es\/ceipelprado\/files\/2021\/06\/WhatsApp-Image-2021-06-09-at-12.29.10-e1623261591317-859x1024.jpeg 859w, https:\/\/blogsaverroes.juntadeandalucia.es\/ceipelprado\/files\/2021\/06\/WhatsApp-Image-2021-06-09-at-12.29.10-e1623261591317-768x916.jpeg 768w\" sizes=\"(max-width: 301px) 100vw, 301px\" \/><\/a> <a href=\"https:\/\/blogsaverroes.juntadeandalucia.es\/ceipelprado\/files\/2021\/06\/WhatsApp-Image-2021-06-09-at-12.29.10-1-e1623261634306.jpeg\"><img loading=\"lazy\" decoding=\"async\" class=\"wp-image-4506 alignleft\" src=\"https:\/\/blogsaverroes.juntadeandalucia.es\/ceipelprado\/files\/2021\/06\/WhatsApp-Image-2021-06-09-at-12.29.10-1-e1623261634306.jpeg\" alt=\"\" width=\"262\" height=\"376\"><\/a><\/p>\n<p style=\"text-align: left\">&nbsp;<\/p>\n<p style=\"text-align: left\">&nbsp;<\/p>\n<p style=\"text-align: left\">&nbsp;<\/p>\n<p style=\"text-align: left\">&nbsp;<\/p>\n<p style=\"text-align: left\">&nbsp;<\/p>\n<p style=\"text-align: left\">&nbsp;<\/p>\n<p style=\"text-align: left\">&nbsp;<\/p>\n<p style=\"text-align: left\">&nbsp;<\/p>\n<p style=\"text-align: left\">&nbsp;<\/p>\n<p style=\"text-align: center\"><a href=\"https:\/\/blogsaverroes.juntadeandalucia.es\/ceipelprado\/files\/2021\/06\/WhatsApp-Image-2021-06-09-at-12.29.07-1.jpeg\"><img loading=\"lazy\" decoding=\"async\" class=\"wp-image-4501 alignleft\" src=\"https:\/\/blogsaverroes.juntadeandalucia.es\/ceipelprado\/files\/2021\/06\/WhatsApp-Image-2021-06-09-at-12.29.07-1.jpeg\" alt=\"\" width=\"581\" height=\"774\" srcset=\"https:\/\/blogsaverroes.juntadeandalucia.es\/ceipelprado\/files\/2021\/06\/WhatsApp-Image-2021-06-09-at-12.29.07-1.jpeg 1200w, https:\/\/blogsaverroes.juntadeandalucia.es\/ceipelprado\/files\/2021\/06\/WhatsApp-Image-2021-06-09-at-12.29.07-1-225x300.jpeg 225w, https:\/\/blogsaverroes.juntadeandalucia.es\/ceipelprado\/files\/2021\/06\/WhatsApp-Image-2021-06-09-at-12.29.07-1-768x1024.jpeg 768w, https:\/\/blogsaverroes.juntadeandalucia.es\/ceipelprado\/files\/2021\/06\/WhatsApp-Image-2021-06-09-at-12.29.07-1-1152x1536.jpeg 1152w\" sizes=\"(max-width: 581px) 100vw, 581px\" \/><\/a><\/p>\n","protected":false},"excerpt":{"rendered":"<p>El grupo de 6\u00baC ha estado estos d\u00edas preparando una acci\u00f3n social en nuestro colegio desde el \u00e1rea de Valores Sociales y C\u00edvicos. Compartimos con toda la comunidad educativa el resultado del proyecto con&#46;&#46;&#46;<\/p>\n","protected":false},"author":4254,"featured_media":0,"comment_status":"open","ping_status":"open","sticky":false,"template":"","format":"standard","meta":{"ngg_post_thumbnail":0,"footnotes":""},"categories":[1885906,1885897],"tags":[1885895,1885881],"aioseo_notices":[],"_links":{"self":[{"href":"https:\/\/blogsaverroes.juntadeandalucia.es\/ceipelprado\/wp-json\/wp\/v2\/posts\/4499"}],"collection":[{"href":"https:\/\/blogsaverroes.juntadeandalucia.es\/ceipelprado\/wp-json\/wp\/v2\/posts"}],"about":[{"href":"https:\/\/blogsaverroes.juntadeandalucia.es\/ceipelprado\/wp-json\/wp\/v2\/types\/post"}],"author":[{"embeddable":true,"href":"https:\/\/blogsaverroes.juntadeandalucia.es\/ceipelprado\/wp-json\/wp\/v2\/users\/4254"}],"replies":[{"embeddable":true,"href":"https:\/\/blogsaverroes.juntadeandalucia.es\/ceipelprado\/wp-json\/wp\/v2\/comments?post=4499"}],"version-history":[{"count":12,"href":"https:\/\/blogsaverroes.juntadeandalucia.es\/ceipelprado\/wp-json\/wp\/v2\/posts\/4499\/revisions"}],"predecessor-version":[{"id":4520,"href":"https:\/\/blogsaverroes.juntadeandalucia.es\/ceipelprado\/wp-json\/wp\/v2\/posts\/4499\/revisions\/4520"}],"wp:attachment":[{"href":"https:\/\/blogsaverroes.juntadeandalucia.es\/ceipelprado\/wp-json\/wp\/v2\/media?parent=4499"}],"wp:term":[{"taxonomy":"category","embeddable":true,"href":"https:\/\/blogsaverroes.juntadeandalucia.es\/ceipelprado\/wp-json\/wp\/v2\/categories?post=4499"},{"taxonomy":"post_tag","embeddable":true,"href":"https:\/\/blogsaverroes.juntadeandalucia.es\/ceipelprado\/wp-json\/wp\/v2\/tags?post=4499"}],"curies":[{"name":"wp","href":"https:\/\/api.w.org\/{rel}","templated":true}]}}