{"id":4712,"date":"2021-11-23T13:28:42","date_gmt":"2021-11-23T13:28:42","guid":{"rendered":"http:\/\/blogsaverroes.juntadeandalucia.es\/ceipelprado\/?p=4712"},"modified":"2021-11-23T13:29:57","modified_gmt":"2021-11-23T13:29:57","slug":"ciclo-de-cine-mudo","status":"publish","type":"post","link":"https:\/\/blogsaverroes.juntadeandalucia.es\/ceipelprado\/2021\/11\/23\/ciclo-de-cine-mudo\/","title":{"rendered":"CICLO DE CINE MUDO"},"content":{"rendered":"<h3>La Biblioteca de nuestro centro abre sus puertas en el recreo para celebrar un Ciclo de Cine Mudo.<\/h3>\n<p style=\"text-align: justify\">De<a href=\"https:\/\/blogsaverroes.juntadeandalucia.es\/ceipelprado\/files\/2021\/11\/240px-Charlie_Chaplin-1.jpg\"><img loading=\"lazy\" decoding=\"async\" class=\"wp-image-4714 alignleft\" src=\"https:\/\/blogsaverroes.juntadeandalucia.es\/ceipelprado\/files\/2021\/11\/240px-Charlie_Chaplin-1.jpg\" alt=\"\" width=\"227\" height=\"283\"><\/a> 1\u00ba a 6\u00ba de Primaria, nuestro alumnado est\u00e1 disfrutando del cine mudo de Charles Chaplin en peque\u00f1os grupos a la hora del recreo. Una oportunidad para ellos de acercarse a este artista y conocer c\u00f3mo eran las primeras obras cinematogr\u00e1ficas.&nbsp;<\/p>\n<p>Durante estos d\u00edas se est\u00e1n proyectando:&nbsp;<\/p>\n<p><strong>&#8211; Charlot, campe\u00f3n de boxeo.<\/strong><\/p>\n<p><strong>&#8211; La fuga de Charlot.<\/strong><\/p>\n<p><strong>&#8211; Charlot en la playa.<\/strong><\/p>\n<p><strong>&#8211; Charlot, perfecta dama.<\/strong><\/p>\n<p>&nbsp;<\/p>\n","protected":false},"excerpt":{"rendered":"<p>La Biblioteca de nuestro centro abre sus puertas en el recreo para celebrar un Ciclo de Cine Mudo. De 1\u00ba a 6\u00ba de Primaria, nuestro alumnado est\u00e1 disfrutando del cine mudo de Charles Chaplin&#46;&#46;&#46;<\/p>\n","protected":false},"author":4254,"featured_media":0,"comment_status":"open","ping_status":"open","sticky":false,"template":"","format":"standard","meta":{"ngg_post_thumbnail":0,"footnotes":""},"categories":[1885906,1885872],"tags":[1885875,1885921,1885922],"aioseo_notices":[],"_links":{"self":[{"href":"https:\/\/blogsaverroes.juntadeandalucia.es\/ceipelprado\/wp-json\/wp\/v2\/posts\/4712"}],"collection":[{"href":"https:\/\/blogsaverroes.juntadeandalucia.es\/ceipelprado\/wp-json\/wp\/v2\/posts"}],"about":[{"href":"https:\/\/blogsaverroes.juntadeandalucia.es\/ceipelprado\/wp-json\/wp\/v2\/types\/post"}],"author":[{"embeddable":true,"href":"https:\/\/blogsaverroes.juntadeandalucia.es\/ceipelprado\/wp-json\/wp\/v2\/users\/4254"}],"replies":[{"embeddable":true,"href":"https:\/\/blogsaverroes.juntadeandalucia.es\/ceipelprado\/wp-json\/wp\/v2\/comments?post=4712"}],"version-history":[{"count":3,"href":"https:\/\/blogsaverroes.juntadeandalucia.es\/ceipelprado\/wp-json\/wp\/v2\/posts\/4712\/revisions"}],"predecessor-version":[{"id":4717,"href":"https:\/\/blogsaverroes.juntadeandalucia.es\/ceipelprado\/wp-json\/wp\/v2\/posts\/4712\/revisions\/4717"}],"wp:attachment":[{"href":"https:\/\/blogsaverroes.juntadeandalucia.es\/ceipelprado\/wp-json\/wp\/v2\/media?parent=4712"}],"wp:term":[{"taxonomy":"category","embeddable":true,"href":"https:\/\/blogsaverroes.juntadeandalucia.es\/ceipelprado\/wp-json\/wp\/v2\/categories?post=4712"},{"taxonomy":"post_tag","embeddable":true,"href":"https:\/\/blogsaverroes.juntadeandalucia.es\/ceipelprado\/wp-json\/wp\/v2\/tags?post=4712"}],"curies":[{"name":"wp","href":"https:\/\/api.w.org\/{rel}","templated":true}]}}