{"id":6801,"date":"2024-09-10T13:58:51","date_gmt":"2024-09-10T13:58:51","guid":{"rendered":"https:\/\/blogsaverroes.juntadeandalucia.es\/ceipelprado\/?p=6801"},"modified":"2024-09-10T13:58:51","modified_gmt":"2024-09-10T13:58:51","slug":"ceip-el-prado-con-afa","status":"publish","type":"post","link":"https:\/\/blogsaverroes.juntadeandalucia.es\/ceipelprado\/2024\/09\/10\/ceip-el-prado-con-afa\/","title":{"rendered":"CEIP EL PRADO CON AFA"},"content":{"rendered":"<p>TRABAJO DE COLABORACI\u00d3N ENTRE NUESTRO COLEGIO Y LA ASOCIACI\u00d3N AFA.<br \/>\nContribuimos con material para nuestros mayores.<br \/>\nEste curso se har\u00e1n trabajos de colaboraci\u00f3n con esta entidad para la concienciaci\u00f3n y sensibilizaci\u00f3n de nuestro alumnado con las enfermedades degenerativas y sus consecuencias en las personas que las sufren.<\/p>\n<p>&nbsp;<\/p>\n<p><a href=\"https:\/\/blogsaverroes.juntadeandalucia.es\/ceipelprado\/files\/2024\/09\/WhatsApp-Image-2024-09-09-at-17.09.36.jpeg\"><img loading=\"lazy\" decoding=\"async\" class=\"aligncenter size-large wp-image-6802\" src=\"https:\/\/blogsaverroes.juntadeandalucia.es\/ceipelprado\/files\/2024\/09\/WhatsApp-Image-2024-09-09-at-17.09.36-1024x768.jpeg\" alt=\"\" width=\"601\" height=\"451\" srcset=\"https:\/\/blogsaverroes.juntadeandalucia.es\/ceipelprado\/files\/2024\/09\/WhatsApp-Image-2024-09-09-at-17.09.36-1024x768.jpeg 1024w, https:\/\/blogsaverroes.juntadeandalucia.es\/ceipelprado\/files\/2024\/09\/WhatsApp-Image-2024-09-09-at-17.09.36-300x225.jpeg 300w, https:\/\/blogsaverroes.juntadeandalucia.es\/ceipelprado\/files\/2024\/09\/WhatsApp-Image-2024-09-09-at-17.09.36-768x576.jpeg 768w, https:\/\/blogsaverroes.juntadeandalucia.es\/ceipelprado\/files\/2024\/09\/WhatsApp-Image-2024-09-09-at-17.09.36-1536x1152.jpeg 1536w, https:\/\/blogsaverroes.juntadeandalucia.es\/ceipelprado\/files\/2024\/09\/WhatsApp-Image-2024-09-09-at-17.09.36.jpeg 1600w\" sizes=\"(max-width: 601px) 100vw, 601px\" \/><\/a> <a href=\"https:\/\/blogsaverroes.juntadeandalucia.es\/ceipelprado\/files\/2024\/09\/WhatsApp-Image-2024-09-09-at-17.09.37.jpeg\"><img loading=\"lazy\" decoding=\"async\" class=\"aligncenter size-large wp-image-6803\" src=\"https:\/\/blogsaverroes.juntadeandalucia.es\/ceipelprado\/files\/2024\/09\/WhatsApp-Image-2024-09-09-at-17.09.37-1024x768.jpeg\" alt=\"\" width=\"601\" height=\"451\" srcset=\"https:\/\/blogsaverroes.juntadeandalucia.es\/ceipelprado\/files\/2024\/09\/WhatsApp-Image-2024-09-09-at-17.09.37-1024x768.jpeg 1024w, https:\/\/blogsaverroes.juntadeandalucia.es\/ceipelprado\/files\/2024\/09\/WhatsApp-Image-2024-09-09-at-17.09.37-300x225.jpeg 300w, https:\/\/blogsaverroes.juntadeandalucia.es\/ceipelprado\/files\/2024\/09\/WhatsApp-Image-2024-09-09-at-17.09.37-768x576.jpeg 768w, https:\/\/blogsaverroes.juntadeandalucia.es\/ceipelprado\/files\/2024\/09\/WhatsApp-Image-2024-09-09-at-17.09.37-1536x1152.jpeg 1536w, https:\/\/blogsaverroes.juntadeandalucia.es\/ceipelprado\/files\/2024\/09\/WhatsApp-Image-2024-09-09-at-17.09.37.jpeg 1600w\" sizes=\"(max-width: 601px) 100vw, 601px\" \/><\/a><\/p>\n","protected":false},"excerpt":{"rendered":"<p>TRABAJO DE COLABORACI\u00d3N ENTRE NUESTRO COLEGIO Y LA ASOCIACI\u00d3N AFA. Contribuimos con material para nuestros mayores. Este curso se har\u00e1n trabajos de colaboraci\u00f3n con esta entidad para la concienciaci\u00f3n y sensibilizaci\u00f3n de nuestro alumnado&#46;&#46;&#46;<\/p>\n","protected":false},"author":4254,"featured_media":0,"comment_status":"open","ping_status":"open","sticky":false,"template":"","format":"standard","meta":{"ngg_post_thumbnail":0,"footnotes":""},"categories":[11909],"tags":[],"aioseo_notices":[],"_links":{"self":[{"href":"https:\/\/blogsaverroes.juntadeandalucia.es\/ceipelprado\/wp-json\/wp\/v2\/posts\/6801"}],"collection":[{"href":"https:\/\/blogsaverroes.juntadeandalucia.es\/ceipelprado\/wp-json\/wp\/v2\/posts"}],"about":[{"href":"https:\/\/blogsaverroes.juntadeandalucia.es\/ceipelprado\/wp-json\/wp\/v2\/types\/post"}],"author":[{"embeddable":true,"href":"https:\/\/blogsaverroes.juntadeandalucia.es\/ceipelprado\/wp-json\/wp\/v2\/users\/4254"}],"replies":[{"embeddable":true,"href":"https:\/\/blogsaverroes.juntadeandalucia.es\/ceipelprado\/wp-json\/wp\/v2\/comments?post=6801"}],"version-history":[{"count":1,"href":"https:\/\/blogsaverroes.juntadeandalucia.es\/ceipelprado\/wp-json\/wp\/v2\/posts\/6801\/revisions"}],"predecessor-version":[{"id":6804,"href":"https:\/\/blogsaverroes.juntadeandalucia.es\/ceipelprado\/wp-json\/wp\/v2\/posts\/6801\/revisions\/6804"}],"wp:attachment":[{"href":"https:\/\/blogsaverroes.juntadeandalucia.es\/ceipelprado\/wp-json\/wp\/v2\/media?parent=6801"}],"wp:term":[{"taxonomy":"category","embeddable":true,"href":"https:\/\/blogsaverroes.juntadeandalucia.es\/ceipelprado\/wp-json\/wp\/v2\/categories?post=6801"},{"taxonomy":"post_tag","embeddable":true,"href":"https:\/\/blogsaverroes.juntadeandalucia.es\/ceipelprado\/wp-json\/wp\/v2\/tags?post=6801"}],"curies":[{"name":"wp","href":"https:\/\/api.w.org\/{rel}","templated":true}]}}