{"id":6921,"date":"2024-11-28T12:24:32","date_gmt":"2024-11-28T12:24:32","guid":{"rendered":"https:\/\/blogsaverroes.juntadeandalucia.es\/ceipelprado\/?p=6921"},"modified":"2024-11-28T12:24:32","modified_gmt":"2024-11-28T12:24:32","slug":"excursion-tercer-ciclo","status":"publish","type":"post","link":"https:\/\/blogsaverroes.juntadeandalucia.es\/ceipelprado\/2024\/11\/28\/excursion-tercer-ciclo\/","title":{"rendered":"EXCURSI\u00d3N TERCER CICLO"},"content":{"rendered":"<p class=\"p1\">El pasado martes 19 de noviembre, el alumnado del tercer ciclo llev\u00f3 a cabo su salida trimestral.<\/p>\n<p class=\"p1\">En esta ocasi\u00f3n ten\u00eda car\u00e1cter cultural y aprovechando que hemos trabajado la Edad Media, Edad Moderna y Edad Contempor\u00e1nea, visitamos el Castillo de Niebla y el Muelle de las Carabelas.<\/p>\n<p class=\"p1\">En el Castillo realizamos tres talleres: la b\u00fasqueda del tesoro medieval, arquer\u00eda y escape room en las mazmorras.<\/p>\n<p class=\"p1\">Despu\u00e9s en el Muelle de las Carabelas despu\u00e9s de ver un v\u00eddeo explicativo pudimos visitar las r\u00e9plicas de la Pinta, la Ni\u00f1a y la Santa Maria.<\/p>\n<p class=\"p1\">El tiempo estuvo estupendo y pudimos comer y jugar en la playa de Mazag\u00f3n.<\/p>\n<p class=\"p1\">\u00a1 Fue un d\u00eda muy intenso en el que aprendimos , convivimos y disfrutamos !<\/p>\n<p class=\"p1\">Deseando que llegue la pr\u00f3xima\u2026<\/p>\nngg_shortcode_0_placeholder\n","protected":false},"excerpt":{"rendered":"<p>El pasado martes 19 de noviembre, el alumnado del tercer ciclo llev\u00f3 a cabo su salida trimestral. En esta ocasi\u00f3n ten\u00eda car\u00e1cter cultural y aprovechando que hemos trabajado la Edad Media, Edad Moderna y&#46;&#46;&#46;<\/p>\n","protected":false},"author":4254,"featured_media":0,"comment_status":"open","ping_status":"open","sticky":false,"template":"","format":"standard","meta":{"ngg_post_thumbnail":0,"footnotes":""},"categories":[11909],"tags":[],"aioseo_notices":[],"_links":{"self":[{"href":"https:\/\/blogsaverroes.juntadeandalucia.es\/ceipelprado\/wp-json\/wp\/v2\/posts\/6921"}],"collection":[{"href":"https:\/\/blogsaverroes.juntadeandalucia.es\/ceipelprado\/wp-json\/wp\/v2\/posts"}],"about":[{"href":"https:\/\/blogsaverroes.juntadeandalucia.es\/ceipelprado\/wp-json\/wp\/v2\/types\/post"}],"author":[{"embeddable":true,"href":"https:\/\/blogsaverroes.juntadeandalucia.es\/ceipelprado\/wp-json\/wp\/v2\/users\/4254"}],"replies":[{"embeddable":true,"href":"https:\/\/blogsaverroes.juntadeandalucia.es\/ceipelprado\/wp-json\/wp\/v2\/comments?post=6921"}],"version-history":[{"count":1,"href":"https:\/\/blogsaverroes.juntadeandalucia.es\/ceipelprado\/wp-json\/wp\/v2\/posts\/6921\/revisions"}],"predecessor-version":[{"id":6934,"href":"https:\/\/blogsaverroes.juntadeandalucia.es\/ceipelprado\/wp-json\/wp\/v2\/posts\/6921\/revisions\/6934"}],"wp:attachment":[{"href":"https:\/\/blogsaverroes.juntadeandalucia.es\/ceipelprado\/wp-json\/wp\/v2\/media?parent=6921"}],"wp:term":[{"taxonomy":"category","embeddable":true,"href":"https:\/\/blogsaverroes.juntadeandalucia.es\/ceipelprado\/wp-json\/wp\/v2\/categories?post=6921"},{"taxonomy":"post_tag","embeddable":true,"href":"https:\/\/blogsaverroes.juntadeandalucia.es\/ceipelprado\/wp-json\/wp\/v2\/tags?post=6921"}],"curies":[{"name":"wp","href":"https:\/\/api.w.org\/{rel}","templated":true}]}}