{"id":7070,"date":"2025-01-31T06:43:32","date_gmt":"2025-01-31T06:43:32","guid":{"rendered":"https:\/\/blogsaverroes.juntadeandalucia.es\/ceipelprado\/?p=7070"},"modified":"2025-01-31T08:06:59","modified_gmt":"2025-01-31T08:06:59","slug":"manos-a-la-masa","status":"publish","type":"post","link":"https:\/\/blogsaverroes.juntadeandalucia.es\/ceipelprado\/2025\/01\/31\/manos-a-la-masa\/","title":{"rendered":"\u00a1MANOS A LA MASA!"},"content":{"rendered":"<p>Los alumnos de 2\u00ba han podido disfrutar de la elaboraci\u00f3n de una receta en colaboraci\u00f3n con los padres, en relaci\u00f3n al temario trabajado en lengua. Despu\u00e9s han degustado el resultado.<\/p>\n<p style=\"text-align: center\">\u00a1Lo hemos pasado genial!<\/p>\nngg_shortcode_0_placeholder\n","protected":false},"excerpt":{"rendered":"<p>Los alumnos de 2\u00ba han podido disfrutar de la elaboraci\u00f3n de una receta en colaboraci\u00f3n con los padres, en relaci\u00f3n al temario trabajado en lengua. Despu\u00e9s han degustado el resultado. \u00a1Lo hemos pasado genial!<\/p>\n","protected":false},"author":4254,"featured_media":0,"comment_status":"open","ping_status":"open","sticky":false,"template":"","format":"standard","meta":{"ngg_post_thumbnail":0,"footnotes":""},"categories":[1885906,11909],"tags":[],"aioseo_notices":[],"_links":{"self":[{"href":"https:\/\/blogsaverroes.juntadeandalucia.es\/ceipelprado\/wp-json\/wp\/v2\/posts\/7070"}],"collection":[{"href":"https:\/\/blogsaverroes.juntadeandalucia.es\/ceipelprado\/wp-json\/wp\/v2\/posts"}],"about":[{"href":"https:\/\/blogsaverroes.juntadeandalucia.es\/ceipelprado\/wp-json\/wp\/v2\/types\/post"}],"author":[{"embeddable":true,"href":"https:\/\/blogsaverroes.juntadeandalucia.es\/ceipelprado\/wp-json\/wp\/v2\/users\/4254"}],"replies":[{"embeddable":true,"href":"https:\/\/blogsaverroes.juntadeandalucia.es\/ceipelprado\/wp-json\/wp\/v2\/comments?post=7070"}],"version-history":[{"count":10,"href":"https:\/\/blogsaverroes.juntadeandalucia.es\/ceipelprado\/wp-json\/wp\/v2\/posts\/7070\/revisions"}],"predecessor-version":[{"id":7086,"href":"https:\/\/blogsaverroes.juntadeandalucia.es\/ceipelprado\/wp-json\/wp\/v2\/posts\/7070\/revisions\/7086"}],"wp:attachment":[{"href":"https:\/\/blogsaverroes.juntadeandalucia.es\/ceipelprado\/wp-json\/wp\/v2\/media?parent=7070"}],"wp:term":[{"taxonomy":"category","embeddable":true,"href":"https:\/\/blogsaverroes.juntadeandalucia.es\/ceipelprado\/wp-json\/wp\/v2\/categories?post=7070"},{"taxonomy":"post_tag","embeddable":true,"href":"https:\/\/blogsaverroes.juntadeandalucia.es\/ceipelprado\/wp-json\/wp\/v2\/tags?post=7070"}],"curies":[{"name":"wp","href":"https:\/\/api.w.org\/{rel}","templated":true}]}}