{"id":2394,"date":"2013-05-26T07:15:00","date_gmt":"2013-05-26T07:15:00","guid":{"rendered":"https:\/\/blogsaverroes.juntadeandalucia.es\/ceipelpuche\/visitamos-el-parlamento-de-andalucia\/"},"modified":"2025-12-26T12:31:24","modified_gmt":"2025-12-26T12:31:24","slug":"visitamos-el-parlamento-de-andalucia","status":"publish","type":"post","link":"https:\/\/blogsaverroes.juntadeandalucia.es\/ceipelpuche\/visitamos-el-parlamento-de-andalucia\/","title":{"rendered":"VISITAMOS EL PARLAMENTO DE ANDALUC\u00cdA"},"content":{"rendered":"<table cellpadding=\"0\" cellspacing=\"0\" style=\"margin-left: auto;margin-right: auto;text-align: center\">\n<tbody>\n<tr>\n<td style=\"text-align: center\"><a href=\"http:\/\/1.bp.blogspot.com\/-emfXCF-HzaM\/UaG4Fo2_egI\/AAAAAAAAAFI\/vDUYbfkqYHE\/s1600\/VISITA+AL+PARLAMENTO.JPG\" style=\"clear: right;margin-bottom: 1em;margin-left: auto;margin-right: auto\"><img loading=\"lazy\" decoding=\"async\" border=\"0\" height=\"150\" src=\"http:\/\/1.bp.blogspot.com\/-emfXCF-HzaM\/UaG4Fo2_egI\/AAAAAAAAAFI\/vDUYbfkqYHE\/s200\/VISITA+AL+PARLAMENTO.JPG\" width=\"200\" \/><\/a><\/td>\n<\/tr>\n<tr>\n<td style=\"text-align: center\">VISITAMOS EL PARLAMENTO<\/td>\n<\/tr>\n<\/tbody>\n<\/table>\n<p><span style=\"font-family: inherit\"><span style=\"font-size: small\">Viernes 24 de mayo,cinco y media de la ma\u00f1ana,con caras de sue\u00f1o&nbsp; y con rostros emocionados e inquietos nos disponemos a subir al autob\u00fas que nos llevar\u00e1 a Sevilla.<\/span><\/span><br \/><span style=\"font-family: inherit\"><span style=\"font-size: small\"><\/span><\/span><span style=\"font-family: inherit\"><span style=\"font-size: small\">Vamos al Parlamento andaluz,por un d\u00eda nuestras alumnas y alumnos se van a convertir en diputadas y diputados.<\/span><\/span><br \/><span style=\"font-family: inherit\"><span style=\"font-size: small\"><\/span><\/span><span style=\"font-family: inherit\"><span style=\"font-size: small\">La ONG Aldeas Infantiles nos ha elegido para ir en representaci\u00f3n de nuestra provincia.<\/span><\/span><br \/><span style=\"font-family: inherit\"><span style=\"font-size: small\"><\/span><\/span><span style=\"font-family: inherit\"><span style=\"font-size: small\">Emprendemos la ruta&#8230;&#8230;&#8230;&#8230;&#8230;<\/span><\/span><br \/><span style=\"font-family: inherit\"><span style=\"font-size: small\"><\/span><\/span><span style=\"font-family: inherit\"><span style=\"font-size: small\">Sobre las siete realizamos la primera parada,hemos dejado atr\u00e1s la provincia de Almer\u00eda y nos encontramos en la de Granada.<\/span><\/span><br \/><span style=\"font-family: inherit\"><span style=\"font-size: small\"><\/span><\/span><span style=\"font-family: inherit\"><span style=\"font-size: small\">Sobre las 11 de la ma\u00f1ana el conductor nos deja en la puerta del Parlamento,comienza la aventura&#8230;.<\/span><\/span><br \/><span style=\"font-family: inherit\"><span style=\"font-size: small\"><\/span><\/span><span style=\"font-family: inherit\"><span style=\"font-size: small\">Nos reciben en la entrada<span style=\"font-size: small\">;<\/span>un u<span style=\"font-size: small\">j<\/span>ier se pone a disposici\u00f3n de los diputados y diputadas ,nos dan la bienvenida y pasamos a las acreditaciones.<\/span><\/span><br \/><span style=\"font-family: inherit\"><span style=\"font-size: small\"><\/span><\/span><span style=\"font-family: inherit\"><span style=\"font-size: small\">Entramos en el recinto,la admiraci\u00f3n por el edificio ,los jardines&#8230;brillan en los ojos de nuestro alumnado y en los del profesorado.<\/span><\/span><br \/><span style=\"font-family: inherit\"><span style=\"font-size: small\"><\/span><\/span><span style=\"font-family: inherit\"><span style=\"font-size: small\">Nos informan que nos colocaremos por orden alfab\u00e9tico,estamos los primeros ,poco a poco y con nerviosismo los 14 representantes de Almer\u00eda van coloc\u00e1ndose en sus respectivos esca\u00f1os;el profesorado se coloca en la tribuna de invitados.<\/span><\/span><br \/><span style=\"font-family: inherit\"><span style=\"font-size: small\"><\/span><\/span><span style=\"font-family: inherit\"><span style=\"font-size: small\">Se inicia la sesi\u00f3n parlamentaria.<\/span><\/span><br \/><span style=\"font-family: inherit\"><span style=\"font-size: small\"><\/span><\/span><span style=\"font-family: inherit\"><span style=\"font-size: small\">El presidente del Parlamento,Manuel Gracia,nos da el discurso de bienvenida. Al finalizar dicho discurso la vicepresidenta de Aldeas Infantiles nos recuerda que celebramos el d\u00eda SOMOS ,nos levantamos y nos ponemos del rev\u00e9s las camisetas,las chaquetas,las camisas&#8230;.con este gesto decimos que queremos darle la vuelta a las injusticias.<\/span><\/span><br \/><span style=\"font-family: inherit\"><span style=\"font-size: small\"><\/span><\/span><span style=\"font-family: inherit\"><span style=\"font-size: small\">A continuaci\u00f3n van dando paso a  las intervenciones,comienza Almer\u00eda,su representante Maryam Bousrij lee el discurso:<\/span><\/span><br \/><span style=\"font-family: inherit\"><span style=\"font-size: small\"><\/span><\/span><span style=\"font-family: inherit\"><span style=\"font-size: small\"><b>LOS ALUMNOS Y ALUMNAS DEL COLEGIO CEIP EL PUCHE DE ALMER\u00cdA HEMOS TRABAJADO EN CLASE ALGUNOS VALORES, QUE SON, LA AUTONOM\u00cdA, LA LIBERTAD Y LA AMABILIDAD.<\/b><\/span><\/span><br \/><span style=\"font-family: inherit\"><span style=\"font-size: small\"><\/span><\/span><\/p>\n<div align=\"JUSTIFY\"><span style=\"font-family: inherit\"><span style=\"font-size: small\">&nbsp;<i><b>Autonom\u00eda, libertad y amabilidad, tres valores fundamentales del ser humano. Adem\u00e1s de eso, tres fant\u00e1sticos e inseparables amigos. A\u00fan as\u00ed cada uno es especial por s\u00ed mismo. Por ejemplo:<\/b><\/i><\/span><\/span><\/div>\n<p><span style=\"font-family: inherit\"><span style=\"font-size: small\"><\/span><\/span><\/p>\n<div align=\"JUSTIFY\"><span style=\"font-family: inherit\"><span style=\"font-size: small\"><u>&nbsp;<\/u><b><i><u>Autonom\u00eda<\/u><\/i><i>. Hace que las personas se hagan maduras y m\u00e1s responsables, que se puedan valer por s\u00ed mismas de forma positiva.<\/i><\/b><\/span><\/span><\/div>\n<p><span style=\"font-family: inherit\"><span style=\"font-size: small\"><\/span><\/span><\/p>\n<div align=\"JUSTIFY\"><span style=\"font-family: inherit\"><span style=\"font-size: small\">&nbsp;<i><b><u>Amabilidad<\/u>. Siempre hace que las personas den una sonrisa cada d\u00eda, una dulce palabra, un por favor y un gracias.<\/b><\/i><\/span><\/span><\/div>\n<p><span style=\"font-family: inherit\"><span style=\"font-size: small\"><\/span><\/span><\/p>\n<div align=\"JUSTIFY\"><span style=\"font-family: inherit\"><span style=\"font-size: small\"><u>&nbsp;<\/u><i><b><u>Libertad.<\/u>Les recuerda que son libres e independientes, pero la libertad que se tomen no sea perjudicial.<\/b><\/i><\/span><\/span><\/div>\n<p><span style=\"font-family: inherit\"><span style=\"font-size: small\"><\/span><\/span><\/p>\n<div align=\"JUSTIFY\"><span style=\"font-family: inherit\"><span style=\"font-size: small\">&nbsp;<i><b>Los tres amigos siempre van dando consejos por ah\u00ed. Ellos no son como los dem\u00e1s, son \u00fanicos y especiales porque siempre est\u00e1n ense\u00f1ando a sus amigos y amigas el camino que deben tomar, por supuesto es el buen camino, el camino de la autonom\u00eda, la amabilidad y la libertad. Cuando ven a alguien confuso o preocupado siempre le ayudan. <\/b><\/i><\/span><\/span><\/div>\n<p><span style=\"font-family: inherit\"><span style=\"font-size: small\"><\/span><\/span><\/p>\n<div align=\"JUSTIFY\"><span style=\"font-family: inherit\"><span style=\"font-size: small\">&nbsp;<b>LOS COMPROMISOS QUE QUEREMOS ALCANZAR PARA&nbsp; DESARROLLAR NUESTRAS CAPACIDADES DE AUTONOM\u00cdA, AMABILIDAD Y LIBERTAD SON:<\/b><\/span><\/span><\/div>\n<p><span style=\"font-family: inherit\"><span style=\"font-size: small\"><\/span><\/span><\/p>\n<ul>\n<li>\n<div align=\"JUSTIFY\"><span style=\"font-family: inherit\"><span style=\"font-size: small\">&nbsp;&nbsp; <i><b>Alegrar  la vida de nuestra familia, compa\u00f1eros y compa\u00f1eras de colegio,&nbsp;  y vecinos y vecinas, ofreciendo siempre una sonrisa.<\/b><\/i><\/span><\/span><\/div>\n<\/li>\n<li>\n<div align=\"JUSTIFY\"><span style=\"font-family: inherit\"><span style=\"font-size: small\"><i><b>Intentaremos  hacer&nbsp; y terminar con entusiasmos todas las actividades que nos  pidan nuestros maestros y maestras, padres y madres, para aprender a  hacerlas por nosotros mismos.<\/b><\/i><\/span><\/span><\/div>\n<\/li>\n<li>\n<div align=\"JUSTIFY\"><span style=\"font-family: inherit\"><span style=\"font-size: small\"><i><b>Pensaremos&nbsp;  siempre nuestras decisiones seg\u00fan lo que nosotros y nosotras  queramos, pero no olvidaremos lo que quieren y necesitan los dem\u00e1s.<\/b><\/i><\/span><\/span><\/div>\n<\/li>\n<\/ul>\n<p><span style=\"font-family: inherit\"><span style=\"font-size: small\"><\/span><\/span><\/p>\n<div align=\"JUSTIFY\"><span style=\"font-family: inherit\"><span style=\"font-size: small\">&nbsp;Al terminar suenan los aplausos de los diputados ,diputadas y el p\u00fablico invitado.<\/span><\/span><\/div>\n<p><span style=\"font-family: inherit\"><span style=\"font-size: small\"><\/span><\/span><span style=\"font-family: inherit\"><span style=\"font-size: small\">Una a una van interviniendo todas las provincias.<\/span><\/span><br \/><span style=\"font-family: inherit\"><span style=\"font-size: small\"><\/span><\/span><span style=\"font-family: inherit\"><span style=\"font-size: small\">Al finalizar se pasa a las votaciones de los compromisos.<\/span><\/span><br \/><span style=\"font-family: inherit\"><span style=\"font-size: small\"><\/span><\/span><span style=\"font-family: inherit\"><span style=\"font-size: small\">Cada diputado y diputada ejerce su derecho al voto<\/span><\/span><br \/><span style=\"font-family: inherit\"><span style=\"font-size: small\"><\/span><\/span><span style=\"font-family: inherit\"><span style=\"font-size: small\">Terminada la votaci\u00f3n pasamos  al recuento de los mismos.<\/span><\/span><br \/><span style=\"font-family: inherit\"><span style=\"font-size: small\"><\/span><\/span><span style=\"font-family: inherit\"><span style=\"font-size: small\">Salen elegidos los tres mas votados,comprometi\u00e9ndonos a llevarlos a nuestras aulas.<\/span><\/span><br \/><span style=\"font-family: inherit\"><span style=\"font-size: small\"><\/span><\/span><\/p>\n<ol>\n<li><span style=\"font-family: inherit\"><span style=\"font-size: small\">Trataremos con cari\u00f1o y con  respeto a las personas mayores y a los ni\u00f1os peque\u00f1os,ya que son  los dos mas indefensos.<\/span><\/span>  <\/li>\n<li><span style=\"font-family: inherit\"><span style=\"font-size: small\">Esforzarnos para ser mejores  personas cada d\u00eda.<\/span><\/span>  <\/li>\n<li><span style=\"font-family: inherit\"><span style=\"font-size: small\">Seremos un ni\u00f1o o ni\u00f1a  responsable,aut\u00f3nomo,amable y libre que pueda decidir sin  perjudicar a nadie.<\/span><\/span> <\/li>\n<\/ol>\n<p><span style=\"font-family: inherit\"><span style=\"font-size: small\"><\/span><\/span> <span style=\"font-family: inherit\"><span style=\"font-size: small\">El presidente da por finalizada la sesi\u00f3n y se levanta el pleno.<\/span><\/span><br \/><span style=\"font-family: inherit\"><span style=\"font-size: small\"><\/span><\/span><span style=\"font-family: inherit\"><span style=\"font-size: small\">Una vez concluida la sesi\u00f3n parlamentaria nos disponemos a emprender el viaje de vuelta pero antes decidimos visitar el Guadalquivir,pararnos en la Torre del Oro y ver el estadio del Betis.<\/span><\/span><br \/><span style=\"font-family: inherit\"><span style=\"font-size: small\"><\/span><\/span><span style=\"font-family: inherit\"><span style=\"font-size: small\">Sobre las ocho y media de la tarde entramos en nuestro barrio,padres y madres esperan en la puerta del centro la llegada de sus hijos e hijas,todo son preguntas ,besos,abrazos&#8230; <\/span><\/span><br \/><span style=\"font-family: inherit\"><span style=\"font-size: small\"><\/span><\/span><span style=\"font-family: inherit\"><span style=\"font-size: small\">Gracias Maryam,F\u00e1tima, Adela,Miryam,Maryam,Hossan,Ossama,Dounia, Amin,Chafik,Yosra, Salma,Samira;Yassine&nbsp; y por supuesto a la maestra  Conchi y al maestro Abdallah por este d\u00eda inolvidable.<\/span><\/span><br \/><span style=\"font-family: inherit\"><span style=\"font-size: small\">&nbsp;&nbsp;&nbsp;&nbsp;&nbsp;&nbsp;&nbsp;&nbsp;&nbsp;&nbsp;&nbsp;&nbsp;&nbsp;&nbsp;&nbsp;&nbsp;&nbsp;&nbsp;&nbsp;&nbsp;&nbsp;&nbsp;&nbsp;&nbsp;&nbsp;&nbsp;&nbsp;&nbsp;&nbsp;&nbsp;&nbsp;&nbsp;&nbsp;&nbsp;&nbsp;&nbsp;&nbsp;&nbsp;&nbsp;&nbsp;&nbsp;&nbsp;&nbsp;&nbsp;&nbsp;&nbsp;&nbsp;&nbsp;&nbsp;&nbsp;&nbsp;&nbsp;&nbsp;&nbsp;&nbsp;&nbsp;&nbsp;&nbsp;&nbsp;&nbsp;&nbsp;&nbsp;&nbsp;&nbsp;&nbsp;&nbsp;&nbsp;&nbsp;&nbsp;&nbsp;&nbsp;&nbsp;&nbsp;&nbsp;&nbsp;&nbsp;&nbsp;&nbsp;&nbsp;&nbsp;&nbsp;&nbsp;&nbsp;&nbsp;&nbsp;&nbsp;&nbsp;&nbsp;&nbsp;&nbsp;&nbsp;&nbsp;&nbsp;&nbsp;&nbsp;&nbsp;&nbsp;&nbsp;&nbsp; <i><b>M\u00aa Jes\u00fas Garc\u00eda <span style=\"font-size: small\">.Tutora 6\u00ba B<\/span><\/b><\/i> <\/span><\/span><\/p>\n<p><span style=\"font-family: inherit\"><span style=\"font-size: small\"><\/span><\/span><span style=\"font-family: inherit\"><span style=\"font-size: small\"><\/span><\/span><span style=\"font-family: inherit\"><span style=\"font-size: small\"><br \/><\/span><\/span><span style=\"font-family: inherit\"><span style=\"font-size: small\"><br \/><\/span><\/span><span style=\"font-family: inherit\"><span style=\"font-size: small\"><br \/><\/span><\/span><span style=\"font-family: inherit\"><span style=\"font-size: small\"><br \/><\/span><\/span><span style=\"font-family: inherit\"><span style=\"font-size: small\"><br \/><\/span><\/span><span style=\"font-family: inherit\"><span style=\"font-size: small\"><br \/><\/span><\/span><span style=\"font-family: inherit\"><span style=\"font-size: small\"><br \/><\/span><\/span><span style=\"font-family: inherit\"><span style=\"font-size: small\"><br \/><\/span><\/span><\/p>\n<p><\/p>\n","protected":false},"excerpt":{"rendered":"<p>VISITAMOS EL PARLAMENTO Viernes 24 de mayo,cinco y media de la ma\u00f1ana,con caras de sue\u00f1o&nbsp; y con rostros emocionados e inquietos nos disponemos a subir al autob\u00fas que nos llevar\u00e1 a Sevilla.Vamos al Parlamento&#46;&#46;&#46;<\/p>\n","protected":false},"author":11458,"featured_media":0,"comment_status":"open","ping_status":"open","sticky":false,"template":"","format":"standard","meta":{"ngg_post_thumbnail":0,"footnotes":""},"categories":[5991,25496],"tags":[],"aioseo_notices":[],"_links":{"self":[{"href":"https:\/\/blogsaverroes.juntadeandalucia.es\/ceipelpuche\/wp-json\/wp\/v2\/posts\/2394"}],"collection":[{"href":"https:\/\/blogsaverroes.juntadeandalucia.es\/ceipelpuche\/wp-json\/wp\/v2\/posts"}],"about":[{"href":"https:\/\/blogsaverroes.juntadeandalucia.es\/ceipelpuche\/wp-json\/wp\/v2\/types\/post"}],"author":[{"embeddable":true,"href":"https:\/\/blogsaverroes.juntadeandalucia.es\/ceipelpuche\/wp-json\/wp\/v2\/users\/11458"}],"replies":[{"embeddable":true,"href":"https:\/\/blogsaverroes.juntadeandalucia.es\/ceipelpuche\/wp-json\/wp\/v2\/comments?post=2394"}],"version-history":[{"count":1,"href":"https:\/\/blogsaverroes.juntadeandalucia.es\/ceipelpuche\/wp-json\/wp\/v2\/posts\/2394\/revisions"}],"predecessor-version":[{"id":3447,"href":"https:\/\/blogsaverroes.juntadeandalucia.es\/ceipelpuche\/wp-json\/wp\/v2\/posts\/2394\/revisions\/3447"}],"wp:attachment":[{"href":"https:\/\/blogsaverroes.juntadeandalucia.es\/ceipelpuche\/wp-json\/wp\/v2\/media?parent=2394"}],"wp:term":[{"taxonomy":"category","embeddable":true,"href":"https:\/\/blogsaverroes.juntadeandalucia.es\/ceipelpuche\/wp-json\/wp\/v2\/categories?post=2394"},{"taxonomy":"post_tag","embeddable":true,"href":"https:\/\/blogsaverroes.juntadeandalucia.es\/ceipelpuche\/wp-json\/wp\/v2\/tags?post=2394"}],"curies":[{"name":"wp","href":"https:\/\/api.w.org\/{rel}","templated":true}]}}