{"id":3018,"date":"2025-05-23T16:58:09","date_gmt":"2025-05-23T16:58:09","guid":{"rendered":"https:\/\/blogsaverroes.juntadeandalucia.es\/ceipelpuche\/?p=3018"},"modified":"2025-06-08T04:27:51","modified_gmt":"2025-06-08T04:27:51","slug":"erasmus-2025-volvemos-a-casa","status":"publish","type":"post","link":"https:\/\/blogsaverroes.juntadeandalucia.es\/ceipelpuche\/erasmus-2025-volvemos-a-casa\/","title":{"rendered":"ERASMUS+ 2025, volvemos a casa\u00a1\u00a1"},"content":{"rendered":"<p><img loading=\"lazy\" decoding=\"async\" class=\"aligncenter\" src=\"https:\/\/www.esn-spain.org\/sites\/default\/files\/pages\/images\/erasmus.jpg\" alt=\"Qu\u00e9 es el Programa Erasmus+? | ESN Spain\" width=\"412\" height=\"167\" \/><\/p>\n<p>Termina la aventura Erasmus+ 2025\u00a1\u00a1\u00a1 Nuestro alumnado vuelve a casa despu\u00e9s de una semana de aprendizaje europeo, a trav\u00e9s del proyecto de internacionalizaci\u00f3n de nuestro centro educativo..<\/p>\n","protected":false},"excerpt":{"rendered":"<p>Termina la aventura Erasmus+ 2025\u00a1\u00a1\u00a1 Nuestro alumnado vuelve a casa despu\u00e9s de una semana de aprendizaje europeo, a trav\u00e9s del proyecto de internacionalizaci\u00f3n de nuestro centro educativo..<\/p>\n","protected":false},"author":13842,"featured_media":3023,"comment_status":"open","ping_status":"open","sticky":false,"template":"","format":"standard","meta":{"ngg_post_thumbnail":0,"footnotes":""},"categories":[25496,2351652],"tags":[],"aioseo_notices":[],"_links":{"self":[{"href":"https:\/\/blogsaverroes.juntadeandalucia.es\/ceipelpuche\/wp-json\/wp\/v2\/posts\/3018"}],"collection":[{"href":"https:\/\/blogsaverroes.juntadeandalucia.es\/ceipelpuche\/wp-json\/wp\/v2\/posts"}],"about":[{"href":"https:\/\/blogsaverroes.juntadeandalucia.es\/ceipelpuche\/wp-json\/wp\/v2\/types\/post"}],"author":[{"embeddable":true,"href":"https:\/\/blogsaverroes.juntadeandalucia.es\/ceipelpuche\/wp-json\/wp\/v2\/users\/13842"}],"replies":[{"embeddable":true,"href":"https:\/\/blogsaverroes.juntadeandalucia.es\/ceipelpuche\/wp-json\/wp\/v2\/comments?post=3018"}],"version-history":[{"count":3,"href":"https:\/\/blogsaverroes.juntadeandalucia.es\/ceipelpuche\/wp-json\/wp\/v2\/posts\/3018\/revisions"}],"predecessor-version":[{"id":3022,"href":"https:\/\/blogsaverroes.juntadeandalucia.es\/ceipelpuche\/wp-json\/wp\/v2\/posts\/3018\/revisions\/3022"}],"wp:featuredmedia":[{"embeddable":true,"href":"https:\/\/blogsaverroes.juntadeandalucia.es\/ceipelpuche\/wp-json\/wp\/v2\/media\/3023"}],"wp:attachment":[{"href":"https:\/\/blogsaverroes.juntadeandalucia.es\/ceipelpuche\/wp-json\/wp\/v2\/media?parent=3018"}],"wp:term":[{"taxonomy":"category","embeddable":true,"href":"https:\/\/blogsaverroes.juntadeandalucia.es\/ceipelpuche\/wp-json\/wp\/v2\/categories?post=3018"},{"taxonomy":"post_tag","embeddable":true,"href":"https:\/\/blogsaverroes.juntadeandalucia.es\/ceipelpuche\/wp-json\/wp\/v2\/tags?post=3018"}],"curies":[{"name":"wp","href":"https:\/\/api.w.org\/{rel}","templated":true}]}}