{"id":3188,"date":"2025-06-19T15:01:35","date_gmt":"2025-06-19T15:01:35","guid":{"rendered":"https:\/\/blogsaverroes.juntadeandalucia.es\/ceipelpuche\/?p=3188"},"modified":"2025-08-07T15:02:06","modified_gmt":"2025-08-07T15:02:06","slug":"graduada-la-promocion-2016-2025","status":"publish","type":"post","link":"https:\/\/blogsaverroes.juntadeandalucia.es\/ceipelpuche\/graduada-la-promocion-2016-2025\/","title":{"rendered":"Graduada la promoci\u00f3n 2016-2025"},"content":{"rendered":"<p>&nbsp;<\/p>\n<p>&nbsp;<\/p>\n<p>Finaliza otro curso acad\u00e9mico y, con ello, finaliza tambi\u00e9n la etapa de Educaci\u00f3n Primaria de una generaci\u00f3n m\u00e1s. Tras nueve cursos escolares, nuestro alumnado de sexto comenzar\u00e1 una nueva etapa en Secundaria, traslad\u00e1ndoles toda la suerte para afrontar este nuevo momento de crecimiento personal y educativo.<\/p>\n<p>Ha sido un acto emocionante acompa\u00f1ado de todas las familias del alumnado. Tras la apertura del acto, el alumnado y el profesorado ha trasladado unas preciosas palabras e historias a los compa\u00f1eros y familiares, siendo protagonistas cada uno al recibir, por parte del profesorado, la orla de promoci\u00f3n y otros recuerdos del colegio.<\/p>\n<p><a href=\"https:\/\/blogsaverroes.juntadeandalucia.es\/ceipelpuche\/files\/2025\/08\/B8B9ADA6-F49B-4697-9543-0B876DF09736_1_105_c.jpeg\"><img loading=\"lazy\" decoding=\"async\" class=\"alignnone size-medium wp-image-3189\" src=\"https:\/\/blogsaverroes.juntadeandalucia.es\/ceipelpuche\/files\/2025\/08\/B8B9ADA6-F49B-4697-9543-0B876DF09736_1_105_c-300x225.jpeg\" alt=\"\" width=\"300\" height=\"225\" srcset=\"https:\/\/blogsaverroes.juntadeandalucia.es\/ceipelpuche\/files\/2025\/08\/B8B9ADA6-F49B-4697-9543-0B876DF09736_1_105_c-300x225.jpeg 300w, https:\/\/blogsaverroes.juntadeandalucia.es\/ceipelpuche\/files\/2025\/08\/B8B9ADA6-F49B-4697-9543-0B876DF09736_1_105_c-768x576.jpeg 768w, https:\/\/blogsaverroes.juntadeandalucia.es\/ceipelpuche\/files\/2025\/08\/B8B9ADA6-F49B-4697-9543-0B876DF09736_1_105_c.jpeg 1024w\" sizes=\"(max-width: 300px) 100vw, 300px\" \/><\/a> <a href=\"https:\/\/blogsaverroes.juntadeandalucia.es\/ceipelpuche\/files\/2025\/08\/04F751E2-F002-465C-9A35-7D3CF7864B01_1_105_c.jpeg\"><img loading=\"lazy\" decoding=\"async\" class=\"alignnone size-medium wp-image-3190\" src=\"https:\/\/blogsaverroes.juntadeandalucia.es\/ceipelpuche\/files\/2025\/08\/04F751E2-F002-465C-9A35-7D3CF7864B01_1_105_c-300x225.jpeg\" alt=\"\" width=\"300\" height=\"225\" srcset=\"https:\/\/blogsaverroes.juntadeandalucia.es\/ceipelpuche\/files\/2025\/08\/04F751E2-F002-465C-9A35-7D3CF7864B01_1_105_c-300x225.jpeg 300w, https:\/\/blogsaverroes.juntadeandalucia.es\/ceipelpuche\/files\/2025\/08\/04F751E2-F002-465C-9A35-7D3CF7864B01_1_105_c-768x576.jpeg 768w, https:\/\/blogsaverroes.juntadeandalucia.es\/ceipelpuche\/files\/2025\/08\/04F751E2-F002-465C-9A35-7D3CF7864B01_1_105_c.jpeg 1024w\" sizes=\"(max-width: 300px) 100vw, 300px\" \/><\/a><\/p>\n<p><a href=\"https:\/\/blogsaverroes.juntadeandalucia.es\/ceipelpuche\/files\/2025\/08\/EE7A1E9E-43A9-4FA9-A77D-2BEED4B15355_1_105_c.jpeg\"><img loading=\"lazy\" decoding=\"async\" class=\"alignnone size-medium wp-image-3191\" src=\"https:\/\/blogsaverroes.juntadeandalucia.es\/ceipelpuche\/files\/2025\/08\/EE7A1E9E-43A9-4FA9-A77D-2BEED4B15355_1_105_c-169x300.jpeg\" alt=\"\" width=\"169\" height=\"300\" srcset=\"https:\/\/blogsaverroes.juntadeandalucia.es\/ceipelpuche\/files\/2025\/08\/EE7A1E9E-43A9-4FA9-A77D-2BEED4B15355_1_105_c-169x300.jpeg 169w, https:\/\/blogsaverroes.juntadeandalucia.es\/ceipelpuche\/files\/2025\/08\/EE7A1E9E-43A9-4FA9-A77D-2BEED4B15355_1_105_c-576x1024.jpeg 576w, https:\/\/blogsaverroes.juntadeandalucia.es\/ceipelpuche\/files\/2025\/08\/EE7A1E9E-43A9-4FA9-A77D-2BEED4B15355_1_105_c.jpeg 665w\" sizes=\"(max-width: 169px) 100vw, 169px\" \/><\/a><\/p>\n","protected":false},"excerpt":{"rendered":"<p>&nbsp; &nbsp; Finaliza otro curso acad\u00e9mico y, con ello, finaliza tambi\u00e9n la etapa de Educaci\u00f3n Primaria de una generaci\u00f3n m\u00e1s. Tras nueve cursos escolares, nuestro alumnado de sexto comenzar\u00e1 una nueva etapa en Secundaria,&#46;&#46;&#46;<\/p>\n","protected":false},"author":13842,"featured_media":3190,"comment_status":"open","ping_status":"open","sticky":false,"template":"","format":"standard","meta":{"ngg_post_thumbnail":0,"footnotes":""},"categories":[25496,4956],"tags":[],"aioseo_notices":[],"_links":{"self":[{"href":"https:\/\/blogsaverroes.juntadeandalucia.es\/ceipelpuche\/wp-json\/wp\/v2\/posts\/3188"}],"collection":[{"href":"https:\/\/blogsaverroes.juntadeandalucia.es\/ceipelpuche\/wp-json\/wp\/v2\/posts"}],"about":[{"href":"https:\/\/blogsaverroes.juntadeandalucia.es\/ceipelpuche\/wp-json\/wp\/v2\/types\/post"}],"author":[{"embeddable":true,"href":"https:\/\/blogsaverroes.juntadeandalucia.es\/ceipelpuche\/wp-json\/wp\/v2\/users\/13842"}],"replies":[{"embeddable":true,"href":"https:\/\/blogsaverroes.juntadeandalucia.es\/ceipelpuche\/wp-json\/wp\/v2\/comments?post=3188"}],"version-history":[{"count":1,"href":"https:\/\/blogsaverroes.juntadeandalucia.es\/ceipelpuche\/wp-json\/wp\/v2\/posts\/3188\/revisions"}],"predecessor-version":[{"id":3193,"href":"https:\/\/blogsaverroes.juntadeandalucia.es\/ceipelpuche\/wp-json\/wp\/v2\/posts\/3188\/revisions\/3193"}],"wp:featuredmedia":[{"embeddable":true,"href":"https:\/\/blogsaverroes.juntadeandalucia.es\/ceipelpuche\/wp-json\/wp\/v2\/media\/3190"}],"wp:attachment":[{"href":"https:\/\/blogsaverroes.juntadeandalucia.es\/ceipelpuche\/wp-json\/wp\/v2\/media?parent=3188"}],"wp:term":[{"taxonomy":"category","embeddable":true,"href":"https:\/\/blogsaverroes.juntadeandalucia.es\/ceipelpuche\/wp-json\/wp\/v2\/categories?post=3188"},{"taxonomy":"post_tag","embeddable":true,"href":"https:\/\/blogsaverroes.juntadeandalucia.es\/ceipelpuche\/wp-json\/wp\/v2\/tags?post=3188"}],"curies":[{"name":"wp","href":"https:\/\/api.w.org\/{rel}","templated":true}]}}