{"id":3198,"date":"2025-05-06T10:10:25","date_gmt":"2025-05-06T10:10:25","guid":{"rendered":"https:\/\/blogsaverroes.juntadeandalucia.es\/ceipelpuche\/?p=3198"},"modified":"2025-08-08T10:25:11","modified_gmt":"2025-08-08T10:25:11","slug":"7a-sesion-de-formacion-en-centros","status":"publish","type":"post","link":"https:\/\/blogsaverroes.juntadeandalucia.es\/ceipelpuche\/7a-sesion-de-formacion-en-centros\/","title":{"rendered":"7\u00aa sesi\u00f3n de Formaci\u00f3n en Centros"},"content":{"rendered":"<p>Durante la 7\u00aa sesi\u00f3n de la formaci\u00f3n en centros del CEIP El Puche, llevamos a cabo un claustro de formaci\u00f3n sobre las tem\u00e1ticas centrales de este curso: DUA, Ense\u00f1anza Multinivel y su implementaci\u00f3n en las Situaciones de Aprendizaje.<\/p>\n<p>Se realiza una sesi\u00f3n de formaci\u00f3n para el profesorado del centro con el objetivo de revisar las actuaciones formativas realizadas durante el curso para que sean implementadas en en las situaciones de aprendizaje correspondientes al tercer trimestre. De este modo, se presenta un modelo de planificaci\u00f3n basado en los principios del Dise\u00f1o Universal del Aprendizaje para la detecci\u00f3n de barreras comenzando por el an\u00e1lisis del contexto, e identificaci\u00f3n de los niveles de aprendizaje existentes. Por otro lado, se presenta un modelo de planificaci\u00f3n orientada a la globalizaci\u00f3n de la ense\u00f1anza partiendo del curr\u00edculo vigente y a los aprendizajes b\u00e1sicos contextualizados por los equipos de ciclo desde el inicio de curso. Finalmente, se presenta la ense\u00f1anza multinivel como estrategia de actuaci\u00f3n pedag\u00f3gica para la construcci\u00f3n de ejercicios adecuados a la realidad de cada aula, organizados en base a la Taxonom\u00eda de Bloom y a las Fases REA-DUA Andaluc\u00eda.<\/p>\n<p>Finalmente, acordamos\u00a0implementar todo lo tratado en la sesi\u00f3n hacia las planificaciones del \u00faltimo trimestre, intentando recoger informaci\u00f3n sobre su desarrollo, y se realizar\u00e1 una sesi\u00f3n final para la exposici\u00f3n de los resultados por parte del profesorado participante.<\/p>\n<p><a href=\"https:\/\/blogsaverroes.juntadeandalucia.es\/ceipelpuche\/files\/2025\/08\/IMG_9189.jpeg\"><img loading=\"lazy\" decoding=\"async\" class=\"alignnone size-medium wp-image-3204\" src=\"https:\/\/blogsaverroes.juntadeandalucia.es\/ceipelpuche\/files\/2025\/08\/IMG_9189-300x225.jpeg\" alt=\"\" width=\"300\" height=\"225\" srcset=\"https:\/\/blogsaverroes.juntadeandalucia.es\/ceipelpuche\/files\/2025\/08\/IMG_9189-300x225.jpeg 300w, https:\/\/blogsaverroes.juntadeandalucia.es\/ceipelpuche\/files\/2025\/08\/IMG_9189-1024x768.jpeg 1024w, https:\/\/blogsaverroes.juntadeandalucia.es\/ceipelpuche\/files\/2025\/08\/IMG_9189-768x576.jpeg 768w, https:\/\/blogsaverroes.juntadeandalucia.es\/ceipelpuche\/files\/2025\/08\/IMG_9189-1536x1152.jpeg 1536w, https:\/\/blogsaverroes.juntadeandalucia.es\/ceipelpuche\/files\/2025\/08\/IMG_9189-2048x1536.jpeg 2048w, https:\/\/blogsaverroes.juntadeandalucia.es\/ceipelpuche\/files\/2025\/08\/IMG_9189.jpeg 1600w\" sizes=\"(max-width: 300px) 100vw, 300px\" \/><\/a><a href=\"https:\/\/blogsaverroes.juntadeandalucia.es\/ceipelpuche\/files\/2025\/08\/IMG_9188.jpeg\"><img loading=\"lazy\" decoding=\"async\" class=\"alignnone size-medium wp-image-3203\" src=\"https:\/\/blogsaverroes.juntadeandalucia.es\/ceipelpuche\/files\/2025\/08\/IMG_9188-300x225.jpeg\" alt=\"\" width=\"300\" height=\"225\" srcset=\"https:\/\/blogsaverroes.juntadeandalucia.es\/ceipelpuche\/files\/2025\/08\/IMG_9188-300x225.jpeg 300w, https:\/\/blogsaverroes.juntadeandalucia.es\/ceipelpuche\/files\/2025\/08\/IMG_9188-1024x768.jpeg 1024w, https:\/\/blogsaverroes.juntadeandalucia.es\/ceipelpuche\/files\/2025\/08\/IMG_9188-768x576.jpeg 768w, https:\/\/blogsaverroes.juntadeandalucia.es\/ceipelpuche\/files\/2025\/08\/IMG_9188-1536x1152.jpeg 1536w, https:\/\/blogsaverroes.juntadeandalucia.es\/ceipelpuche\/files\/2025\/08\/IMG_9188-2048x1536.jpeg 2048w\" sizes=\"(max-width: 300px) 100vw, 300px\" \/><\/a><a href=\"https:\/\/blogsaverroes.juntadeandalucia.es\/ceipelpuche\/files\/2025\/08\/IMG_9187.jpeg\"><img loading=\"lazy\" decoding=\"async\" class=\"alignnone size-medium wp-image-3202\" src=\"https:\/\/blogsaverroes.juntadeandalucia.es\/ceipelpuche\/files\/2025\/08\/IMG_9187-300x225.jpeg\" alt=\"\" width=\"300\" height=\"225\" srcset=\"https:\/\/blogsaverroes.juntadeandalucia.es\/ceipelpuche\/files\/2025\/08\/IMG_9187-300x225.jpeg 300w, https:\/\/blogsaverroes.juntadeandalucia.es\/ceipelpuche\/files\/2025\/08\/IMG_9187-1024x768.jpeg 1024w, https:\/\/blogsaverroes.juntadeandalucia.es\/ceipelpuche\/files\/2025\/08\/IMG_9187-768x576.jpeg 768w, https:\/\/blogsaverroes.juntadeandalucia.es\/ceipelpuche\/files\/2025\/08\/IMG_9187-1536x1152.jpeg 1536w, https:\/\/blogsaverroes.juntadeandalucia.es\/ceipelpuche\/files\/2025\/08\/IMG_9187-2048x1536.jpeg 2048w\" sizes=\"(max-width: 300px) 100vw, 300px\" \/><\/a><\/p>\n","protected":false},"excerpt":{"rendered":"<p>Durante la 7\u00aa sesi\u00f3n de la formaci\u00f3n en centros del CEIP El Puche, llevamos a cabo un claustro de formaci\u00f3n sobre las tem\u00e1ticas centrales de este curso: DUA, Ense\u00f1anza Multinivel y su implementaci\u00f3n en&#46;&#46;&#46;<\/p>\n","protected":false},"author":13842,"featured_media":3202,"comment_status":"open","ping_status":"open","sticky":false,"template":"","format":"standard","meta":{"ngg_post_thumbnail":0,"footnotes":""},"categories":[2351673,2351670,2351672],"tags":[],"aioseo_notices":[],"_links":{"self":[{"href":"https:\/\/blogsaverroes.juntadeandalucia.es\/ceipelpuche\/wp-json\/wp\/v2\/posts\/3198"}],"collection":[{"href":"https:\/\/blogsaverroes.juntadeandalucia.es\/ceipelpuche\/wp-json\/wp\/v2\/posts"}],"about":[{"href":"https:\/\/blogsaverroes.juntadeandalucia.es\/ceipelpuche\/wp-json\/wp\/v2\/types\/post"}],"author":[{"embeddable":true,"href":"https:\/\/blogsaverroes.juntadeandalucia.es\/ceipelpuche\/wp-json\/wp\/v2\/users\/13842"}],"replies":[{"embeddable":true,"href":"https:\/\/blogsaverroes.juntadeandalucia.es\/ceipelpuche\/wp-json\/wp\/v2\/comments?post=3198"}],"version-history":[{"count":3,"href":"https:\/\/blogsaverroes.juntadeandalucia.es\/ceipelpuche\/wp-json\/wp\/v2\/posts\/3198\/revisions"}],"predecessor-version":[{"id":3210,"href":"https:\/\/blogsaverroes.juntadeandalucia.es\/ceipelpuche\/wp-json\/wp\/v2\/posts\/3198\/revisions\/3210"}],"wp:featuredmedia":[{"embeddable":true,"href":"https:\/\/blogsaverroes.juntadeandalucia.es\/ceipelpuche\/wp-json\/wp\/v2\/media\/3202"}],"wp:attachment":[{"href":"https:\/\/blogsaverroes.juntadeandalucia.es\/ceipelpuche\/wp-json\/wp\/v2\/media?parent=3198"}],"wp:term":[{"taxonomy":"category","embeddable":true,"href":"https:\/\/blogsaverroes.juntadeandalucia.es\/ceipelpuche\/wp-json\/wp\/v2\/categories?post=3198"},{"taxonomy":"post_tag","embeddable":true,"href":"https:\/\/blogsaverroes.juntadeandalucia.es\/ceipelpuche\/wp-json\/wp\/v2\/tags?post=3198"}],"curies":[{"name":"wp","href":"https:\/\/api.w.org\/{rel}","templated":true}]}}