{"id":3206,"date":"2025-03-13T10:19:45","date_gmt":"2025-03-13T10:19:45","guid":{"rendered":"https:\/\/blogsaverroes.juntadeandalucia.es\/ceipelpuche\/?p=3206"},"modified":"2025-08-08T10:27:58","modified_gmt":"2025-08-08T10:27:58","slug":"5a-sesion-de-formacion-en-centros","status":"publish","type":"post","link":"https:\/\/blogsaverroes.juntadeandalucia.es\/ceipelpuche\/5a-sesion-de-formacion-en-centros\/","title":{"rendered":"5\u00aa sesi\u00f3n de Formaci\u00f3n en Centros"},"content":{"rendered":"<p>Llevamos a cabo la 5\u00aa Sesi\u00f3n de la formaci\u00f3n presencial a trav\u00e9s de la asesor\u00eda del CEP de Almer\u00eda. Durante esta \u00faltima sesi\u00f3n de formaci\u00f3n presencial nos centramos en la implementaci\u00f3n de t\u00e9cnicas centradas en el aprendizaje cooperativo y en la organizaci\u00f3n de estaciones de aprendizaje. Acordando incorporar t\u00e9cnicas de aprendizaje cooperativo a las situaciones de aprendizaje que se vayan a desarrollar en el aula.<\/p>\n<p><a href=\"https:\/\/blogsaverroes.juntadeandalucia.es\/ceipelpuche\/files\/2025\/08\/IMG_8828.jpeg\"><img loading=\"lazy\" decoding=\"async\" class=\"alignnone size-medium wp-image-3207 aligncenter\" src=\"https:\/\/blogsaverroes.juntadeandalucia.es\/ceipelpuche\/files\/2025\/08\/IMG_8828-300x225.jpeg\" alt=\"\" width=\"300\" height=\"225\" srcset=\"https:\/\/blogsaverroes.juntadeandalucia.es\/ceipelpuche\/files\/2025\/08\/IMG_8828-300x225.jpeg 300w, https:\/\/blogsaverroes.juntadeandalucia.es\/ceipelpuche\/files\/2025\/08\/IMG_8828-1024x768.jpeg 1024w, https:\/\/blogsaverroes.juntadeandalucia.es\/ceipelpuche\/files\/2025\/08\/IMG_8828-768x576.jpeg 768w, https:\/\/blogsaverroes.juntadeandalucia.es\/ceipelpuche\/files\/2025\/08\/IMG_8828-1536x1152.jpeg 1536w, https:\/\/blogsaverroes.juntadeandalucia.es\/ceipelpuche\/files\/2025\/08\/IMG_8828-2048x1536.jpeg 2048w, https:\/\/blogsaverroes.juntadeandalucia.es\/ceipelpuche\/files\/2025\/08\/IMG_8828.jpeg 1600w\" sizes=\"(max-width: 300px) 100vw, 300px\" \/><\/a><\/p>\n","protected":false},"excerpt":{"rendered":"<p>Llevamos a cabo la 5\u00aa Sesi\u00f3n de la formaci\u00f3n presencial a trav\u00e9s de la asesor\u00eda del CEP de Almer\u00eda. Durante esta \u00faltima sesi\u00f3n de formaci\u00f3n presencial nos centramos en la implementaci\u00f3n de t\u00e9cnicas centradas&#46;&#46;&#46;<\/p>\n","protected":false},"author":13842,"featured_media":3207,"comment_status":"open","ping_status":"open","sticky":false,"template":"","format":"standard","meta":{"ngg_post_thumbnail":0,"footnotes":""},"categories":[2351673,2351670,2351672],"tags":[],"aioseo_notices":[],"_links":{"self":[{"href":"https:\/\/blogsaverroes.juntadeandalucia.es\/ceipelpuche\/wp-json\/wp\/v2\/posts\/3206"}],"collection":[{"href":"https:\/\/blogsaverroes.juntadeandalucia.es\/ceipelpuche\/wp-json\/wp\/v2\/posts"}],"about":[{"href":"https:\/\/blogsaverroes.juntadeandalucia.es\/ceipelpuche\/wp-json\/wp\/v2\/types\/post"}],"author":[{"embeddable":true,"href":"https:\/\/blogsaverroes.juntadeandalucia.es\/ceipelpuche\/wp-json\/wp\/v2\/users\/13842"}],"replies":[{"embeddable":true,"href":"https:\/\/blogsaverroes.juntadeandalucia.es\/ceipelpuche\/wp-json\/wp\/v2\/comments?post=3206"}],"version-history":[{"count":3,"href":"https:\/\/blogsaverroes.juntadeandalucia.es\/ceipelpuche\/wp-json\/wp\/v2\/posts\/3206\/revisions"}],"predecessor-version":[{"id":3212,"href":"https:\/\/blogsaverroes.juntadeandalucia.es\/ceipelpuche\/wp-json\/wp\/v2\/posts\/3206\/revisions\/3212"}],"wp:featuredmedia":[{"embeddable":true,"href":"https:\/\/blogsaverroes.juntadeandalucia.es\/ceipelpuche\/wp-json\/wp\/v2\/media\/3207"}],"wp:attachment":[{"href":"https:\/\/blogsaverroes.juntadeandalucia.es\/ceipelpuche\/wp-json\/wp\/v2\/media?parent=3206"}],"wp:term":[{"taxonomy":"category","embeddable":true,"href":"https:\/\/blogsaverroes.juntadeandalucia.es\/ceipelpuche\/wp-json\/wp\/v2\/categories?post=3206"},{"taxonomy":"post_tag","embeddable":true,"href":"https:\/\/blogsaverroes.juntadeandalucia.es\/ceipelpuche\/wp-json\/wp\/v2\/tags?post=3206"}],"curies":[{"name":"wp","href":"https:\/\/api.w.org\/{rel}","templated":true}]}}