{"id":1949,"date":"2023-06-11T10:22:14","date_gmt":"2023-06-11T09:22:14","guid":{"rendered":"https:\/\/blogsaverroes.juntadeandalucia.es\/ceipelsauce\/?p=1949"},"modified":"2023-06-11T10:24:41","modified_gmt":"2023-06-11T09:24:41","slug":"cuentame-un-cuento-2023","status":"publish","type":"post","link":"https:\/\/blogsaverroes.juntadeandalucia.es\/ceipelsauce\/cuentame-un-cuento-2023\/","title":{"rendered":"CU\u00c9NTAME UN CUENTO 2023"},"content":{"rendered":"<p>[et_pb_section fb_built=&#8221;1&#8243; _builder_version=&#8221;4.14.5&#8243; _module_preset=&#8221;default&#8221; global_colors_info=&#8221;{}&#8221;][et_pb_row column_structure=&#8221;1_2,1_2&#8243; _builder_version=&#8221;4.14.5&#8243; _module_preset=&#8221;default&#8221; global_colors_info=&#8221;{}&#8221;][et_pb_column type=&#8221;1_2&#8243; _builder_version=&#8221;4.14.5&#8243; _module_preset=&#8221;default&#8221; global_colors_info=&#8221;{}&#8221;][et_pb_text _builder_version=&#8221;4.14.5&#8243; _module_preset=&#8221;default&#8221; global_colors_info=&#8221;{}&#8221;]<\/p>\n<p style=\"text-align: justify\">\u00a0 \u00a0 Cu\u00e9ntame un cuento es una actividad que se inici\u00f3 en la semana que celebr\u00e1bamos el D\u00eda Internacional del Libro. Es una historia creada en equipo por todo el centro que refleja el esfuerzo y creatividad de nuestro alumnado.<\/p>\n<p style=\"text-align: justify\">\u00a0 \u00a0Lo hemos pasado <span class=\"error grammar\" title=\"Probablemente falta una coma.\" data-type=\"grammar\" data-suggestions=\"[{&quot;value&quot;:&quot;fenomenal,&quot;}]\" data-rule=\"AI_ES_HYDRA_LEO_MISSING_COMMA\" data-word=\"fenomenal\">fenomenal<\/span> tirando del hilo, leyendo las ideas de nuestros compis y continuando con la historia, tratando de no perder la coherencia y el sentido del humor en ning\u00fan momento. Nos sentimos muy orgullosos de nuestra creaci\u00f3n. Nuestro cuento pasar\u00e1 a formar parte de los fondos de nuestra biblioteca.<\/p>\n<blockquote>\n<p style=\"text-align: left\">EL VALOR DE SER EQUIPO<\/p>\n<\/blockquote>\n<p>[\/et_pb_text][\/et_pb_column][et_pb_column type=&#8221;1_2&#8243; _builder_version=&#8221;4.14.5&#8243; _module_preset=&#8221;default&#8221; global_colors_info=&#8221;{}&#8221;][et_pb_image src=&#8221;https:\/\/blogsaverroes.juntadeandalucia.es\/ceipelsauce\/files\/2023\/06\/IMG-7559.jpg&#8221; title_text=&#8221;IMG-7559&#8243; url=&#8221;https:\/\/youtu.be\/TuXemS1fClA&#8221; _builder_version=&#8221;4.14.5&#8243; _module_preset=&#8221;default&#8221; global_colors_info=&#8221;{}&#8221;][\/et_pb_image][et_pb_button button_url=&#8221;https:\/\/youtu.be\/TuXemS1fClA&#8221; button_text=&#8221;V\u00cdDEO&#8221; button_alignment=&#8221;center&#8221; _builder_version=&#8221;4.14.5&#8243; _module_preset=&#8221;default&#8221; global_colors_info=&#8221;{}&#8221;][\/et_pb_button][\/et_pb_column][\/et_pb_row][\/et_pb_section]<\/p>\n","protected":false},"excerpt":{"rendered":"<p>\u00a0 \u00a0 Cu\u00e9ntame un cuento es una actividad que se inici\u00f3 en la semana que celebr\u00e1bamos el D\u00eda Internacional del Libro. Es una historia creada en equipo por todo el centro que refleja el esfuerzo y creatividad de nuestro alumnado. \u00a0 \u00a0Lo hemos pasado fenomenal tirando del hilo, leyendo las ideas de nuestros compis y [&hellip;]<\/p>\n","protected":false},"author":13276,"featured_media":0,"comment_status":"closed","ping_status":"open","sticky":false,"template":"","format":"standard","meta":{"_et_pb_use_builder":"on","_et_pb_old_content":"","_et_gb_content_width":"","ngg_post_thumbnail":0,"footnotes":""},"categories":[18,28],"tags":[],"aioseo_notices":[],"_links":{"self":[{"href":"https:\/\/blogsaverroes.juntadeandalucia.es\/ceipelsauce\/wp-json\/wp\/v2\/posts\/1949"}],"collection":[{"href":"https:\/\/blogsaverroes.juntadeandalucia.es\/ceipelsauce\/wp-json\/wp\/v2\/posts"}],"about":[{"href":"https:\/\/blogsaverroes.juntadeandalucia.es\/ceipelsauce\/wp-json\/wp\/v2\/types\/post"}],"author":[{"embeddable":true,"href":"https:\/\/blogsaverroes.juntadeandalucia.es\/ceipelsauce\/wp-json\/wp\/v2\/users\/13276"}],"replies":[{"embeddable":true,"href":"https:\/\/blogsaverroes.juntadeandalucia.es\/ceipelsauce\/wp-json\/wp\/v2\/comments?post=1949"}],"version-history":[{"count":4,"href":"https:\/\/blogsaverroes.juntadeandalucia.es\/ceipelsauce\/wp-json\/wp\/v2\/posts\/1949\/revisions"}],"predecessor-version":[{"id":1956,"href":"https:\/\/blogsaverroes.juntadeandalucia.es\/ceipelsauce\/wp-json\/wp\/v2\/posts\/1949\/revisions\/1956"}],"wp:attachment":[{"href":"https:\/\/blogsaverroes.juntadeandalucia.es\/ceipelsauce\/wp-json\/wp\/v2\/media?parent=1949"}],"wp:term":[{"taxonomy":"category","embeddable":true,"href":"https:\/\/blogsaverroes.juntadeandalucia.es\/ceipelsauce\/wp-json\/wp\/v2\/categories?post=1949"},{"taxonomy":"post_tag","embeddable":true,"href":"https:\/\/blogsaverroes.juntadeandalucia.es\/ceipelsauce\/wp-json\/wp\/v2\/tags?post=1949"}],"curies":[{"name":"wp","href":"https:\/\/api.w.org\/{rel}","templated":true}]}}