{"id":2272,"date":"2026-04-13T08:33:06","date_gmt":"2026-04-13T07:33:06","guid":{"rendered":"https:\/\/blogsaverroes.juntadeandalucia.es\/ceipeltejar\/?p=2272"},"modified":"2026-04-13T08:40:53","modified_gmt":"2026-04-13T07:40:53","slug":"actualizamos-nuestra-pagina-web","status":"publish","type":"post","link":"https:\/\/blogsaverroes.juntadeandalucia.es\/ceipeltejar\/actualizamos-nuestra-pagina-web\/","title":{"rendered":"\u00a1Actualizamos nuestra p\u00e1gina web!"},"content":{"rendered":"<p class=\"font-claude-response-body break-words whitespace-normal leading-[1.7]\"><strong>Nos complace anunciar que el CEIP El Tejar estrena nueva p\u00e1gina web, m\u00e1s moderna, clara y f\u00e1cil de usar para toda la comunidad educativa.<\/strong><\/p>\n<p class=\"font-claude-response-body break-words whitespace-normal leading-[1.7]\"><strong>En ella encontrar\u00e1s informaci\u00f3n sobre el centro, nuestros proyectos, servicios, horarios, novedades y mucho m\u00e1s. Esperamos que sea de utilidad para familias, alumnado y personal del centro.<\/strong><\/p>\n<p class=\"font-claude-response-body break-words whitespace-normal leading-[1.7]\"><strong>\u00a1Bienvenidos a nuestra nueva web!<\/strong><\/p>\n","protected":false},"excerpt":{"rendered":"<p>Nos complace anunciar que el CEIP El Tejar estrena nueva p\u00e1gina web, m\u00e1s moderna, clara y f\u00e1cil de usar para toda la comunidad educativa. En ella encontrar\u00e1s informaci\u00f3n sobre el centro, nuestros proyectos, servicios, horarios, novedades y mucho m\u00e1s. Esperamos que sea de utilidad para familias, alumnado y personal del centro. \u00a1Bienvenidos a nuestra nueva [&hellip;]<\/p>\n","protected":false},"author":13264,"featured_media":2277,"comment_status":"closed","ping_status":"open","sticky":false,"template":"","format":"standard","meta":{"_et_pb_use_builder":"","_et_pb_old_content":"","_et_gb_content_width":"","ngg_post_thumbnail":0,"footnotes":""},"categories":[2,3],"tags":[],"aioseo_notices":[],"_links":{"self":[{"href":"https:\/\/blogsaverroes.juntadeandalucia.es\/ceipeltejar\/wp-json\/wp\/v2\/posts\/2272"}],"collection":[{"href":"https:\/\/blogsaverroes.juntadeandalucia.es\/ceipeltejar\/wp-json\/wp\/v2\/posts"}],"about":[{"href":"https:\/\/blogsaverroes.juntadeandalucia.es\/ceipeltejar\/wp-json\/wp\/v2\/types\/post"}],"author":[{"embeddable":true,"href":"https:\/\/blogsaverroes.juntadeandalucia.es\/ceipeltejar\/wp-json\/wp\/v2\/users\/13264"}],"replies":[{"embeddable":true,"href":"https:\/\/blogsaverroes.juntadeandalucia.es\/ceipeltejar\/wp-json\/wp\/v2\/comments?post=2272"}],"version-history":[{"count":2,"href":"https:\/\/blogsaverroes.juntadeandalucia.es\/ceipeltejar\/wp-json\/wp\/v2\/posts\/2272\/revisions"}],"predecessor-version":[{"id":2276,"href":"https:\/\/blogsaverroes.juntadeandalucia.es\/ceipeltejar\/wp-json\/wp\/v2\/posts\/2272\/revisions\/2276"}],"wp:featuredmedia":[{"embeddable":true,"href":"https:\/\/blogsaverroes.juntadeandalucia.es\/ceipeltejar\/wp-json\/wp\/v2\/media\/2277"}],"wp:attachment":[{"href":"https:\/\/blogsaverroes.juntadeandalucia.es\/ceipeltejar\/wp-json\/wp\/v2\/media?parent=2272"}],"wp:term":[{"taxonomy":"category","embeddable":true,"href":"https:\/\/blogsaverroes.juntadeandalucia.es\/ceipeltejar\/wp-json\/wp\/v2\/categories?post=2272"},{"taxonomy":"post_tag","embeddable":true,"href":"https:\/\/blogsaverroes.juntadeandalucia.es\/ceipeltejar\/wp-json\/wp\/v2\/tags?post=2272"}],"curies":[{"name":"wp","href":"https:\/\/api.w.org\/{rel}","templated":true}]}}