{"id":3212,"date":"2022-04-07T09:55:20","date_gmt":"2022-04-07T09:55:20","guid":{"rendered":"https:\/\/blogsaverroes.juntadeandalucia.es\/ceipeltorreon\/?p=3212"},"modified":"2022-04-08T11:16:34","modified_gmt":"2022-04-08T11:16:34","slug":"happy-easter-2022","status":"publish","type":"post","link":"https:\/\/blogsaverroes.juntadeandalucia.es\/ceipeltorreon\/2022\/04\/07\/happy-easter-2022\/","title":{"rendered":"Happy Easter 2022"},"content":{"rendered":"<div>En esta \u00e9poca del a\u00f1o se celebra en los pa\u00edses anglosajones Easter. Es el momento en que se celebra la llegada de la primavera. Estos d\u00edas se llevan a cabo algunas tradiciones que ya todos y todas conocemos como: decorar y pintar huevos de pascua o la b\u00fasqueda de los deliciosos huevos de chocolate.<\/div>\n<div>&nbsp;<\/div>\n<div>&nbsp; &nbsp; &nbsp;De los s\u00edmbolos m\u00e1s famosos de Easter destaca el Easter Bunny, que es el conejito que supuestamente esconde los huevos para hacer el \u2018Egg hunt\u2019 as\u00ed como los Easter Eggs.<\/div>\n<div>&nbsp;<\/div>\n<div>\n<p>Os dejamos con algunas fotos del maravilloso trabajo realizado por nuestros ni\u00f1os\/as y maestros\/as.<\/p>\n<p>\ud83c\udf38H A P P Y &nbsp; &nbsp; &nbsp; E A S T E R\ud83c\udf38<\/p>\n<\/div>\n<p>&nbsp;<\/p>\n<p>ngg_shortcode_0_placeholder<a href=\"https:\/\/blogsaverroes.juntadeandalucia.es\/ceipeltorreon\/2022\/04\/07\/happy-easter-2022\/whatsapp-image-2022-04-06-at-1-53-30-pm\/\" rel=\"attachment wp-att-3213\"><img loading=\"lazy\" decoding=\"async\" class=\"aligncenter size-full wp-image-3213\" src=\"https:\/\/blogsaverroes.juntadeandalucia.es\/ceipeltorreon\/files\/2022\/04\/WhatsApp-Image-2022-04-06-at-1.53.30-PM.jpeg\" alt=\"\" width=\"900\" height=\"1600\" srcset=\"https:\/\/blogsaverroes.juntadeandalucia.es\/ceipeltorreon\/files\/2022\/04\/WhatsApp-Image-2022-04-06-at-1.53.30-PM.jpeg 900w, https:\/\/blogsaverroes.juntadeandalucia.es\/ceipeltorreon\/files\/2022\/04\/WhatsApp-Image-2022-04-06-at-1.53.30-PM-169x300.jpeg 169w, https:\/\/blogsaverroes.juntadeandalucia.es\/ceipeltorreon\/files\/2022\/04\/WhatsApp-Image-2022-04-06-at-1.53.30-PM-576x1024.jpeg 576w, https:\/\/blogsaverroes.juntadeandalucia.es\/ceipeltorreon\/files\/2022\/04\/WhatsApp-Image-2022-04-06-at-1.53.30-PM-768x1365.jpeg 768w, https:\/\/blogsaverroes.juntadeandalucia.es\/ceipeltorreon\/files\/2022\/04\/WhatsApp-Image-2022-04-06-at-1.53.30-PM-864x1536.jpeg 864w\" sizes=\"(max-width: 900px) 100vw, 900px\" \/><\/a> <a href=\"https:\/\/blogsaverroes.juntadeandalucia.es\/ceipeltorreon\/2022\/04\/07\/happy-easter-2022\/whatsapp-image-2022-04-06-at-1-53-03-pm\/\" rel=\"attachment wp-att-3214\"><img loading=\"lazy\" decoding=\"async\" class=\"aligncenter size-full wp-image-3214\" src=\"https:\/\/blogsaverroes.juntadeandalucia.es\/ceipeltorreon\/files\/2022\/04\/WhatsApp-Image-2022-04-06-at-1.53.03-PM.jpeg\" alt=\"\" width=\"900\" height=\"1600\" srcset=\"https:\/\/blogsaverroes.juntadeandalucia.es\/ceipeltorreon\/files\/2022\/04\/WhatsApp-Image-2022-04-06-at-1.53.03-PM.jpeg 900w, https:\/\/blogsaverroes.juntadeandalucia.es\/ceipeltorreon\/files\/2022\/04\/WhatsApp-Image-2022-04-06-at-1.53.03-PM-169x300.jpeg 169w, https:\/\/blogsaverroes.juntadeandalucia.es\/ceipeltorreon\/files\/2022\/04\/WhatsApp-Image-2022-04-06-at-1.53.03-PM-576x1024.jpeg 576w, https:\/\/blogsaverroes.juntadeandalucia.es\/ceipeltorreon\/files\/2022\/04\/WhatsApp-Image-2022-04-06-at-1.53.03-PM-768x1365.jpeg 768w, https:\/\/blogsaverroes.juntadeandalucia.es\/ceipeltorreon\/files\/2022\/04\/WhatsApp-Image-2022-04-06-at-1.53.03-PM-864x1536.jpeg 864w\" sizes=\"(max-width: 900px) 100vw, 900px\" \/><\/a><a href=\"https:\/\/blogsaverroes.juntadeandalucia.es\/ceipeltorreon\/2022\/04\/07\/happy-easter-2022\/img_7189\/\" rel=\"attachment wp-att-3219\"><img loading=\"lazy\" decoding=\"async\" class=\"aligncenter size-full wp-image-3219\" src=\"https:\/\/blogsaverroes.juntadeandalucia.es\/ceipeltorreon\/files\/2022\/04\/IMG_7189-scaled.jpg\" alt=\"\" width=\"1600\" height=\"1200\" srcset=\"https:\/\/blogsaverroes.juntadeandalucia.es\/ceipeltorreon\/files\/2022\/04\/IMG_7189-scaled.jpg 1600w, https:\/\/blogsaverroes.juntadeandalucia.es\/ceipeltorreon\/files\/2022\/04\/IMG_7189-300x225.jpg 300w, https:\/\/blogsaverroes.juntadeandalucia.es\/ceipeltorreon\/files\/2022\/04\/IMG_7189-1024x768.jpg 1024w, https:\/\/blogsaverroes.juntadeandalucia.es\/ceipeltorreon\/files\/2022\/04\/IMG_7189-768x576.jpg 768w, https:\/\/blogsaverroes.juntadeandalucia.es\/ceipeltorreon\/files\/2022\/04\/IMG_7189-1536x1152.jpg 1536w, https:\/\/blogsaverroes.juntadeandalucia.es\/ceipeltorreon\/files\/2022\/04\/IMG_7189-2048x1536.jpg 2048w\" sizes=\"(max-width: 1600px) 100vw, 1600px\" \/><\/a><a href=\"https:\/\/blogsaverroes.juntadeandalucia.es\/ceipeltorreon\/2022\/04\/07\/happy-easter-2022\/img_7188\/\" rel=\"attachment wp-att-3220\"><img loading=\"lazy\" decoding=\"async\" class=\"aligncenter size-full wp-image-3220\" src=\"https:\/\/blogsaverroes.juntadeandalucia.es\/ceipeltorreon\/files\/2022\/04\/IMG_7188-scaled.jpg\" alt=\"\" width=\"1200\" height=\"1600\" srcset=\"https:\/\/blogsaverroes.juntadeandalucia.es\/ceipeltorreon\/files\/2022\/04\/IMG_7188-scaled.jpg 1200w, https:\/\/blogsaverroes.juntadeandalucia.es\/ceipeltorreon\/files\/2022\/04\/IMG_7188-225x300.jpg 225w, https:\/\/blogsaverroes.juntadeandalucia.es\/ceipeltorreon\/files\/2022\/04\/IMG_7188-768x1024.jpg 768w, https:\/\/blogsaverroes.juntadeandalucia.es\/ceipeltorreon\/files\/2022\/04\/IMG_7188-1152x1536.jpg 1152w, https:\/\/blogsaverroes.juntadeandalucia.es\/ceipeltorreon\/files\/2022\/04\/IMG_7188-1536x2048.jpg 1536w\" sizes=\"(max-width: 1200px) 100vw, 1200px\" \/><\/a><a href=\"https:\/\/blogsaverroes.juntadeandalucia.es\/ceipeltorreon\/2022\/04\/07\/happy-easter-2022\/img_7187\/\" rel=\"attachment wp-att-3221\"><img loading=\"lazy\" decoding=\"async\" class=\"aligncenter size-full wp-image-3221\" src=\"https:\/\/blogsaverroes.juntadeandalucia.es\/ceipeltorreon\/files\/2022\/04\/IMG_7187-scaled.jpg\" alt=\"\" width=\"1200\" height=\"1600\" srcset=\"https:\/\/blogsaverroes.juntadeandalucia.es\/ceipeltorreon\/files\/2022\/04\/IMG_7187-scaled.jpg 1200w, https:\/\/blogsaverroes.juntadeandalucia.es\/ceipeltorreon\/files\/2022\/04\/IMG_7187-225x300.jpg 225w, https:\/\/blogsaverroes.juntadeandalucia.es\/ceipeltorreon\/files\/2022\/04\/IMG_7187-768x1024.jpg 768w, https:\/\/blogsaverroes.juntadeandalucia.es\/ceipeltorreon\/files\/2022\/04\/IMG_7187-1152x1536.jpg 1152w, https:\/\/blogsaverroes.juntadeandalucia.es\/ceipeltorreon\/files\/2022\/04\/IMG_7187-1536x2048.jpg 1536w\" sizes=\"(max-width: 1200px) 100vw, 1200px\" \/><\/a><a href=\"https:\/\/blogsaverroes.juntadeandalucia.es\/ceipeltorreon\/2022\/04\/07\/happy-easter-2022\/img_7186\/\" rel=\"attachment wp-att-3222\"><img loading=\"lazy\" decoding=\"async\" class=\"aligncenter size-full wp-image-3222\" src=\"https:\/\/blogsaverroes.juntadeandalucia.es\/ceipeltorreon\/files\/2022\/04\/IMG_7186-scaled.jpg\" alt=\"\" width=\"1200\" height=\"1600\" srcset=\"https:\/\/blogsaverroes.juntadeandalucia.es\/ceipeltorreon\/files\/2022\/04\/IMG_7186-scaled.jpg 1200w, https:\/\/blogsaverroes.juntadeandalucia.es\/ceipeltorreon\/files\/2022\/04\/IMG_7186-225x300.jpg 225w, https:\/\/blogsaverroes.juntadeandalucia.es\/ceipeltorreon\/files\/2022\/04\/IMG_7186-768x1024.jpg 768w, https:\/\/blogsaverroes.juntadeandalucia.es\/ceipeltorreon\/files\/2022\/04\/IMG_7186-1152x1536.jpg 1152w, https:\/\/blogsaverroes.juntadeandalucia.es\/ceipeltorreon\/files\/2022\/04\/IMG_7186-1536x2048.jpg 1536w\" sizes=\"(max-width: 1200px) 100vw, 1200px\" \/><\/a><a href=\"https:\/\/blogsaverroes.juntadeandalucia.es\/ceipeltorreon\/2022\/04\/07\/happy-easter-2022\/img_7185\/\" rel=\"attachment wp-att-3223\"><img loading=\"lazy\" decoding=\"async\" class=\"aligncenter size-full wp-image-3223\" src=\"https:\/\/blogsaverroes.juntadeandalucia.es\/ceipeltorreon\/files\/2022\/04\/IMG_7185-scaled.jpg\" alt=\"\" width=\"1600\" height=\"1200\" srcset=\"https:\/\/blogsaverroes.juntadeandalucia.es\/ceipeltorreon\/files\/2022\/04\/IMG_7185-scaled.jpg 1600w, https:\/\/blogsaverroes.juntadeandalucia.es\/ceipeltorreon\/files\/2022\/04\/IMG_7185-300x225.jpg 300w, https:\/\/blogsaverroes.juntadeandalucia.es\/ceipeltorreon\/files\/2022\/04\/IMG_7185-1024x768.jpg 1024w, https:\/\/blogsaverroes.juntadeandalucia.es\/ceipeltorreon\/files\/2022\/04\/IMG_7185-768x576.jpg 768w, https:\/\/blogsaverroes.juntadeandalucia.es\/ceipeltorreon\/files\/2022\/04\/IMG_7185-1536x1152.jpg 1536w, https:\/\/blogsaverroes.juntadeandalucia.es\/ceipeltorreon\/files\/2022\/04\/IMG_7185-2048x1536.jpg 2048w\" sizes=\"(max-width: 1600px) 100vw, 1600px\" \/><\/a> <a href=\"https:\/\/blogsaverroes.juntadeandalucia.es\/ceipeltorreon\/2022\/04\/07\/happy-easter-2022\/whatsapp-image-2022-04-06-at-1-52-25-pm\/\" rel=\"attachment wp-att-3215\"><img loading=\"lazy\" decoding=\"async\" class=\"aligncenter size-full wp-image-3215\" src=\"https:\/\/blogsaverroes.juntadeandalucia.es\/ceipeltorreon\/files\/2022\/04\/WhatsApp-Image-2022-04-06-at-1.52.25-PM.jpeg\" alt=\"\" width=\"768\" height=\"1024\" srcset=\"https:\/\/blogsaverroes.juntadeandalucia.es\/ceipeltorreon\/files\/2022\/04\/WhatsApp-Image-2022-04-06-at-1.52.25-PM.jpeg 768w, https:\/\/blogsaverroes.juntadeandalucia.es\/ceipeltorreon\/files\/2022\/04\/WhatsApp-Image-2022-04-06-at-1.52.25-PM-225x300.jpeg 225w\" sizes=\"(max-width: 768px) 100vw, 768px\" \/><\/a> <a href=\"https:\/\/blogsaverroes.juntadeandalucia.es\/ceipeltorreon\/2022\/04\/07\/happy-easter-2022\/whatsapp-image-2022-04-06-at-1-52-00-pm\/\" rel=\"attachment wp-att-3216\"><img loading=\"lazy\" decoding=\"async\" class=\"aligncenter size-full wp-image-3216\" src=\"https:\/\/blogsaverroes.juntadeandalucia.es\/ceipeltorreon\/files\/2022\/04\/WhatsApp-Image-2022-04-06-at-1.52.00-PM.jpeg\" alt=\"\" width=\"1024\" height=\"790\" srcset=\"https:\/\/blogsaverroes.juntadeandalucia.es\/ceipeltorreon\/files\/2022\/04\/WhatsApp-Image-2022-04-06-at-1.52.00-PM.jpeg 1024w, https:\/\/blogsaverroes.juntadeandalucia.es\/ceipeltorreon\/files\/2022\/04\/WhatsApp-Image-2022-04-06-at-1.52.00-PM-300x231.jpeg 300w, https:\/\/blogsaverroes.juntadeandalucia.es\/ceipeltorreon\/files\/2022\/04\/WhatsApp-Image-2022-04-06-at-1.52.00-PM-768x593.jpeg 768w\" sizes=\"(max-width: 1024px) 100vw, 1024px\" \/><\/a><\/p>\n","protected":false},"excerpt":{"rendered":"<p>En esta \u00e9poca del a\u00f1o se celebra en los pa\u00edses anglosajones Easter. Es el momento en que se celebra la llegada de la primavera. Estos d\u00edas se llevan a cabo algunas tradiciones que ya todos y todas conocemos como: decorar y pintar huevos de pascua o la b\u00fasqueda de los deliciosos huevos de chocolate. &nbsp; [&hellip;]<\/p>\n","protected":false},"author":10122,"featured_media":0,"comment_status":"closed","ping_status":"open","sticky":false,"template":"","format":"standard","meta":{"ngg_post_thumbnail":0,"footnotes":""},"categories":[11909],"tags":[],"aioseo_notices":[],"_links":{"self":[{"href":"https:\/\/blogsaverroes.juntadeandalucia.es\/ceipeltorreon\/wp-json\/wp\/v2\/posts\/3212"}],"collection":[{"href":"https:\/\/blogsaverroes.juntadeandalucia.es\/ceipeltorreon\/wp-json\/wp\/v2\/posts"}],"about":[{"href":"https:\/\/blogsaverroes.juntadeandalucia.es\/ceipeltorreon\/wp-json\/wp\/v2\/types\/post"}],"author":[{"embeddable":true,"href":"https:\/\/blogsaverroes.juntadeandalucia.es\/ceipeltorreon\/wp-json\/wp\/v2\/users\/10122"}],"replies":[{"embeddable":true,"href":"https:\/\/blogsaverroes.juntadeandalucia.es\/ceipeltorreon\/wp-json\/wp\/v2\/comments?post=3212"}],"version-history":[{"count":7,"href":"https:\/\/blogsaverroes.juntadeandalucia.es\/ceipeltorreon\/wp-json\/wp\/v2\/posts\/3212\/revisions"}],"predecessor-version":[{"id":3239,"href":"https:\/\/blogsaverroes.juntadeandalucia.es\/ceipeltorreon\/wp-json\/wp\/v2\/posts\/3212\/revisions\/3239"}],"wp:attachment":[{"href":"https:\/\/blogsaverroes.juntadeandalucia.es\/ceipeltorreon\/wp-json\/wp\/v2\/media?parent=3212"}],"wp:term":[{"taxonomy":"category","embeddable":true,"href":"https:\/\/blogsaverroes.juntadeandalucia.es\/ceipeltorreon\/wp-json\/wp\/v2\/categories?post=3212"},{"taxonomy":"post_tag","embeddable":true,"href":"https:\/\/blogsaverroes.juntadeandalucia.es\/ceipeltorreon\/wp-json\/wp\/v2\/tags?post=3212"}],"curies":[{"name":"wp","href":"https:\/\/api.w.org\/{rel}","templated":true}]}}