{"id":3532,"date":"2023-04-02T21:00:37","date_gmt":"2023-04-02T21:00:37","guid":{"rendered":"https:\/\/blogsaverroes.juntadeandalucia.es\/ceipeltorreon\/?p=3532"},"modified":"2023-04-03T09:40:22","modified_gmt":"2023-04-03T09:40:22","slug":"3532","status":"publish","type":"post","link":"https:\/\/blogsaverroes.juntadeandalucia.es\/ceipeltorreon\/2023\/04\/02\/3532\/","title":{"rendered":"D\u00eda Mundial de Concienciaci\u00f3n sobre el Autismo."},"content":{"rendered":"<p>El<strong>&nbsp;2 de abril<\/strong>&nbsp;se celebra el D\u00eda Mundial de Concienciaci\u00f3n sobre<strong>&nbsp;el Autismo,<\/strong>&nbsp;una fecha instaurada por Naciones Unidas para visibilizar a las personas con trastorno del espectro del<strong>&nbsp;autismo (TEA)<\/strong> y contribuir a promover el ejercicio efectivo de sus derechos.<\/p>\n<p>En los \u00faltimos a\u00f1os, se ha avanzado considerablemente en la concienciaci\u00f3n y la aceptaci\u00f3n del autismo. Esto se debe principalmente a la contribuci\u00f3n de los numerosos e incre\u00edbles defensores de las personas con autismo que han trabajado incansablemente para dar a conocer al resto del mundo las experiencias vividas por las personas autistas. Hemos abandonado la idea de curar o convertir a las personas con autismo para centrarnos en su aceptaci\u00f3n, apoyo, inclusi\u00f3n y la defensa de sus derechos.<\/p>\n<p>En 2023 el lema elegido es \u00ab<a title=\"Enlace externo, se abre en ventana nueva.\" href=\"https:\/\/diamundialautismo.com\/\" target=\"_blank\" rel=\"external noopener noreferrer\">Llam\u00e9moslo por su nombre<\/a>\u00bb. Desde el CEIP. El Torre\u00f3n hemos participado en las actividades relacionadas con este d\u00eda y adem\u00e1s hemos concienciado a nuestros alumnos sobre la importancia de visibilizar este trastorno. Os mostramos el resultado de nuestras actividades y la implicaci\u00f3n del centro, dando como producto el siguiente <a href=\"https:\/\/drive.google.com\/file\/d\/1_TyVJ02uBDDkFzoLRDNewS45gvLxNcoc\/view?usp=drivesdk\">video<\/a>.<\/p>\n<div style=\"width: 854px;\" class=\"wp-video\"><!--[if lt IE 9]><script>document.createElement('video');<\/script><![endif]-->\n<video class=\"wp-video-shortcode\" id=\"video-3532-1\" width=\"854\" height=\"480\" preload=\"metadata\" controls=\"controls\"><source type=\"video\/mp4\" src=\"https:\/\/blogsaverroes.juntadeandalucia.es\/ceipeltorreon\/files\/2023\/04\/AUTISMO-CEIP-EL-TORRE\u00d3N_1.mp4?_=1\" \/><a href=\"https:\/\/blogsaverroes.juntadeandalucia.es\/ceipeltorreon\/files\/2023\/04\/AUTISMO-CEIP-EL-TORRE\u00d3N_1.mp4\">https:\/\/blogsaverroes.juntadeandalucia.es\/ceipeltorreon\/files\/2023\/04\/AUTISMO-CEIP-EL-TORRE\u00d3N_1.mp4<\/a><\/video><\/div>\n","protected":false},"excerpt":{"rendered":"<p>El&nbsp;2 de abril&nbsp;se celebra el D\u00eda Mundial de Concienciaci\u00f3n sobre&nbsp;el Autismo,&nbsp;una fecha instaurada por Naciones Unidas para visibilizar a las personas con trastorno del espectro del&nbsp;autismo (TEA) y contribuir a promover el ejercicio efectivo de sus derechos. En los \u00faltimos a\u00f1os, se ha avanzado considerablemente en la concienciaci\u00f3n y la aceptaci\u00f3n del autismo. Esto se [&hellip;]<\/p>\n","protected":false},"author":10122,"featured_media":0,"comment_status":"closed","ping_status":"open","sticky":false,"template":"","format":"standard","meta":{"ngg_post_thumbnail":0,"footnotes":""},"categories":[26636],"tags":[],"aioseo_notices":[],"_links":{"self":[{"href":"https:\/\/blogsaverroes.juntadeandalucia.es\/ceipeltorreon\/wp-json\/wp\/v2\/posts\/3532"}],"collection":[{"href":"https:\/\/blogsaverroes.juntadeandalucia.es\/ceipeltorreon\/wp-json\/wp\/v2\/posts"}],"about":[{"href":"https:\/\/blogsaverroes.juntadeandalucia.es\/ceipeltorreon\/wp-json\/wp\/v2\/types\/post"}],"author":[{"embeddable":true,"href":"https:\/\/blogsaverroes.juntadeandalucia.es\/ceipeltorreon\/wp-json\/wp\/v2\/users\/10122"}],"replies":[{"embeddable":true,"href":"https:\/\/blogsaverroes.juntadeandalucia.es\/ceipeltorreon\/wp-json\/wp\/v2\/comments?post=3532"}],"version-history":[{"count":4,"href":"https:\/\/blogsaverroes.juntadeandalucia.es\/ceipeltorreon\/wp-json\/wp\/v2\/posts\/3532\/revisions"}],"predecessor-version":[{"id":3539,"href":"https:\/\/blogsaverroes.juntadeandalucia.es\/ceipeltorreon\/wp-json\/wp\/v2\/posts\/3532\/revisions\/3539"}],"wp:attachment":[{"href":"https:\/\/blogsaverroes.juntadeandalucia.es\/ceipeltorreon\/wp-json\/wp\/v2\/media?parent=3532"}],"wp:term":[{"taxonomy":"category","embeddable":true,"href":"https:\/\/blogsaverroes.juntadeandalucia.es\/ceipeltorreon\/wp-json\/wp\/v2\/categories?post=3532"},{"taxonomy":"post_tag","embeddable":true,"href":"https:\/\/blogsaverroes.juntadeandalucia.es\/ceipeltorreon\/wp-json\/wp\/v2\/tags?post=3532"}],"curies":[{"name":"wp","href":"https:\/\/api.w.org\/{rel}","templated":true}]}}