{"id":3824,"date":"2023-11-18T00:21:32","date_gmt":"2023-11-18T00:21:32","guid":{"rendered":"https:\/\/blogsaverroes.juntadeandalucia.es\/ceipeltorreon\/?p=3824"},"modified":"2023-11-18T00:22:40","modified_gmt":"2023-11-18T00:22:40","slug":"3824","status":"publish","type":"post","link":"https:\/\/blogsaverroes.juntadeandalucia.es\/ceipeltorreon\/2023\/11\/18\/3824\/","title":{"rendered":"Campeonato Nacional de Wushu Kung Fu CEWK 2023"},"content":{"rendered":"<p><a href=\"https:\/\/blogsaverroes.juntadeandalucia.es\/ceipeltorreon\/files\/2023\/11\/azuqueca.jpeg\" rel=\"prettyPhoto[3824]\"><img loading=\"lazy\" decoding=\"async\" class=\"wp-image-3825 aligncenter\" src=\"https:\/\/blogsaverroes.juntadeandalucia.es\/ceipeltorreon\/files\/2023\/11\/azuqueca-214x300.jpeg\" alt=\"\" width=\"344\" height=\"482\" srcset=\"https:\/\/blogsaverroes.juntadeandalucia.es\/ceipeltorreon\/files\/2023\/11\/azuqueca-214x300.jpeg 214w, https:\/\/blogsaverroes.juntadeandalucia.es\/ceipeltorreon\/files\/2023\/11\/azuqueca-730x1024.jpeg 730w, https:\/\/blogsaverroes.juntadeandalucia.es\/ceipeltorreon\/files\/2023\/11\/azuqueca-768x1078.jpeg 768w, https:\/\/blogsaverroes.juntadeandalucia.es\/ceipeltorreon\/files\/2023\/11\/azuqueca-1094x1536.jpeg 1094w, https:\/\/blogsaverroes.juntadeandalucia.es\/ceipeltorreon\/files\/2023\/11\/azuqueca.jpeg 1140w\" sizes=\"(max-width: 344px) 100vw, 344px\" \/><\/a><\/p>\n<p>\u00a1Atenci\u00f3n amantes de las artes marciales!<\/p>\n<p>\u00a1El Campeonato de Espa\u00f1a de Wushu Kung Fu est\u00e1 a la vuelta de la esquina!<\/p>\n<p>Nos complace anunciar el pr\u00f3ximo campeonato nacional, que tendr\u00e1 lugar el 25 de noviembre en la ciudad de Azuqueca de Henares.<\/p>\n<p>Este evento promete ser una espectacular muestra de habilidad, t\u00e9cnica y pasi\u00f3n por el Wushu Kung Fu. Ser\u00e1 una oportunidad \u00fanica para ver a los mejores atletas del pa\u00eds compitiendo y demostrando su maestr\u00eda en este ancestral arte marcial.<\/p>\n<p>En este evento, nuestro centro, el CEIP. El Torre\u00f3n de Las Gabias, cuenta con una magnifica representaci\u00f3n. Nuestros alumnos de Primaria; Marcos L\u00f3pez Ruiz de 5A, Natalia Fern\u00e1ndez Aguado de&nbsp; 5A, Izan Mesa Velasco de 4A y Sara Jim\u00e9nez Viceira de 2B , estar\u00e1n presentes en Azuqueca de Henares.<\/p>\n<p>\u00a1\u00a1\u00a1Mucha suerte chicos y chicas!!!<\/p>\n<!--themify_builder_content-->\n<div id=\"themify_builder_content-3824\" data-postid=\"3824\" class=\"themify_builder_content themify_builder_content-3824 themify_builder tf_clear\">\n    <\/div>\n<!--\/themify_builder_content-->\n","protected":false},"excerpt":{"rendered":"<p>\u00a1Atenci\u00f3n amantes de las artes marciales! \u00a1El Campeonato de Espa\u00f1a de Wushu Kung Fu est\u00e1 a la vuelta de la esquina! Nos complace anunciar el pr\u00f3ximo campeonato nacional, que tendr\u00e1 lugar el 25 de noviembre en la ciudad de Azuqueca de Henares. Este evento promete ser una espectacular muestra de habilidad, t\u00e9cnica y pasi\u00f3n por [&hellip;]<\/p>\n","protected":false},"author":10122,"featured_media":0,"comment_status":"closed","ping_status":"open","sticky":false,"template":"","format":"standard","meta":{"ngg_post_thumbnail":0,"footnotes":""},"categories":[526,11909],"tags":[],"aioseo_notices":[],"_links":{"self":[{"href":"https:\/\/blogsaverroes.juntadeandalucia.es\/ceipeltorreon\/wp-json\/wp\/v2\/posts\/3824"}],"collection":[{"href":"https:\/\/blogsaverroes.juntadeandalucia.es\/ceipeltorreon\/wp-json\/wp\/v2\/posts"}],"about":[{"href":"https:\/\/blogsaverroes.juntadeandalucia.es\/ceipeltorreon\/wp-json\/wp\/v2\/types\/post"}],"author":[{"embeddable":true,"href":"https:\/\/blogsaverroes.juntadeandalucia.es\/ceipeltorreon\/wp-json\/wp\/v2\/users\/10122"}],"replies":[{"embeddable":true,"href":"https:\/\/blogsaverroes.juntadeandalucia.es\/ceipeltorreon\/wp-json\/wp\/v2\/comments?post=3824"}],"version-history":[{"count":4,"href":"https:\/\/blogsaverroes.juntadeandalucia.es\/ceipeltorreon\/wp-json\/wp\/v2\/posts\/3824\/revisions"}],"predecessor-version":[{"id":3829,"href":"https:\/\/blogsaverroes.juntadeandalucia.es\/ceipeltorreon\/wp-json\/wp\/v2\/posts\/3824\/revisions\/3829"}],"wp:attachment":[{"href":"https:\/\/blogsaverroes.juntadeandalucia.es\/ceipeltorreon\/wp-json\/wp\/v2\/media?parent=3824"}],"wp:term":[{"taxonomy":"category","embeddable":true,"href":"https:\/\/blogsaverroes.juntadeandalucia.es\/ceipeltorreon\/wp-json\/wp\/v2\/categories?post=3824"},{"taxonomy":"post_tag","embeddable":true,"href":"https:\/\/blogsaverroes.juntadeandalucia.es\/ceipeltorreon\/wp-json\/wp\/v2\/tags?post=3824"}],"curies":[{"name":"wp","href":"https:\/\/api.w.org\/{rel}","templated":true}]}}