{"id":4283,"date":"2025-03-19T17:39:47","date_gmt":"2025-03-19T17:39:47","guid":{"rendered":"https:\/\/blogsaverroes.juntadeandalucia.es\/ceipeltorreon\/?p=4283"},"modified":"2025-06-27T12:36:03","modified_gmt":"2025-06-27T12:36:03","slug":"somos-centro-bilingue","status":"publish","type":"post","link":"https:\/\/blogsaverroes.juntadeandalucia.es\/ceipeltorreon\/2025\/03\/19\/somos-centro-bilingue\/","title":{"rendered":"\u00a1\u00a1SOMOS CENTRO BILING\u00dcE!!"},"content":{"rendered":"<p>Bienvenidos a la web del CEIP. El Torre\u00f3n de Las Gabias en Granada. Nuestro centro est\u00e1 adscrito a la red de centros biling\u00fces y es por ello, que desde esta web, queremos mostrar un peque\u00f1o ap\u00e9ndice de como funciona y que podemos ofreceros. Asimismo, mostramos a nuestra comunidad educativa, nuestra implicaci\u00f3n y dedicaci\u00f3n a este proyecto.<\/p>\n<p>\u00a1\u00a1Ven y disfruta del CEIP. El Torre\u00f3n!!!<\/p>\n<div style=\"width: 848px;\" class=\"wp-video\"><!--[if lt IE 9]><script>document.createElement('video');<\/script><![endif]-->\n<video class=\"wp-video-shortcode\" id=\"video-4283-1\" width=\"848\" height=\"478\" preload=\"metadata\" controls=\"controls\"><source type=\"video\/mp4\" src=\"https:\/\/blogsaverroes.juntadeandalucia.es\/ceipeltorreon\/files\/2025\/03\/Auxiliares-Bilingues-1.mp4?_=1\" \/><a href=\"https:\/\/blogsaverroes.juntadeandalucia.es\/ceipeltorreon\/files\/2025\/03\/Auxiliares-Bilingues-1.mp4\">https:\/\/blogsaverroes.juntadeandalucia.es\/ceipeltorreon\/files\/2025\/03\/Auxiliares-Bilingues-1.mp4<\/a><\/video><\/div>\n","protected":false},"excerpt":{"rendered":"<p>Bienvenidos a la web del CEIP. El Torre\u00f3n de Las Gabias en Granada. Nuestro centro est\u00e1 adscrito a la red de centros biling\u00fces y es por ello, que desde esta web, queremos mostrar un peque\u00f1o ap\u00e9ndice de como funciona y que podemos ofreceros. Asimismo, mostramos a nuestra comunidad educativa, nuestra implicaci\u00f3n y dedicaci\u00f3n a este [&hellip;]<\/p>\n","protected":false},"author":10122,"featured_media":0,"comment_status":"closed","ping_status":"open","sticky":false,"template":"","format":"standard","meta":{"ngg_post_thumbnail":0,"footnotes":""},"categories":[2351657,26636],"tags":[],"aioseo_notices":[],"_links":{"self":[{"href":"https:\/\/blogsaverroes.juntadeandalucia.es\/ceipeltorreon\/wp-json\/wp\/v2\/posts\/4283"}],"collection":[{"href":"https:\/\/blogsaverroes.juntadeandalucia.es\/ceipeltorreon\/wp-json\/wp\/v2\/posts"}],"about":[{"href":"https:\/\/blogsaverroes.juntadeandalucia.es\/ceipeltorreon\/wp-json\/wp\/v2\/types\/post"}],"author":[{"embeddable":true,"href":"https:\/\/blogsaverroes.juntadeandalucia.es\/ceipeltorreon\/wp-json\/wp\/v2\/users\/10122"}],"replies":[{"embeddable":true,"href":"https:\/\/blogsaverroes.juntadeandalucia.es\/ceipeltorreon\/wp-json\/wp\/v2\/comments?post=4283"}],"version-history":[{"count":5,"href":"https:\/\/blogsaverroes.juntadeandalucia.es\/ceipeltorreon\/wp-json\/wp\/v2\/posts\/4283\/revisions"}],"predecessor-version":[{"id":4362,"href":"https:\/\/blogsaverroes.juntadeandalucia.es\/ceipeltorreon\/wp-json\/wp\/v2\/posts\/4283\/revisions\/4362"}],"wp:attachment":[{"href":"https:\/\/blogsaverroes.juntadeandalucia.es\/ceipeltorreon\/wp-json\/wp\/v2\/media?parent=4283"}],"wp:term":[{"taxonomy":"category","embeddable":true,"href":"https:\/\/blogsaverroes.juntadeandalucia.es\/ceipeltorreon\/wp-json\/wp\/v2\/categories?post=4283"},{"taxonomy":"post_tag","embeddable":true,"href":"https:\/\/blogsaverroes.juntadeandalucia.es\/ceipeltorreon\/wp-json\/wp\/v2\/tags?post=4283"}],"curies":[{"name":"wp","href":"https:\/\/api.w.org\/{rel}","templated":true}]}}