{"id":4504,"date":"2026-01-24T11:45:48","date_gmt":"2026-01-24T11:45:48","guid":{"rendered":"https:\/\/blogsaverroes.juntadeandalucia.es\/ceipeltorreon\/?p=4504"},"modified":"2026-01-24T11:45:48","modified_gmt":"2026-01-24T11:45:48","slug":"carnaval-2026","status":"publish","type":"post","link":"https:\/\/blogsaverroes.juntadeandalucia.es\/ceipeltorreon\/2026\/01\/24\/carnaval-2026\/","title":{"rendered":"Carnaval 2026"},"content":{"rendered":"<p><span data-contrast=\"auto\">Estimadas&nbsp;familias:<\/span><span data-ccp-props=\"{&quot;335559685&quot;:710}\">&nbsp;<\/span><\/p>\n<p><span data-contrast=\"auto\">El&nbsp;pr\u00f3ximo&nbsp;<\/span><b><span data-contrast=\"auto\">13&nbsp;de&nbsp;febrero&nbsp;de&nbsp;2026&nbsp;<\/span><\/b><span data-contrast=\"auto\">se&nbsp;celebrar\u00e1&nbsp;en&nbsp;nuestro&nbsp;centro&nbsp;el&nbsp;<\/span><b><span data-contrast=\"auto\">Carnaval<\/span><\/b><span data-contrast=\"auto\">.<\/span><span data-ccp-props=\"{&quot;335551550&quot;:1,&quot;335551620&quot;:1,&quot;335559685&quot;:710,&quot;335559731&quot;:0,&quot;335559737&quot;:0,&quot;335559738&quot;:240}\">&nbsp;<\/span><\/p>\n<p><span data-contrast=\"auto\">Es&nbsp;por&nbsp;ello&nbsp;que&nbsp;desde&nbsp;el&nbsp;colegio&nbsp;hemos&nbsp;organizado un&nbsp;<\/span><b><span data-contrast=\"auto\">pasacalle&nbsp;escolar&nbsp;<\/span><\/b><span data-contrast=\"auto\">que&nbsp;recorrer\u00e1 algunas de las calles m\u00e1s cercanas al centro.&nbsp;Para ello nos acompa\u00f1ar\u00e1 polic\u00eda local o protecci\u00f3n civil que establecer\u00e1 el recorrido m\u00e1s id\u00f3neo para nuestros ni\u00f1os\/as teniendo en cuenta la ubicaci\u00f3n del centro y sobre todo la seguridad del alumnado.<\/span><span data-ccp-props=\"{&quot;201341983&quot;:0,&quot;335559685&quot;:2,&quot;335559731&quot;:707,&quot;335559737&quot;:8,&quot;335559738&quot;:238,&quot;335559740&quot;:276}\">&nbsp;<\/span><\/p>\n<p><b><span data-contrast=\"auto\">La&nbsp;salida&nbsp;del&nbsp;centro&nbsp;<\/span><\/b><span data-contrast=\"auto\">ser\u00e1&nbsp;aproximadamente&nbsp;sobre&nbsp;las&nbsp;<\/span><b><span data-contrast=\"auto\">10:00<\/span><\/b><span data-contrast=\"auto\">.<\/span><span data-ccp-props=\"{&quot;335551550&quot;:1,&quot;335551620&quot;:1,&quot;335559685&quot;:710,&quot;335559731&quot;:0,&quot;335559737&quot;:0,&quot;335559738&quot;:203}\">&nbsp;<\/span><\/p>\n<p><span data-contrast=\"auto\">Las&nbsp;familias&nbsp;que&nbsp;lo&nbsp;deseen&nbsp;podr\u00e1n&nbsp;acompa\u00f1arnos&nbsp;y&nbsp;venir&nbsp;(disfrazadas&nbsp;o&nbsp;no)&nbsp;y&nbsp;unirse&nbsp;a&nbsp;nuestro pasacalles&nbsp;para as\u00ed disfrutar junto a nosotros de este d\u00eda de diversi\u00f3n.&nbsp;Al llegar al centro el alumnado subir\u00e1 a sus clases para seguir las tareas previstas.<\/span><span data-ccp-props=\"{&quot;201341983&quot;:0,&quot;335559685&quot;:2,&quot;335559738&quot;:237,&quot;335559740&quot;:276}\">&nbsp;<\/span><\/p>\n<p><b><span data-contrast=\"auto\">La&nbsp;tem\u00e1tica&nbsp;de&nbsp;los&nbsp;disfraces&nbsp;estar\u00e1&nbsp;relacionada&nbsp;con&nbsp;los&nbsp;cuentos&nbsp;en&nbsp;general<\/span><\/b><span data-contrast=\"auto\">.<\/span><span data-ccp-props=\"{&quot;335559685&quot;:710,&quot;335559738&quot;:202}\">&nbsp;<\/span><\/p>\n<p><span data-contrast=\"auto\">El Carnaval es una fiesta llena de color, m\u00fasica y alegr\u00eda que motiva profundamente al alumnado. Permite que los ni\u00f1os\/as descubran y participen en una manifestaci\u00f3n cultural de&nbsp;su entorno. El uso de disfraces fomenta el juego simb\u00f3lico permitiendo a los ni\u00f1os\/as explorar identidades y superar miedos. Utilizar esta tem\u00e1tica como eje vertebrador motiva la lectura, comprensi\u00f3n y creatividad literaria. Al crear personajes fant\u00e1sticos basados en cuentos se potencia la capacidad de intervenci\u00f3n y la expresi\u00f3n art\u00edstica. Desde el \u00e1rea emocional se favorece la expresi\u00f3n de emociones de forma segura. Las competencias ling\u00fc\u00edsticas y art\u00edsticas se trabajan&nbsp;a&nbsp;trav\u00e9s&nbsp;de&nbsp;la&nbsp;narraci\u00f3n&nbsp;de&nbsp;cuentos,&nbsp;la creaci\u00f3n&nbsp;de&nbsp;disfraces&nbsp;y la&nbsp;expresi\u00f3n&nbsp;corporal. Se fomenta adem\u00e1s la participaci\u00f3n grupal, la creatividad compartida y el igualitarismo social.<\/span><span data-ccp-props=\"{&quot;201341983&quot;:0,&quot;335559685&quot;:2,&quot;335559731&quot;:707,&quot;335559737&quot;:10,&quot;335559738&quot;:238,&quot;335559740&quot;:276}\">&nbsp;<\/span><\/p>\n<p><span data-contrast=\"auto\">Recordaros&nbsp;por&nbsp;un&nbsp;lado&nbsp;lo&nbsp;importante&nbsp;que&nbsp;es&nbsp;ir&nbsp;todos\/as&nbsp;juntos&nbsp;y&nbsp;que&nbsp;ninguna&nbsp;familia saque a su hijo\/a&nbsp;del pasacalles&nbsp;sin causa mayor y previa comunicaci\u00f3n a su tutor\/a.<\/span><span data-ccp-props=\"{&quot;201341983&quot;:0,&quot;335559685&quot;:2,&quot;335559731&quot;:707,&quot;335559738&quot;:201,&quot;335559740&quot;:276}\">&nbsp;<\/span><\/p>\n<p><span data-contrast=\"auto\">Este&nbsp;d\u00eda&nbsp;tambi\u00e9n&nbsp;ser\u00e1&nbsp;necesario que&nbsp;el&nbsp;desayuno&nbsp;antes&nbsp;de&nbsp;venir&nbsp;al&nbsp;cole&nbsp;sea&nbsp;m\u00e1s&nbsp;fuerte de&nbsp;lo habitual porque es probable que desayunen un poquito m\u00e1s tarde que de costumbre.<\/span><span data-ccp-props=\"{&quot;201341983&quot;:0,&quot;335559685&quot;:2,&quot;335559738&quot;:199,&quot;335559740&quot;:278}\">&nbsp;<\/span><\/p>\n<p><span data-ccp-props=\"{}\">&nbsp;<\/span><\/p>\n<p><span data-ccp-props=\"{&quot;335559738&quot;:169}\">&nbsp;<\/span><\/p>\n<p><span data-contrast=\"auto\">En&nbsp;las&nbsp;Gabias&nbsp;a&nbsp;23&nbsp;de&nbsp;enero&nbsp;de&nbsp;2026<\/span><span data-ccp-props=\"{&quot;335559685&quot;:4680}\">&nbsp;<\/span><\/p>\n<p>&nbsp;<\/p>\n<p><a href=\"https:\/\/blogsaverroes.juntadeandalucia.es\/ceipeltorreon\/files\/2026\/01\/POSTER-CARNAVAL_page-0001.jpg\" rel=\"prettyPhoto[4504]\"><img loading=\"lazy\" decoding=\"async\" class=\" wp-image-4505 aligncenter\" src=\"https:\/\/blogsaverroes.juntadeandalucia.es\/ceipeltorreon\/files\/2026\/01\/POSTER-CARNAVAL_page-0001-215x300.jpg\" alt=\"\" width=\"356\" height=\"497\" srcset=\"https:\/\/blogsaverroes.juntadeandalucia.es\/ceipeltorreon\/files\/2026\/01\/POSTER-CARNAVAL_page-0001-215x300.jpg 215w, https:\/\/blogsaverroes.juntadeandalucia.es\/ceipeltorreon\/files\/2026\/01\/POSTER-CARNAVAL_page-0001-732x1024.jpg 732w, https:\/\/blogsaverroes.juntadeandalucia.es\/ceipeltorreon\/files\/2026\/01\/POSTER-CARNAVAL_page-0001-768x1074.jpg 768w, https:\/\/blogsaverroes.juntadeandalucia.es\/ceipeltorreon\/files\/2026\/01\/POSTER-CARNAVAL_page-0001-1099x1536.jpg 1099w, https:\/\/blogsaverroes.juntadeandalucia.es\/ceipeltorreon\/files\/2026\/01\/POSTER-CARNAVAL_page-0001-1465x2048.jpg 1465w, https:\/\/blogsaverroes.juntadeandalucia.es\/ceipeltorreon\/files\/2026\/01\/POSTER-CARNAVAL_page-0001.jpg 1144w\" sizes=\"(max-width: 356px) 100vw, 356px\" \/><\/a><\/p>\n","protected":false},"excerpt":{"rendered":"<p>Estimadas&nbsp;familias:&nbsp; El&nbsp;pr\u00f3ximo&nbsp;13&nbsp;de&nbsp;febrero&nbsp;de&nbsp;2026&nbsp;se&nbsp;celebrar\u00e1&nbsp;en&nbsp;nuestro&nbsp;centro&nbsp;el&nbsp;Carnaval.&nbsp; Es&nbsp;por&nbsp;ello&nbsp;que&nbsp;desde&nbsp;el&nbsp;colegio&nbsp;hemos&nbsp;organizado un&nbsp;pasacalle&nbsp;escolar&nbsp;que&nbsp;recorrer\u00e1 algunas de las calles m\u00e1s cercanas al centro.&nbsp;Para ello nos acompa\u00f1ar\u00e1 polic\u00eda local o protecci\u00f3n civil que establecer\u00e1 el recorrido m\u00e1s id\u00f3neo para nuestros ni\u00f1os\/as teniendo en cuenta la ubicaci\u00f3n del centro y sobre todo la seguridad del alumnado.&nbsp; La&nbsp;salida&nbsp;del&nbsp;centro&nbsp;ser\u00e1&nbsp;aproximadamente&nbsp;sobre&nbsp;las&nbsp;10:00.&nbsp; Las&nbsp;familias&nbsp;que&nbsp;lo&nbsp;deseen&nbsp;podr\u00e1n&nbsp;acompa\u00f1arnos&nbsp;y&nbsp;venir&nbsp;(disfrazadas&nbsp;o&nbsp;no)&nbsp;y&nbsp;unirse&nbsp;a&nbsp;nuestro pasacalles&nbsp;para as\u00ed disfrutar junto a nosotros de este d\u00eda de [&hellip;]<\/p>\n","protected":false},"author":10122,"featured_media":0,"comment_status":"closed","ping_status":"open","sticky":false,"template":"","format":"standard","meta":{"ngg_post_thumbnail":0,"footnotes":""},"categories":[5991],"tags":[],"aioseo_notices":[],"_links":{"self":[{"href":"https:\/\/blogsaverroes.juntadeandalucia.es\/ceipeltorreon\/wp-json\/wp\/v2\/posts\/4504"}],"collection":[{"href":"https:\/\/blogsaverroes.juntadeandalucia.es\/ceipeltorreon\/wp-json\/wp\/v2\/posts"}],"about":[{"href":"https:\/\/blogsaverroes.juntadeandalucia.es\/ceipeltorreon\/wp-json\/wp\/v2\/types\/post"}],"author":[{"embeddable":true,"href":"https:\/\/blogsaverroes.juntadeandalucia.es\/ceipeltorreon\/wp-json\/wp\/v2\/users\/10122"}],"replies":[{"embeddable":true,"href":"https:\/\/blogsaverroes.juntadeandalucia.es\/ceipeltorreon\/wp-json\/wp\/v2\/comments?post=4504"}],"version-history":[{"count":2,"href":"https:\/\/blogsaverroes.juntadeandalucia.es\/ceipeltorreon\/wp-json\/wp\/v2\/posts\/4504\/revisions"}],"predecessor-version":[{"id":4507,"href":"https:\/\/blogsaverroes.juntadeandalucia.es\/ceipeltorreon\/wp-json\/wp\/v2\/posts\/4504\/revisions\/4507"}],"wp:attachment":[{"href":"https:\/\/blogsaverroes.juntadeandalucia.es\/ceipeltorreon\/wp-json\/wp\/v2\/media?parent=4504"}],"wp:term":[{"taxonomy":"category","embeddable":true,"href":"https:\/\/blogsaverroes.juntadeandalucia.es\/ceipeltorreon\/wp-json\/wp\/v2\/categories?post=4504"},{"taxonomy":"post_tag","embeddable":true,"href":"https:\/\/blogsaverroes.juntadeandalucia.es\/ceipeltorreon\/wp-json\/wp\/v2\/tags?post=4504"}],"curies":[{"name":"wp","href":"https:\/\/api.w.org\/{rel}","templated":true}]}}