{"id":4523,"date":"2026-02-25T07:49:57","date_gmt":"2026-02-25T07:49:57","guid":{"rendered":"https:\/\/blogsaverroes.juntadeandalucia.es\/ceipeltorreon\/?p=4523"},"modified":"2026-02-25T07:57:05","modified_gmt":"2026-02-25T07:57:05","slug":"menu-de-marzo","status":"publish","type":"post","link":"https:\/\/blogsaverroes.juntadeandalucia.es\/ceipeltorreon\/2026\/02\/25\/menu-de-marzo\/","title":{"rendered":"Men\u00fa de marzo"},"content":{"rendered":"<p>Aqu\u00ed os presentamos nuestro men\u00fa equilibrado de nuestro comedor escolar para el mes de marzo. Asimismo, como todos los meses, nuestras recomendaciones diarias nocturnas. Os lo presentamos tambi\u00e9n en formato pdf para que pod\u00e1is imprimirlos.<\/p>\n<p>&nbsp;<\/p>\n<p><a href=\"https:\/\/blogsaverroes.juntadeandalucia.es\/ceipeltorreon\/files\/2026\/02\/BASAL_MARZO-COMERTEL_page-0001.jpg\" rel=\"prettyPhoto[4523]\"><img loading=\"lazy\" decoding=\"async\" class=\" wp-image-4524 aligncenter\" src=\"https:\/\/blogsaverroes.juntadeandalucia.es\/ceipeltorreon\/files\/2026\/02\/BASAL_MARZO-COMERTEL_page-0001-300x212.jpg\" alt=\"\" width=\"451\" height=\"319\" srcset=\"https:\/\/blogsaverroes.juntadeandalucia.es\/ceipeltorreon\/files\/2026\/02\/BASAL_MARZO-COMERTEL_page-0001-300x212.jpg 300w, https:\/\/blogsaverroes.juntadeandalucia.es\/ceipeltorreon\/files\/2026\/02\/BASAL_MARZO-COMERTEL_page-0001-1024x724.jpg 1024w, https:\/\/blogsaverroes.juntadeandalucia.es\/ceipeltorreon\/files\/2026\/02\/BASAL_MARZO-COMERTEL_page-0001-768x543.jpg 768w, https:\/\/blogsaverroes.juntadeandalucia.es\/ceipeltorreon\/files\/2026\/02\/BASAL_MARZO-COMERTEL_page-0001-1536x1086.jpg 1536w, https:\/\/blogsaverroes.juntadeandalucia.es\/ceipeltorreon\/files\/2026\/02\/BASAL_MARZO-COMERTEL_page-0001-2048x1449.jpg 2048w, https:\/\/blogsaverroes.juntadeandalucia.es\/ceipeltorreon\/files\/2026\/02\/BASAL_MARZO-COMERTEL_page-0001.jpg 1600w\" sizes=\"(max-width: 451px) 100vw, 451px\" \/><\/a><\/p>\n<p><a href=\"https:\/\/blogsaverroes.juntadeandalucia.es\/ceipeltorreon\/files\/2026\/02\/RECOMENDACIONES-DE-CENA-MARZO_page-0001.jpg\" rel=\"prettyPhoto[4523]\"><img loading=\"lazy\" decoding=\"async\" class=\" wp-image-4525 aligncenter\" src=\"https:\/\/blogsaverroes.juntadeandalucia.es\/ceipeltorreon\/files\/2026\/02\/RECOMENDACIONES-DE-CENA-MARZO_page-0001-300x232.jpg\" alt=\"\" width=\"453\" height=\"351\" srcset=\"https:\/\/blogsaverroes.juntadeandalucia.es\/ceipeltorreon\/files\/2026\/02\/RECOMENDACIONES-DE-CENA-MARZO_page-0001-300x232.jpg 300w, https:\/\/blogsaverroes.juntadeandalucia.es\/ceipeltorreon\/files\/2026\/02\/RECOMENDACIONES-DE-CENA-MARZO_page-0001-1024x791.jpg 1024w, https:\/\/blogsaverroes.juntadeandalucia.es\/ceipeltorreon\/files\/2026\/02\/RECOMENDACIONES-DE-CENA-MARZO_page-0001-768x593.jpg 768w, https:\/\/blogsaverroes.juntadeandalucia.es\/ceipeltorreon\/files\/2026\/02\/RECOMENDACIONES-DE-CENA-MARZO_page-0001-1536x1187.jpg 1536w, https:\/\/blogsaverroes.juntadeandalucia.es\/ceipeltorreon\/files\/2026\/02\/RECOMENDACIONES-DE-CENA-MARZO_page-0001.jpg 1600w\" sizes=\"(max-width: 453px) 100vw, 453px\" \/><\/a><\/p>\n<p><a href=\"https:\/\/blogsaverroes.juntadeandalucia.es\/ceipeltorreon\/files\/2026\/02\/BASAL_MARZO-COMERTEL.pdf\">BASAL_MARZO COMERTEL<\/a><\/p>\n<p><a href=\"https:\/\/blogsaverroes.juntadeandalucia.es\/ceipeltorreon\/files\/2026\/02\/RECOMENDACIONES-DE-CENA-MARZO.pdf\">RECOMENDACIONES DE CENA MARZO<\/a><\/p>\n","protected":false},"excerpt":{"rendered":"<p>Aqu\u00ed os presentamos nuestro men\u00fa equilibrado de nuestro comedor escolar para el mes de marzo. Asimismo, como todos los meses, nuestras recomendaciones diarias nocturnas. Os lo presentamos tambi\u00e9n en formato pdf para que pod\u00e1is imprimirlos. &nbsp; BASAL_MARZO COMERTEL RECOMENDACIONES DE CENA MARZO<\/p>\n","protected":false},"author":10122,"featured_media":0,"comment_status":"closed","ping_status":"open","sticky":false,"template":"","format":"standard","meta":{"ngg_post_thumbnail":0,"footnotes":""},"categories":[25491,11909],"tags":[],"aioseo_notices":[],"_links":{"self":[{"href":"https:\/\/blogsaverroes.juntadeandalucia.es\/ceipeltorreon\/wp-json\/wp\/v2\/posts\/4523"}],"collection":[{"href":"https:\/\/blogsaverroes.juntadeandalucia.es\/ceipeltorreon\/wp-json\/wp\/v2\/posts"}],"about":[{"href":"https:\/\/blogsaverroes.juntadeandalucia.es\/ceipeltorreon\/wp-json\/wp\/v2\/types\/post"}],"author":[{"embeddable":true,"href":"https:\/\/blogsaverroes.juntadeandalucia.es\/ceipeltorreon\/wp-json\/wp\/v2\/users\/10122"}],"replies":[{"embeddable":true,"href":"https:\/\/blogsaverroes.juntadeandalucia.es\/ceipeltorreon\/wp-json\/wp\/v2\/comments?post=4523"}],"version-history":[{"count":3,"href":"https:\/\/blogsaverroes.juntadeandalucia.es\/ceipeltorreon\/wp-json\/wp\/v2\/posts\/4523\/revisions"}],"predecessor-version":[{"id":4535,"href":"https:\/\/blogsaverroes.juntadeandalucia.es\/ceipeltorreon\/wp-json\/wp\/v2\/posts\/4523\/revisions\/4535"}],"wp:attachment":[{"href":"https:\/\/blogsaverroes.juntadeandalucia.es\/ceipeltorreon\/wp-json\/wp\/v2\/media?parent=4523"}],"wp:term":[{"taxonomy":"category","embeddable":true,"href":"https:\/\/blogsaverroes.juntadeandalucia.es\/ceipeltorreon\/wp-json\/wp\/v2\/categories?post=4523"},{"taxonomy":"post_tag","embeddable":true,"href":"https:\/\/blogsaverroes.juntadeandalucia.es\/ceipeltorreon\/wp-json\/wp\/v2\/tags?post=4523"}],"curies":[{"name":"wp","href":"https:\/\/api.w.org\/{rel}","templated":true}]}}