{"id":2482,"date":"2016-10-30T21:53:22","date_gmt":"2016-10-30T21:53:22","guid":{"rendered":"http:\/\/blogsaverroes.juntadeandalucia.es\/ceipelzargal\/?p=2482"},"modified":"2017-05-14T17:16:14","modified_gmt":"2017-05-14T17:16:14","slug":"2482","status":"publish","type":"post","link":"https:\/\/blogsaverroes.juntadeandalucia.es\/ceipelzargal\/2016\/10\/30\/2482\/","title":{"rendered":"Programa Pr\u00e1cticum"},"content":{"rendered":"<h3><a href=\"http:\/\/blogsaverroes.juntadeandalucia.es\/ceipelzargal\/files\/2016\/10\/Practicum.jpg\"><img loading=\"lazy\" decoding=\"async\" class=\"aligncenter size-large wp-image-2483\" src=\"http:\/\/blogsaverroes.juntadeandalucia.es\/ceipelzargal\/files\/2016\/10\/Practicum-1024x561.jpg\" alt=\"Practicum EL ZARGAL\" width=\"660\" height=\"362\" srcset=\"https:\/\/blogsaverroes.juntadeandalucia.es\/ceipelzargal\/files\/2016\/10\/Practicum-1024x561.jpg 1024w, https:\/\/blogsaverroes.juntadeandalucia.es\/ceipelzargal\/files\/2016\/10\/Practicum-300x164.jpg 300w, https:\/\/blogsaverroes.juntadeandalucia.es\/ceipelzargal\/files\/2016\/10\/Practicum-700x383.jpg 700w, https:\/\/blogsaverroes.juntadeandalucia.es\/ceipelzargal\/files\/2016\/10\/Practicum.jpg 1591w\" sizes=\"(max-width: 660px) 100vw, 660px\" \/><\/a><\/h3>\n<h3><strong>UGR<\/strong><\/h3>\n<p>El\u00a0<strong>PR\u00c1CTICUM<\/strong>, tiene como misi\u00f3n la organizaci\u00f3n, implementaci\u00f3n y evaluaci\u00f3n de las Pr\u00e1cticas Externas del alumnado de los diferentes grados. Para ello, contamos con la red de Coordinadores\/as y Tutores\/as acad\u00e9micos de nuestra Facultad, as\u00ed como con la red de Centros de los diferentes \u00e1mbitos: educativos, sociales, socio-laborales, socio-comunitarios\u2026.etc., en los que se desarrolla el Pr\u00e1cticum, junto con sus Coordinadores\/as y Tutores\/as profesionales.<\/p>\n<p>Para una visi\u00f3n completa del Pr\u00e1cticum descarga los siguientes pdf de\u00a0<a href=\"http:\/\/fcce.practicaseducacion.es\/documentos\/folleto_primaria_FINAL.pdf\">Primaria<\/a>,\u00a0<a href=\"http:\/\/fcce.practicaseducacion.es\/documentos\/folleto_infantil_FINAL.pdf\">Infantil<\/a>,<\/p>\n<p><a href=\"http:\/\/fcce.practicaseducacion.es\/index.php?option=com_rsfiles&amp;layout=download&amp;path=Normativa%2F070716+PRACTICUM_NORMATIVA_ORGANIZACION.pdf&amp;Itemid=116\">Normativa de Organizaci\u00f3n del Pr\u00e1cticum<\/a><\/p>\n<h3><strong>CM LA INMACULADA<\/strong><\/h3>\n<p>El Pr\u00e1cticum constituye la columna vertebral en la formaci\u00f3n inicial en Grado de maestro en Educaci\u00f3n Infantil y Educaci\u00f3n Primaria. Con este ciclo de Encuentros Educativos dise\u00f1ados para los estudiantes del Pr\u00e1cticum del Centro de Magisterio La Inmaculada deseamos colaborar y evidenciar las conexiones entre teor\u00eda y pr\u00e1ctica. Los Encuentros Educativos son espacios pensados para descubrir lo que significa \u2018educar\u2019 para la formaci\u00f3n inicial del profesorado de las pr\u00f3ximas d\u00e9cadas.<\/p>\n<p>La riqueza del aprendizaje durante el periodo de las pr\u00e1cticas en los distintos centros educativos, depende tanto del valor formativo de lo vivido, como de la reflexi\u00f3n. Reflexionar no es simplemente contar la experiencia sino, justamente, ser capaz de llegar m\u00e1s all\u00e1, saber decodificarla, referenciarla, valorarla e integrarla personal y colectivamente en los esquemas cognitivos y vitales.<\/p>\n<p>La formaci\u00f3n integral debe ser una exigencia y una pasi\u00f3n de los maestros por dejar un mundo m\u00e1s humano, m\u00e1s justo y m\u00e1s solidario a las generaciones que nos siguen<\/p>\n","protected":false},"excerpt":{"rendered":"<p>UGR El\u00a0PR\u00c1CTICUM, tiene como misi\u00f3n la organizaci\u00f3n, implementaci\u00f3n y evaluaci\u00f3n de las Pr\u00e1cticas Externas del alumnado de los diferentes grados. Para ello, contamos con la red de Coordinadores\/as y Tutores\/as acad\u00e9micos de nuestra Facultad, as\u00ed como con la red de Centros de los diferentes \u00e1mbitos: educativos, sociales, socio-laborales, socio-comunitarios\u2026.etc., en los que se desarrolla el [&hellip;]<\/p>\n","protected":false},"author":3843,"featured_media":2483,"comment_status":"open","ping_status":"open","sticky":false,"template":"","format":"standard","meta":{"ngg_post_thumbnail":0,"footnotes":""},"categories":[526],"tags":[1429],"aioseo_notices":[],"_links":{"self":[{"href":"https:\/\/blogsaverroes.juntadeandalucia.es\/ceipelzargal\/wp-json\/wp\/v2\/posts\/2482"}],"collection":[{"href":"https:\/\/blogsaverroes.juntadeandalucia.es\/ceipelzargal\/wp-json\/wp\/v2\/posts"}],"about":[{"href":"https:\/\/blogsaverroes.juntadeandalucia.es\/ceipelzargal\/wp-json\/wp\/v2\/types\/post"}],"author":[{"embeddable":true,"href":"https:\/\/blogsaverroes.juntadeandalucia.es\/ceipelzargal\/wp-json\/wp\/v2\/users\/3843"}],"replies":[{"embeddable":true,"href":"https:\/\/blogsaverroes.juntadeandalucia.es\/ceipelzargal\/wp-json\/wp\/v2\/comments?post=2482"}],"version-history":[{"count":3,"href":"https:\/\/blogsaverroes.juntadeandalucia.es\/ceipelzargal\/wp-json\/wp\/v2\/posts\/2482\/revisions"}],"predecessor-version":[{"id":2486,"href":"https:\/\/blogsaverroes.juntadeandalucia.es\/ceipelzargal\/wp-json\/wp\/v2\/posts\/2482\/revisions\/2486"}],"wp:featuredmedia":[{"embeddable":true,"href":"https:\/\/blogsaverroes.juntadeandalucia.es\/ceipelzargal\/wp-json\/wp\/v2\/media\/2483"}],"wp:attachment":[{"href":"https:\/\/blogsaverroes.juntadeandalucia.es\/ceipelzargal\/wp-json\/wp\/v2\/media?parent=2482"}],"wp:term":[{"taxonomy":"category","embeddable":true,"href":"https:\/\/blogsaverroes.juntadeandalucia.es\/ceipelzargal\/wp-json\/wp\/v2\/categories?post=2482"},{"taxonomy":"post_tag","embeddable":true,"href":"https:\/\/blogsaverroes.juntadeandalucia.es\/ceipelzargal\/wp-json\/wp\/v2\/tags?post=2482"}],"curies":[{"name":"wp","href":"https:\/\/api.w.org\/{rel}","templated":true}]}}