{"id":2960,"date":"2017-01-31T19:57:06","date_gmt":"2017-01-31T19:57:06","guid":{"rendered":"http:\/\/blogsaverroes.juntadeandalucia.es\/ceipelzargal\/?p=2960"},"modified":"2017-05-14T17:10:38","modified_gmt":"2017-05-14T17:10:38","slug":"se-buscan-valientes","status":"publish","type":"post","link":"https:\/\/blogsaverroes.juntadeandalucia.es\/ceipelzargal\/2017\/01\/31\/se-buscan-valientes\/","title":{"rendered":"Se buscan valientes"},"content":{"rendered":"<p><a href=\"http:\/\/blogsaverroes.juntadeandalucia.es\/ceipelzargal\/files\/2017\/01\/Se-buscan-valientes.jpg\"><img loading=\"lazy\" decoding=\"async\" class=\"alignleft wp-image-2962 size-medium\" src=\"http:\/\/blogsaverroes.juntadeandalucia.es\/ceipelzargal\/files\/2017\/01\/Se-buscan-valientes-300x86.jpg\" alt=\"Se buscan valientes\" width=\"300\" height=\"86\" srcset=\"https:\/\/blogsaverroes.juntadeandalucia.es\/ceipelzargal\/files\/2017\/01\/Se-buscan-valientes-300x86.jpg 300w, https:\/\/blogsaverroes.juntadeandalucia.es\/ceipelzargal\/files\/2017\/01\/Se-buscan-valientes-24x7.jpg 24w, https:\/\/blogsaverroes.juntadeandalucia.es\/ceipelzargal\/files\/2017\/01\/Se-buscan-valientes-36x10.jpg 36w, https:\/\/blogsaverroes.juntadeandalucia.es\/ceipelzargal\/files\/2017\/01\/Se-buscan-valientes-48x14.jpg 48w, https:\/\/blogsaverroes.juntadeandalucia.es\/ceipelzargal\/files\/2017\/01\/Se-buscan-valientes.jpg 617w\" sizes=\"(max-width: 300px) 100vw, 300px\" \/><\/a>Haz clic sobre el enlace m\u00e1s bajo y podr\u00e1s ver el v\u00eddeo con el rap contra el acoso escolar.<\/p>\n<h2><a href=\"http:\/\/blogsaverroes.juntadeandalucia.es\/ceipelzargal\/files\/2017\/01\/El-Langui-SE-BUSCAN-VALIENTES.mp4\">\u00a1 Se buscan valientes !<\/a><\/h2>\n","protected":false},"excerpt":{"rendered":"<p>Haz clic sobre el enlace m\u00e1s bajo y podr\u00e1s ver el v\u00eddeo con el rap contra el acoso escolar. \u00a1 Se buscan valientes !<\/p>\n","protected":false},"author":3843,"featured_media":2974,"comment_status":"open","ping_status":"open","sticky":false,"template":"","format":"standard","meta":{"ngg_post_thumbnail":0,"footnotes":""},"categories":[526],"tags":[5166,4956],"aioseo_notices":[],"_links":{"self":[{"href":"https:\/\/blogsaverroes.juntadeandalucia.es\/ceipelzargal\/wp-json\/wp\/v2\/posts\/2960"}],"collection":[{"href":"https:\/\/blogsaverroes.juntadeandalucia.es\/ceipelzargal\/wp-json\/wp\/v2\/posts"}],"about":[{"href":"https:\/\/blogsaverroes.juntadeandalucia.es\/ceipelzargal\/wp-json\/wp\/v2\/types\/post"}],"author":[{"embeddable":true,"href":"https:\/\/blogsaverroes.juntadeandalucia.es\/ceipelzargal\/wp-json\/wp\/v2\/users\/3843"}],"replies":[{"embeddable":true,"href":"https:\/\/blogsaverroes.juntadeandalucia.es\/ceipelzargal\/wp-json\/wp\/v2\/comments?post=2960"}],"version-history":[{"count":11,"href":"https:\/\/blogsaverroes.juntadeandalucia.es\/ceipelzargal\/wp-json\/wp\/v2\/posts\/2960\/revisions"}],"predecessor-version":[{"id":2963,"href":"https:\/\/blogsaverroes.juntadeandalucia.es\/ceipelzargal\/wp-json\/wp\/v2\/posts\/2960\/revisions\/2963"}],"wp:featuredmedia":[{"embeddable":true,"href":"https:\/\/blogsaverroes.juntadeandalucia.es\/ceipelzargal\/wp-json\/wp\/v2\/media\/2974"}],"wp:attachment":[{"href":"https:\/\/blogsaverroes.juntadeandalucia.es\/ceipelzargal\/wp-json\/wp\/v2\/media?parent=2960"}],"wp:term":[{"taxonomy":"category","embeddable":true,"href":"https:\/\/blogsaverroes.juntadeandalucia.es\/ceipelzargal\/wp-json\/wp\/v2\/categories?post=2960"},{"taxonomy":"post_tag","embeddable":true,"href":"https:\/\/blogsaverroes.juntadeandalucia.es\/ceipelzargal\/wp-json\/wp\/v2\/tags?post=2960"}],"curies":[{"name":"wp","href":"https:\/\/api.w.org\/{rel}","templated":true}]}}