{"id":2999,"date":"2017-02-06T19:00:34","date_gmt":"2017-02-06T19:00:34","guid":{"rendered":"http:\/\/blogsaverroes.juntadeandalucia.es\/ceipelzargal\/?p=2999"},"modified":"2017-05-14T17:10:03","modified_gmt":"2017-05-14T17:10:03","slug":"charla-sobre-nutricion","status":"publish","type":"post","link":"https:\/\/blogsaverroes.juntadeandalucia.es\/ceipelzargal\/2017\/02\/06\/charla-sobre-nutricion\/","title":{"rendered":"Charla sobre nutrici\u00f3n"},"content":{"rendered":"<h2 class=\"event-title summary\"><img decoding=\"async\" class=\"category-icon\" src=\"http:\/\/blogsaverroes.juntadeandalucia.es\/ceipelzargal\/wp-content\/plugins\/my-calendar\/images\/icons\/appointment.png\" alt=\"Categor\u00eda: Planes\/Programas\" \/> Charla sobre nutrici\u00f3n<\/h2>\n<div id=\"mc_142-10-single-details\" class=\"details has-image\"><span class=\"event-time dtstart value-title\" title=\"2017-02-10T21:30:00\">9:30 pm<span class=\"time-separator\"> &#8211; <\/span><span class=\"end-time dtend value-title\" title=\"2017-02-10T22:45:00\">10:45 pm<\/span><\/span><\/p>\n<div class=\"sub-details\">\n<div class=\"mc-description\">\n<p style=\"text-align: justify\"><a href=\"http:\/\/blogsaverroes.juntadeandalucia.es\/ceipelzargal\/files\/2017\/02\/CARTEL-NUTRICI%C3%93N.jpg\"><img loading=\"lazy\" decoding=\"async\" class=\"alignleft size-medium wp-image-2997\" src=\"http:\/\/blogsaverroes.juntadeandalucia.es\/ceipelzargal\/files\/2017\/02\/CARTEL-NUTRICI%C3%93N-212x300.jpg\" alt=\"Charla nutrici\u00f3n\" width=\"212\" height=\"300\" \/><\/a>El pr\u00f3ximo viernes d\u00eda 10 de febrero de 2017 la nutricionista D\u00aa. Irene Palma, nos ofrecer\u00e1 una charla sobre nutrici\u00f3n titulada:<\/p>\n<h3><strong>\u00abEnse\u00f1a a comer, ense\u00f1a a crecer\u00bb<\/strong><\/h3>\n<p style=\"text-align: justify\">Los carteles indican a las 09:00, pero no os preocup\u00e9is que daremos un margen a las madres que acudan algo despu\u00e9s desde el colegio de arriba.<\/p>\n<\/div>\n<\/div>\n<\/div>\n","protected":false},"excerpt":{"rendered":"<p>Charla sobre nutrici\u00f3n 9:30 pm &#8211; 10:45 pm El pr\u00f3ximo viernes d\u00eda 10 de febrero de 2017 la nutricionista D\u00aa. Irene Palma, nos ofrecer\u00e1 una charla sobre nutrici\u00f3n titulada: \u00abEnse\u00f1a a comer, ense\u00f1a a crecer\u00bb Los carteles indican a las 09:00, pero no os preocup\u00e9is que daremos un margen a las madres que acudan algo [&hellip;]<\/p>\n","protected":false},"author":3843,"featured_media":2997,"comment_status":"open","ping_status":"open","sticky":false,"template":"","format":"standard","meta":{"ngg_post_thumbnail":0,"footnotes":""},"categories":[526,28259],"tags":[19,4956,1429],"aioseo_notices":[],"_links":{"self":[{"href":"https:\/\/blogsaverroes.juntadeandalucia.es\/ceipelzargal\/wp-json\/wp\/v2\/posts\/2999"}],"collection":[{"href":"https:\/\/blogsaverroes.juntadeandalucia.es\/ceipelzargal\/wp-json\/wp\/v2\/posts"}],"about":[{"href":"https:\/\/blogsaverroes.juntadeandalucia.es\/ceipelzargal\/wp-json\/wp\/v2\/types\/post"}],"author":[{"embeddable":true,"href":"https:\/\/blogsaverroes.juntadeandalucia.es\/ceipelzargal\/wp-json\/wp\/v2\/users\/3843"}],"replies":[{"embeddable":true,"href":"https:\/\/blogsaverroes.juntadeandalucia.es\/ceipelzargal\/wp-json\/wp\/v2\/comments?post=2999"}],"version-history":[{"count":3,"href":"https:\/\/blogsaverroes.juntadeandalucia.es\/ceipelzargal\/wp-json\/wp\/v2\/posts\/2999\/revisions"}],"predecessor-version":[{"id":3004,"href":"https:\/\/blogsaverroes.juntadeandalucia.es\/ceipelzargal\/wp-json\/wp\/v2\/posts\/2999\/revisions\/3004"}],"wp:featuredmedia":[{"embeddable":true,"href":"https:\/\/blogsaverroes.juntadeandalucia.es\/ceipelzargal\/wp-json\/wp\/v2\/media\/2997"}],"wp:attachment":[{"href":"https:\/\/blogsaverroes.juntadeandalucia.es\/ceipelzargal\/wp-json\/wp\/v2\/media?parent=2999"}],"wp:term":[{"taxonomy":"category","embeddable":true,"href":"https:\/\/blogsaverroes.juntadeandalucia.es\/ceipelzargal\/wp-json\/wp\/v2\/categories?post=2999"},{"taxonomy":"post_tag","embeddable":true,"href":"https:\/\/blogsaverroes.juntadeandalucia.es\/ceipelzargal\/wp-json\/wp\/v2\/tags?post=2999"}],"curies":[{"name":"wp","href":"https:\/\/api.w.org\/{rel}","templated":true}]}}