{"id":3947,"date":"2018-06-15T16:30:18","date_gmt":"2018-06-15T16:30:18","guid":{"rendered":"https:\/\/blogsaverroes.juntadeandalucia.es\/ceipelzargal\/?p=3947"},"modified":"2018-06-15T16:30:18","modified_gmt":"2018-06-15T16:30:18","slug":"programa-fin-de-curso","status":"publish","type":"post","link":"https:\/\/blogsaverroes.juntadeandalucia.es\/ceipelzargal\/2018\/06\/15\/programa-fin-de-curso\/","title":{"rendered":"PROGRAMA FIN DE CURSO"},"content":{"rendered":"<p>A continuaci\u00f3n se ofrece el programa de las actuaciones de fin de curso y graduaci\u00f3n de Educaci\u00f3n Infantil (5 a\u00f1os) y Educaci\u00f3n Primaria (6\u00ba curso).<\/p>\n<p><img loading=\"lazy\" decoding=\"async\" class=\"aligncenter wp-image-3949 size-large\" src=\"https:\/\/blogsaverroes.juntadeandalucia.es\/ceipelzargal\/files\/2018\/06\/PROGRAMA-FIESTA-FIN-CURSO-2018_Page_1-1024x724.jpeg\" alt=\"\" width=\"660\" height=\"467\" srcset=\"https:\/\/blogsaverroes.juntadeandalucia.es\/ceipelzargal\/files\/2018\/06\/PROGRAMA-FIESTA-FIN-CURSO-2018_Page_1-1024x724.jpeg 1024w, https:\/\/blogsaverroes.juntadeandalucia.es\/ceipelzargal\/files\/2018\/06\/PROGRAMA-FIESTA-FIN-CURSO-2018_Page_1-300x212.jpeg 300w, https:\/\/blogsaverroes.juntadeandalucia.es\/ceipelzargal\/files\/2018\/06\/PROGRAMA-FIESTA-FIN-CURSO-2018_Page_1-768x543.jpeg 768w, https:\/\/blogsaverroes.juntadeandalucia.es\/ceipelzargal\/files\/2018\/06\/PROGRAMA-FIESTA-FIN-CURSO-2018_Page_1-700x495.jpeg 700w, https:\/\/blogsaverroes.juntadeandalucia.es\/ceipelzargal\/files\/2018\/06\/PROGRAMA-FIESTA-FIN-CURSO-2018_Page_1-24x17.jpeg 24w, https:\/\/blogsaverroes.juntadeandalucia.es\/ceipelzargal\/files\/2018\/06\/PROGRAMA-FIESTA-FIN-CURSO-2018_Page_1-36x25.jpeg 36w, https:\/\/blogsaverroes.juntadeandalucia.es\/ceipelzargal\/files\/2018\/06\/PROGRAMA-FIESTA-FIN-CURSO-2018_Page_1-48x34.jpeg 48w, https:\/\/blogsaverroes.juntadeandalucia.es\/ceipelzargal\/files\/2018\/06\/PROGRAMA-FIESTA-FIN-CURSO-2018_Page_1.jpeg 1122w\" sizes=\"(max-width: 660px) 100vw, 660px\" \/><\/p>\n<p><img loading=\"lazy\" decoding=\"async\" class=\"aligncenter wp-image-3950 size-large\" src=\"https:\/\/blogsaverroes.juntadeandalucia.es\/ceipelzargal\/files\/2018\/06\/PROGRAMA-FIESTA-FIN-CURSO-2018_Page_2-1024x724.jpeg\" alt=\"\" width=\"660\" height=\"467\" srcset=\"https:\/\/blogsaverroes.juntadeandalucia.es\/ceipelzargal\/files\/2018\/06\/PROGRAMA-FIESTA-FIN-CURSO-2018_Page_2-1024x724.jpeg 1024w, https:\/\/blogsaverroes.juntadeandalucia.es\/ceipelzargal\/files\/2018\/06\/PROGRAMA-FIESTA-FIN-CURSO-2018_Page_2-300x212.jpeg 300w, https:\/\/blogsaverroes.juntadeandalucia.es\/ceipelzargal\/files\/2018\/06\/PROGRAMA-FIESTA-FIN-CURSO-2018_Page_2-768x543.jpeg 768w, https:\/\/blogsaverroes.juntadeandalucia.es\/ceipelzargal\/files\/2018\/06\/PROGRAMA-FIESTA-FIN-CURSO-2018_Page_2-700x495.jpeg 700w, https:\/\/blogsaverroes.juntadeandalucia.es\/ceipelzargal\/files\/2018\/06\/PROGRAMA-FIESTA-FIN-CURSO-2018_Page_2-24x17.jpeg 24w, https:\/\/blogsaverroes.juntadeandalucia.es\/ceipelzargal\/files\/2018\/06\/PROGRAMA-FIESTA-FIN-CURSO-2018_Page_2-36x25.jpeg 36w, https:\/\/blogsaverroes.juntadeandalucia.es\/ceipelzargal\/files\/2018\/06\/PROGRAMA-FIESTA-FIN-CURSO-2018_Page_2-48x34.jpeg 48w, https:\/\/blogsaverroes.juntadeandalucia.es\/ceipelzargal\/files\/2018\/06\/PROGRAMA-FIESTA-FIN-CURSO-2018_Page_2.jpeg 1122w\" sizes=\"(max-width: 660px) 100vw, 660px\" \/><\/p>\n","protected":false},"excerpt":{"rendered":"<p>A continuaci\u00f3n se ofrece el programa de las actuaciones de fin de curso y graduaci\u00f3n de Educaci\u00f3n Infantil (5 a\u00f1os) y Educaci\u00f3n Primaria (6\u00ba curso).<\/p>\n","protected":false},"author":3817,"featured_media":3948,"comment_status":"closed","ping_status":"open","sticky":false,"template":"","format":"standard","meta":{"ngg_post_thumbnail":0,"footnotes":""},"categories":[526],"tags":[911474,19,911471,4956],"aioseo_notices":[],"_links":{"self":[{"href":"https:\/\/blogsaverroes.juntadeandalucia.es\/ceipelzargal\/wp-json\/wp\/v2\/posts\/3947"}],"collection":[{"href":"https:\/\/blogsaverroes.juntadeandalucia.es\/ceipelzargal\/wp-json\/wp\/v2\/posts"}],"about":[{"href":"https:\/\/blogsaverroes.juntadeandalucia.es\/ceipelzargal\/wp-json\/wp\/v2\/types\/post"}],"author":[{"embeddable":true,"href":"https:\/\/blogsaverroes.juntadeandalucia.es\/ceipelzargal\/wp-json\/wp\/v2\/users\/3817"}],"replies":[{"embeddable":true,"href":"https:\/\/blogsaverroes.juntadeandalucia.es\/ceipelzargal\/wp-json\/wp\/v2\/comments?post=3947"}],"version-history":[{"count":1,"href":"https:\/\/blogsaverroes.juntadeandalucia.es\/ceipelzargal\/wp-json\/wp\/v2\/posts\/3947\/revisions"}],"predecessor-version":[{"id":3951,"href":"https:\/\/blogsaverroes.juntadeandalucia.es\/ceipelzargal\/wp-json\/wp\/v2\/posts\/3947\/revisions\/3951"}],"wp:featuredmedia":[{"embeddable":true,"href":"https:\/\/blogsaverroes.juntadeandalucia.es\/ceipelzargal\/wp-json\/wp\/v2\/media\/3948"}],"wp:attachment":[{"href":"https:\/\/blogsaverroes.juntadeandalucia.es\/ceipelzargal\/wp-json\/wp\/v2\/media?parent=3947"}],"wp:term":[{"taxonomy":"category","embeddable":true,"href":"https:\/\/blogsaverroes.juntadeandalucia.es\/ceipelzargal\/wp-json\/wp\/v2\/categories?post=3947"},{"taxonomy":"post_tag","embeddable":true,"href":"https:\/\/blogsaverroes.juntadeandalucia.es\/ceipelzargal\/wp-json\/wp\/v2\/tags?post=3947"}],"curies":[{"name":"wp","href":"https:\/\/api.w.org\/{rel}","templated":true}]}}