{"id":2617,"date":"2021-12-10T12:06:11","date_gmt":"2021-12-10T12:06:11","guid":{"rendered":"https:\/\/blogsaverroes.juntadeandalucia.es\/ceipenebral\/?p=2617"},"modified":"2021-12-10T12:10:18","modified_gmt":"2021-12-10T12:10:18","slug":"se-acerca-la-navidad","status":"publish","type":"post","link":"https:\/\/blogsaverroes.juntadeandalucia.es\/ceipenebral\/se-acerca-la-navidad\/","title":{"rendered":"Se acerca la Navidad&#8230;"},"content":{"rendered":"<p>En Navidad la m\u00fasica nos rodea constantemente.&nbsp; Todo el d\u00eda estamos escuchando y cantando villancicos. Por eso nos hemos hecho una pregunta:<\/p>\n<p>&nbsp;<\/p>\n<p><strong>\u00bfCu\u00e1l es tu villancico favorito? \u00bfTe atreves a cant\u00e1rnoslo? <\/strong><\/p>\n<p><strong>&nbsp;<\/strong><\/p>\n<p>Si quieres compartir tu ilusi\u00f3n navide\u00f1a con toda la familia del Enebral, graba un v\u00eddeo cantando tu villancico, solo\/a o acompa\u00f1ado\/a de amigos, amigas &nbsp;o familiares.<\/p>\n<p>Luego los subiremos a nuestro Facebook para que todo el mundo pueda disfrutarlo.<\/p>\n<p><strong>Env\u00edalo al whatsapp &nbsp;671560632<\/strong><\/p>\n<p>\u00a1\u00a1Y Feliz Navidad!!<\/p>\n","protected":false},"excerpt":{"rendered":"<p>En Navidad la m\u00fasica nos rodea constantemente.&nbsp; Todo el d\u00eda estamos escuchando y cantando villancicos. Por eso nos hemos hecho una pregunta: &nbsp; \u00bfCu\u00e1l es tu villancico favorito? \u00bfTe atreves a cant\u00e1rnoslo? &nbsp; Si&#46;&#46;&#46;<\/p>\n","protected":false},"author":11409,"featured_media":0,"comment_status":"open","ping_status":"open","sticky":false,"template":"","format":"standard","meta":{"ngg_post_thumbnail":0,"footnotes":""},"categories":[526],"tags":[],"aioseo_notices":[],"_links":{"self":[{"href":"https:\/\/blogsaverroes.juntadeandalucia.es\/ceipenebral\/wp-json\/wp\/v2\/posts\/2617"}],"collection":[{"href":"https:\/\/blogsaverroes.juntadeandalucia.es\/ceipenebral\/wp-json\/wp\/v2\/posts"}],"about":[{"href":"https:\/\/blogsaverroes.juntadeandalucia.es\/ceipenebral\/wp-json\/wp\/v2\/types\/post"}],"author":[{"embeddable":true,"href":"https:\/\/blogsaverroes.juntadeandalucia.es\/ceipenebral\/wp-json\/wp\/v2\/users\/11409"}],"replies":[{"embeddable":true,"href":"https:\/\/blogsaverroes.juntadeandalucia.es\/ceipenebral\/wp-json\/wp\/v2\/comments?post=2617"}],"version-history":[{"count":1,"href":"https:\/\/blogsaverroes.juntadeandalucia.es\/ceipenebral\/wp-json\/wp\/v2\/posts\/2617\/revisions"}],"predecessor-version":[{"id":2618,"href":"https:\/\/blogsaverroes.juntadeandalucia.es\/ceipenebral\/wp-json\/wp\/v2\/posts\/2617\/revisions\/2618"}],"wp:attachment":[{"href":"https:\/\/blogsaverroes.juntadeandalucia.es\/ceipenebral\/wp-json\/wp\/v2\/media?parent=2617"}],"wp:term":[{"taxonomy":"category","embeddable":true,"href":"https:\/\/blogsaverroes.juntadeandalucia.es\/ceipenebral\/wp-json\/wp\/v2\/categories?post=2617"},{"taxonomy":"post_tag","embeddable":true,"href":"https:\/\/blogsaverroes.juntadeandalucia.es\/ceipenebral\/wp-json\/wp\/v2\/tags?post=2617"}],"curies":[{"name":"wp","href":"https:\/\/api.w.org\/{rel}","templated":true}]}}