{"id":4839,"date":"2021-02-10T20:28:54","date_gmt":"2021-02-10T19:28:54","guid":{"rendered":"https:\/\/blogsaverroes.juntadeandalucia.es\/ceipeuropamontequinto\/?p=4839"},"modified":"2021-02-10T20:35:08","modified_gmt":"2021-02-10T19:35:08","slug":"4839","status":"publish","type":"post","link":"https:\/\/blogsaverroes.juntadeandalucia.es\/ceipeuropamontequinto\/2021\/02\/10\/4839\/","title":{"rendered":"Actividades del 11 de febrero: D\u00eda Internacional de la mujer y la ni\u00f1a en la ciencia"},"content":{"rendered":"<div dir=\"auto\">El alumnado de 6\u00b0 ha navegado por internet para descubrir mujeres que fueron las primeras en alg\u00fan \u00e1mbito de la Ciencia, Medicina o Tecnolog\u00eda., mujeres que no lo tuvieron f\u00e1cil, sin embargo, su persistencia y tenacidad las llevaron a cumplir sus sue\u00f1os y mejorar nuestras vidas. \u00a1Ha sido un trabajo muy interesante!<\/div>\n<div dir=\"auto\">Tambi\u00e9n hemos contado con Silvia Salas, profesora de Gen\u00e9tica de la Universidad Pablo de Olavide e investigadora en el Centro Andaluz de Biolog\u00eda del Desarrollo (CABD) , adem\u00e1s de ejercer su trabajo con pasi\u00f3n, es madre de dos alumnos de nuestro cole y otro ex alumno de 1\u00b0 de ESO. El alumnado y profesorado de 5\u00ba y 6\u00ba hemos tenido el placer de asistir a una charla online muy did\u00e1ctica e interesante sobre \u201cCient\u00edficas sobresalientes en la lucha contra el Covid-19\u201d. Ya sabemos un poco m\u00e1s sobre el covid y las vacunas. Adem\u00e1s, seguro que a m\u00e1s de una y de uno se le ha despertado el inter\u00e9s por la Ciencia.<\/div>\n<div dir=\"auto\">Os dejamos los videos de esta actividad.<\/div>\n<div dir=\"auto\">\n<p><strong><a href=\"https:\/\/www.facebook.com\/ceip.europa.montequinto\/videos\/3641653192589558\">Video de la actividad realizada<\/a><\/strong><\/p>\n<p><strong><a href=\"https:\/\/drive.google.com\/file\/d\/1dhyQAyRBfC7cN1jtWcXVT4IdrXnoC8xn\/view?usp=sharing\">Presentaci\u00f3n 11-F al alumnado del 3\u00ba ciclo CEIP Europa<\/a><\/strong><\/p>\n<p><strong><a href=\"https:\/\/drive.google.com\/file\/d\/1L3Zwd5if29odbIZK3Rucj_gjZVFcFDzi\/view?usp=sharing\">Video cient\u00edficas de la UPO: D\u00eda Internacional de la mujer y la ni\u00f1a en la ciencia<\/a><\/strong><\/p>\n<\/div>\n<div dir=\"auto\">&nbsp;<\/div>\n<div dir=\"auto\">&nbsp;<\/div>\n","protected":false},"excerpt":{"rendered":"<p>El alumnado de 6\u00b0 ha navegado por internet para descubrir mujeres que fueron las primeras en alg\u00fan \u00e1mbito de la Ciencia, Medicina o Tecnolog\u00eda., mujeres que no lo tuvieron f\u00e1cil, sin embargo, su persistencia&#46;&#46;&#46;<\/p>\n","protected":false},"author":3791,"featured_media":4840,"comment_status":"open","ping_status":"open","sticky":false,"template":"","format":"standard","meta":{"ngg_post_thumbnail":0,"footnotes":""},"categories":[5991,959803,959804],"tags":[],"aioseo_notices":[],"_links":{"self":[{"href":"https:\/\/blogsaverroes.juntadeandalucia.es\/ceipeuropamontequinto\/wp-json\/wp\/v2\/posts\/4839"}],"collection":[{"href":"https:\/\/blogsaverroes.juntadeandalucia.es\/ceipeuropamontequinto\/wp-json\/wp\/v2\/posts"}],"about":[{"href":"https:\/\/blogsaverroes.juntadeandalucia.es\/ceipeuropamontequinto\/wp-json\/wp\/v2\/types\/post"}],"author":[{"embeddable":true,"href":"https:\/\/blogsaverroes.juntadeandalucia.es\/ceipeuropamontequinto\/wp-json\/wp\/v2\/users\/3791"}],"replies":[{"embeddable":true,"href":"https:\/\/blogsaverroes.juntadeandalucia.es\/ceipeuropamontequinto\/wp-json\/wp\/v2\/comments?post=4839"}],"version-history":[{"count":4,"href":"https:\/\/blogsaverroes.juntadeandalucia.es\/ceipeuropamontequinto\/wp-json\/wp\/v2\/posts\/4839\/revisions"}],"predecessor-version":[{"id":4844,"href":"https:\/\/blogsaverroes.juntadeandalucia.es\/ceipeuropamontequinto\/wp-json\/wp\/v2\/posts\/4839\/revisions\/4844"}],"wp:featuredmedia":[{"embeddable":true,"href":"https:\/\/blogsaverroes.juntadeandalucia.es\/ceipeuropamontequinto\/wp-json\/wp\/v2\/media\/4840"}],"wp:attachment":[{"href":"https:\/\/blogsaverroes.juntadeandalucia.es\/ceipeuropamontequinto\/wp-json\/wp\/v2\/media?parent=4839"}],"wp:term":[{"taxonomy":"category","embeddable":true,"href":"https:\/\/blogsaverroes.juntadeandalucia.es\/ceipeuropamontequinto\/wp-json\/wp\/v2\/categories?post=4839"},{"taxonomy":"post_tag","embeddable":true,"href":"https:\/\/blogsaverroes.juntadeandalucia.es\/ceipeuropamontequinto\/wp-json\/wp\/v2\/tags?post=4839"}],"curies":[{"name":"wp","href":"https:\/\/api.w.org\/{rel}","templated":true}]}}