{"id":6662,"date":"2024-02-13T18:15:38","date_gmt":"2024-02-13T17:15:38","guid":{"rendered":"https:\/\/blogsaverroes.juntadeandalucia.es\/ceipeuropamontequinto\/?p=6662"},"modified":"2024-02-13T18:17:36","modified_gmt":"2024-02-13T17:17:36","slug":"dia-de-la-mujer-y-la-nina-en-la-ciencia","status":"publish","type":"post","link":"https:\/\/blogsaverroes.juntadeandalucia.es\/ceipeuropamontequinto\/2024\/02\/13\/dia-de-la-mujer-y-la-nina-en-la-ciencia\/","title":{"rendered":"D\u00cdA DE LA MUJER Y LA NI\u00d1A EN LA CIENCIA"},"content":{"rendered":"<p>Este a\u00f1o en nuestro cole, para conmemorar este d\u00eda, tenemos la gran suerte de contar con 4 cient\u00edficas que har\u00e1n talleres para todos los ni\u00f1os y ni\u00f1as de nuestro cole.<\/p>\n<p>Contaremos con Roc\u00edo Carabias y Ver\u00f3nica Salcedo, para los cursos de Infantil y del Primer Ciclo de Primaria, y con Silvia Salas y Ana Bastos para el Segundo y Tercer Ciclo.<\/p>\n<p>Los talleres se celebrar\u00e1n el mi\u00e9rcoles d\u00eda 14 de febrero.&nbsp;<\/p>\n<p>\u00a1\u00a1Estamos deseando vivir la experiencia!!<\/p>\n<p>Muchas gracias a estas mam\u00e1s cient\u00edficas tan generosas<\/p>\n<p><img loading=\"lazy\" decoding=\"async\" class=\"aligncenter size-medium wp-image-6663\" src=\"https:\/\/blogsaverroes.juntadeandalucia.es\/ceipeuropamontequinto\/files\/2024\/02\/WhatsApp-Image-2024-02-13-at-18.08.44-240x300.jpeg\" alt=\"\" width=\"240\" height=\"300\" srcset=\"https:\/\/blogsaverroes.juntadeandalucia.es\/ceipeuropamontequinto\/files\/2024\/02\/WhatsApp-Image-2024-02-13-at-18.08.44-240x300.jpeg 240w, https:\/\/blogsaverroes.juntadeandalucia.es\/ceipeuropamontequinto\/files\/2024\/02\/WhatsApp-Image-2024-02-13-at-18.08.44.jpeg 703w\" sizes=\"(max-width: 240px) 100vw, 240px\" \/><\/p>\n","protected":false},"excerpt":{"rendered":"<p>Este a\u00f1o en nuestro cole, para conmemorar este d\u00eda, tenemos la gran suerte de contar con 4 cient\u00edficas que har\u00e1n talleres para todos los ni\u00f1os y ni\u00f1as de nuestro cole. Contaremos con Roc\u00edo Carabias&#46;&#46;&#46;<\/p>\n","protected":false},"author":3791,"featured_media":6663,"comment_status":"open","ping_status":"open","sticky":false,"template":"","format":"standard","meta":{"ngg_post_thumbnail":0,"footnotes":""},"categories":[959803],"tags":[],"aioseo_notices":[],"_links":{"self":[{"href":"https:\/\/blogsaverroes.juntadeandalucia.es\/ceipeuropamontequinto\/wp-json\/wp\/v2\/posts\/6662"}],"collection":[{"href":"https:\/\/blogsaverroes.juntadeandalucia.es\/ceipeuropamontequinto\/wp-json\/wp\/v2\/posts"}],"about":[{"href":"https:\/\/blogsaverroes.juntadeandalucia.es\/ceipeuropamontequinto\/wp-json\/wp\/v2\/types\/post"}],"author":[{"embeddable":true,"href":"https:\/\/blogsaverroes.juntadeandalucia.es\/ceipeuropamontequinto\/wp-json\/wp\/v2\/users\/3791"}],"replies":[{"embeddable":true,"href":"https:\/\/blogsaverroes.juntadeandalucia.es\/ceipeuropamontequinto\/wp-json\/wp\/v2\/comments?post=6662"}],"version-history":[{"count":1,"href":"https:\/\/blogsaverroes.juntadeandalucia.es\/ceipeuropamontequinto\/wp-json\/wp\/v2\/posts\/6662\/revisions"}],"predecessor-version":[{"id":6664,"href":"https:\/\/blogsaverroes.juntadeandalucia.es\/ceipeuropamontequinto\/wp-json\/wp\/v2\/posts\/6662\/revisions\/6664"}],"wp:featuredmedia":[{"embeddable":true,"href":"https:\/\/blogsaverroes.juntadeandalucia.es\/ceipeuropamontequinto\/wp-json\/wp\/v2\/media\/6663"}],"wp:attachment":[{"href":"https:\/\/blogsaverroes.juntadeandalucia.es\/ceipeuropamontequinto\/wp-json\/wp\/v2\/media?parent=6662"}],"wp:term":[{"taxonomy":"category","embeddable":true,"href":"https:\/\/blogsaverroes.juntadeandalucia.es\/ceipeuropamontequinto\/wp-json\/wp\/v2\/categories?post=6662"},{"taxonomy":"post_tag","embeddable":true,"href":"https:\/\/blogsaverroes.juntadeandalucia.es\/ceipeuropamontequinto\/wp-json\/wp\/v2\/tags?post=6662"}],"curies":[{"name":"wp","href":"https:\/\/api.w.org\/{rel}","templated":true}]}}