{"id":8403,"date":"2025-04-11T13:36:57","date_gmt":"2025-04-11T11:36:57","guid":{"rendered":"https:\/\/blogsaverroes.juntadeandalucia.es\/ceipeuropamontequinto\/?p=8403"},"modified":"2025-04-11T13:37:10","modified_gmt":"2025-04-11T11:37:10","slug":"enhorabuena-a-marcos-gandullo-y-cecilia-martin","status":"publish","type":"post","link":"https:\/\/blogsaverroes.juntadeandalucia.es\/ceipeuropamontequinto\/2025\/04\/11\/enhorabuena-a-marcos-gandullo-y-cecilia-martin\/","title":{"rendered":"ENHORABUENA A MARCOS GANDULLO Y CECILIA MART\u00cdN"},"content":{"rendered":"<p>Felicitamos desde aqu\u00ed a Marcos Gandullo de 2\u00ba de Primara por su primer puesto en la Carrera Escolar celebrada en el d\u00eda de ayer y a Cecilia Mart\u00edn de 3\u00ba por su tercer puesto en su categor\u00eda.<\/p>\n<p>\u00a1Enhorabuena campeones\/as!<\/p>\n<p>Y felicitamos a tambi\u00e9n a todos los ni\u00f1os y ni\u00f1as que participaron y lo disfrutaron. Lo importante siempre, es participar.<\/p>\n<p>&nbsp;<\/p>\n","protected":false},"excerpt":{"rendered":"<p>Felicitamos desde aqu\u00ed a Marcos Gandullo de 2\u00ba de Primara por su primer puesto en la Carrera Escolar celebrada en el d\u00eda de ayer y a Cecilia Mart\u00edn de 3\u00ba por su tercer puesto&#46;&#46;&#46;<\/p>\n","protected":false},"author":3791,"featured_media":8404,"comment_status":"open","ping_status":"open","sticky":false,"template":"","format":"standard","meta":{"ngg_post_thumbnail":0,"footnotes":""},"categories":[928439],"tags":[],"aioseo_notices":[],"_links":{"self":[{"href":"https:\/\/blogsaverroes.juntadeandalucia.es\/ceipeuropamontequinto\/wp-json\/wp\/v2\/posts\/8403"}],"collection":[{"href":"https:\/\/blogsaverroes.juntadeandalucia.es\/ceipeuropamontequinto\/wp-json\/wp\/v2\/posts"}],"about":[{"href":"https:\/\/blogsaverroes.juntadeandalucia.es\/ceipeuropamontequinto\/wp-json\/wp\/v2\/types\/post"}],"author":[{"embeddable":true,"href":"https:\/\/blogsaverroes.juntadeandalucia.es\/ceipeuropamontequinto\/wp-json\/wp\/v2\/users\/3791"}],"replies":[{"embeddable":true,"href":"https:\/\/blogsaverroes.juntadeandalucia.es\/ceipeuropamontequinto\/wp-json\/wp\/v2\/comments?post=8403"}],"version-history":[{"count":1,"href":"https:\/\/blogsaverroes.juntadeandalucia.es\/ceipeuropamontequinto\/wp-json\/wp\/v2\/posts\/8403\/revisions"}],"predecessor-version":[{"id":8405,"href":"https:\/\/blogsaverroes.juntadeandalucia.es\/ceipeuropamontequinto\/wp-json\/wp\/v2\/posts\/8403\/revisions\/8405"}],"wp:featuredmedia":[{"embeddable":true,"href":"https:\/\/blogsaverroes.juntadeandalucia.es\/ceipeuropamontequinto\/wp-json\/wp\/v2\/media\/8404"}],"wp:attachment":[{"href":"https:\/\/blogsaverroes.juntadeandalucia.es\/ceipeuropamontequinto\/wp-json\/wp\/v2\/media?parent=8403"}],"wp:term":[{"taxonomy":"category","embeddable":true,"href":"https:\/\/blogsaverroes.juntadeandalucia.es\/ceipeuropamontequinto\/wp-json\/wp\/v2\/categories?post=8403"},{"taxonomy":"post_tag","embeddable":true,"href":"https:\/\/blogsaverroes.juntadeandalucia.es\/ceipeuropamontequinto\/wp-json\/wp\/v2\/tags?post=8403"}],"curies":[{"name":"wp","href":"https:\/\/api.w.org\/{rel}","templated":true}]}}